{"id":371,"name":"Ioana DRAGO\u0218","url":"","description":"<b>Ioana Drago\u0219<\/b> se afl\u0103 \u00eentr-o pauz\u0103 de <i>carier\u0103<\/i>, deci \u00eentr-o perioad\u0103 \u00een care scrie mai cu spor despre orice o inspir\u0103 pe moment (mai ales despre locuri, amintiri \u0219i vise). Se concentreaz\u0103, printre altele, pe fanzine \u00een limba englez\u0103.","link":"https:\/\/revistafamilia.ro?author_name=ioanadragos","slug":"ioanadragos","avatar_urls":{"24":"https:\/\/revistafamilia.ro\/wp-content\/uploads\/2024\/12\/Ioana-Dragos-150x150.jpeg","48":"https:\/\/revistafamilia.ro\/wp-content\/uploads\/2024\/12\/Ioana-Dragos-150x150.jpeg","96":"https:\/\/revistafamilia.ro\/wp-content\/uploads\/2024\/12\/Ioana-Dragos-150x150.jpeg"},"meta":{"jetpack_donation_warning_dismissed":false},"_links":{"self":[{"href":"https:\/\/revistafamilia.ro\/index.php?rest_route=\/wp\/v2\/users\/371","targetHints":{"allow":["GET"]}}],"collection":[{"href":"https:\/\/revistafamilia.ro\/index.php?rest_route=\/wp\/v2\/users"}]}}