{"id":353,"name":"Valentina IANCU","url":"","description":"Valentina IANCU (n. 1985) are studii de istoria artei \u015fi teoria imaginii. Practica sa este hibrid\u0103, bazat\u0103 pe cercetare, \u00eemp\u0103r\u0163it\u0103 \u00eentre activit\u0103\u0163i editoriale, educa\u0163ionale, curatoriale sau de management \u015fi orientat\u0103 spre solidaritate, activism \u015fi art\u0103 politic\u0103. Dup\u0103 aproape un deceniu de activitate \u00een cadrul Muzeului Na\u0163ional de Art\u0103 al Rom\u00e2niei, unde s-a ocupat de \u00eengrijirea patrimoniului de art\u0103 rom\u00e2neasc\u0103 modern\u0103 \u015fi a semnat o serie de expozi\u0163ii de anvergur\u0103, lucreaz\u0103 acum independent, \u00eentre Bucure\u015fti \u015fi Berlin. Public\u0103 frecvent studii de istoria artei \u00een reviste din \u0163ar\u0103 \u015fi din str\u0103in\u0103tate, iar din 2011 scrie pentru <i>Revista Arta<\/i>.","link":"https:\/\/revistafamilia.ro?author_name=valentinaiancu","slug":"valentinaiancu","avatar_urls":{"24":"https:\/\/revistafamilia.ro\/wp-content\/uploads\/2024\/10\/Valentina-Iancu-c-editare-George-Rosu-150x150.jpeg","48":"https:\/\/revistafamilia.ro\/wp-content\/uploads\/2024\/10\/Valentina-Iancu-c-editare-George-Rosu-150x150.jpeg","96":"https:\/\/revistafamilia.ro\/wp-content\/uploads\/2024\/10\/Valentina-Iancu-c-editare-George-Rosu-150x150.jpeg"},"meta":{"jetpack_donation_warning_dismissed":false},"_links":{"self":[{"href":"https:\/\/revistafamilia.ro\/index.php?rest_route=\/wp\/v2\/users\/353","targetHints":{"allow":["GET"]}}],"collection":[{"href":"https:\/\/revistafamilia.ro\/index.php?rest_route=\/wp\/v2\/users"}]}}