{"id":226,"name":"M\u0103d\u0103lina C\u0102UNEAC","url":"","description":"M\u0102D\u0102LINA C\u0102UNEAC, n\u0103scut\u0103 \u00een Boto\u0219ani \u0219i mutat\u0103 \u00een Cluj-Napoca, este licen\u021biat\u0103 \u00een PR Cultural \u0219i are un master \u00een S\u0103n\u0103tate Public\u0103. \u0218i-a \u00eenceput activitatea literar\u0103 relativ t\u00e2rziu, p\u00e2n\u0103 recent schimb\u00e2nd diferite domenii de interes profesional. A debutat editorial cu volumul de poeme <i>Crisalid\u0103<\/i> (2022).","link":"https:\/\/revistafamilia.ro?author_name=madalinacauneac","slug":"madalinacauneac","avatar_urls":{"24":"https:\/\/revistafamilia.ro\/wp-content\/uploads\/2023\/02\/Cauneac-poza-150x150.jpg","48":"https:\/\/revistafamilia.ro\/wp-content\/uploads\/2023\/02\/Cauneac-poza-150x150.jpg","96":"https:\/\/revistafamilia.ro\/wp-content\/uploads\/2023\/02\/Cauneac-poza-150x150.jpg"},"meta":{"jetpack_donation_warning_dismissed":false},"_links":{"self":[{"href":"https:\/\/revistafamilia.ro\/index.php?rest_route=\/wp\/v2\/users\/226","targetHints":{"allow":["GET"]}}],"collection":[{"href":"https:\/\/revistafamilia.ro\/index.php?rest_route=\/wp\/v2\/users"}]}}