{"id":9448,"date":"2023-12-16T11:24:37","date_gmt":"2023-12-16T08:24:37","guid":{"rendered":"https:\/\/revistafamilia.ro\/?p=9448"},"modified":"2023-12-16T11:24:42","modified_gmt":"2023-12-16T08:24:42","slug":"trei-raspunsuri-despre-romanul-alergarile-unui-scriitor-de-la-autorul-lui-vasile-baghiu","status":"publish","type":"post","link":"https:\/\/revistafamilia.ro\/?p=9448","title":{"rendered":"Trei r\u0103spunsuri despre romanul \u201eAlerg\u0103rile unui scriitor\u201d de la autorul lui, Vasile Baghiu"},"content":{"rendered":"\n<h4 class=\"wp-block-heading\"><strong>1. <\/strong><strong>Cum s-a conturat ideea romanului \u201eAlerg\u0103rile unui scriitor\u201d? <\/strong><strong><\/strong><\/h4>\n\n\n\n<p>Ideea a ap\u0103rut dup\u0103 ce \u00eencepusem o serie de alerg\u0103ri \u00een \u00eencercarea de a contracara, acum aproape doi ani, mai multe probleme de s\u0103n\u0103tate (prediabet, hipertensiune arterial\u0103, obezitate, stres) care \u00eemi d\u0103deau t\u00e2rcoale, ba chiar reu\u0219iser\u0103 s\u0103 m\u0103 scoat\u0103 din circuit, la limita cu moartea, dup\u0103 o perioad\u0103 de munc\u0103 \u00een exces (dou\u0103 slujbe, plus scrisul \u0219i alte proiecte \u00een care m\u0103 implicasem cu pasiune) culminat\u0103 cu boala Covid care, doar ea singur\u0103, a fost, la \u00eenceputul anului 2021, c\u00e2t pe ce s\u0103 m\u0103 doboare.<\/p>\n\n\n\n<p>Din fericire, s-a confirmat \u0219i \u00een cazul meu c\u0103 tot ce nu te omoar\u0103 te \u00eent\u0103re\u0219te, pentru c\u0103, sc\u0103pat din ghearele hipoxemiei la limit\u0103 \u0219i revenit la situa\u021bia nesperat\u0103 de a m\u0103 deplasa singur pe propriile picioare, mi-am reg\u00e2ndit via\u021ba. Aveam de ales. Ori operam schimb\u0103ri drastice \u00een obiceiurile de via\u021b\u0103, ori ajungeam \u00een scurt timp un client statornic \u0219i f\u0103r\u0103 \u00eentoarcere al spitalelor alunec\u00e2nd vertiginos la vale spre <em>exitus.<\/em><em><\/em><\/p>\n\n\n\n<p>Mi-am verificat resursele de voin\u021b\u0103 \u0219i am ales prima variant\u0103. Mai mult, \u00een timp ce alergam, c\u00e2te 5, 7, 10 sau 20 de kilometri zilnic, \u00eentocmai ca scriitorul japonez Haruki Murakami, pe care mi-l luasem ca model, \u00eemi \u00eemp\u0103rt\u0103\u0219eam impresiile, strict pe tema alerg\u0103rilor, pe <em>Facebook<\/em>. Ei bine, notele acelea, f\u0103cute \u00een bun\u0103 parte \u00een registru tehnic, m-au f\u0103cut s\u0103 m\u0103 g\u00e2ndesc la o carte pe acel subiect. Cam cum e \u201eAutoportretul scriitorului ca alerg\u0103tor de curs\u0103 lung\u0103\u201d a lui Murakami, \u00eemi imaginam. Sau ca \u201eSingur\u0103tatea alerg\u0103torului de curs\u0103 lung\u0103\u201d a lui Silitoe. \u00cen orice caz, ceva pe aproape.<em><\/em><\/p>\n\n\n\n<p>Oricum, dac\u0103 mi s-ar fi spus atunci c\u0103 alerg\u0103rile zilnice pe care tocmai le \u00eencepusem \u0219i de care \u00eencercam din r\u0103sputeri s\u0103 m\u0103 \u021bin (mai ales c\u0103 starea mea de s\u0103n\u0103tate revenea uimitor \u00een parametri normali) vor fi pretextul \u0219i chiar substan\u021ba urm\u0103toarei c\u0103r\u021bi pe care o voi scrie, nu a\u0219 fi crezut sau a\u0219 fi privit totul cel mult cu ne\u00eencredere.<\/p>\n\n\n\n<p>Fapt este c\u0103 pe m\u0103sur\u0103 ce avansam \u00een acomodarea cu noul stil de via\u021b\u0103 autoimpus, cu alerg\u0103ri zilnice, diet\u0103 modificat\u0103, renun\u021bare la fumat \u0219i la unele excese, ideea romanului se prefigura tot mai clar.<\/p>\n\n\n\n<h4 class=\"wp-block-heading\"><strong>2. <\/strong><strong>Cum a decurs scrierea lui?<\/strong><strong><\/strong><\/h4>\n\n\n\n<p class=\"has-drop-cap\">A existat mai \u00eent\u00e2i un moment care a declan\u0219at scrisul propriu-zis, iar asta m-a pus la lucru. V\u0103z\u00e2nd notele mele despre alergare de pe <em>Facebook<\/em>, editorul-coordonator de la citestema.ro, Constantin Pi\u0219tea, m-a \u00eentrebat dac\u0103 nu a\u0219 putea s\u0103 dezvolt \u00eensemn\u0103rile acelea \u00een ni\u0219te texte mai mari (m\u0103rturii, proz\u0103 autofic\u021bional\u0103, ce doream) care s\u0103 apar\u0103 apoi \u00een foileton pe platform\u0103. Am acceptat cu entuziasm, iar din acel moment am scris, s\u0103pt\u0103m\u00e2n\u0103 de s\u0103pt\u0103m\u00e2n\u0103, \u00een vreo \u0219ase luni, baza a ceea ce avea s\u0103 fie romanul \u201eAlerg\u0103rile unui scriitor\u201d. Un roman, a\u0219adar, scris pe m\u0103sur\u0103 ce a fost tr\u0103it.<\/p>\n\n\n\n<blockquote class=\"wp-block-quote is-layout-flow wp-block-quote-is-layout-flow\">\n<p>Tr\u0103it\u0103 \u0219i scris\u0103, povestea continu\u0103, e parte din mine acum, \u00eemi reseteaz\u0103 via\u021ba mai departe.<\/p>\n<\/blockquote>\n\n\n\n<p>Din nou, la fel ca \u00een toat\u0103 poezia pe care am scris-o, tr\u0103itul \u0219i scrisul se \u00eempleteau indistinct \u0219i \u00een acest roman, ceea ce m\u0103 teleporta \u00een plin peisaj <em>himerist<\/em>.<\/p>\n\n\n\n<p>Alergam g\u00e2ndindu-m\u0103 la paginile scrise \u0219i scriam despre ceea ce \u00eemi trecea prin minte \u00een timp ce alergam. \u0218i pot s\u0103 spun c\u0103 mintea lucreaz\u0103 \u00een timp ce alergi, nu glum\u0103, \u00ee\u0219i clarific\u0103 g\u00e2nduri \u0219i idei, ca un computer pus pe defragmentare, aduce \u00eentr-o lumin\u0103 mai clar\u0103 chiar via\u021ba.<\/p>\n\n\n\n<p>Scriam cum alergam \u0219i alergam cum scriam. Experien\u021ba era foarte intens\u0103, nu doar psihologic, emo\u021bional \u0219i fizic, dar \u0219i literar, fire\u0219te, pentru c\u0103 rezultatul se contura, a\u0219a sim\u021beam, \u00eentr-o poveste pe care reu\u0219eam s\u0103 o privesc cu deta\u0219are, de la distan\u021b\u0103. Eram \u0219i nu eram eu acolo. De altfel, Himerus Alter, alter-ego-ul meu <em>himeric <\/em>de totdeauna, care \u00ee\u0219i atribuie paternitatea \u00eensemn\u0103rilor, m\u0103 b\u00e2rfe\u0219te pe c\u00e2teva pagini acolo, ceea ce nu m\u0103 deranjeaz\u0103 nici acum c\u00e2tu\u0219i de pu\u021bin.<\/p>\n\n\n\n<p>Sim\u021beam cum alerg\u0103rile \u00eemi limpezeau idei, g\u00e2nduri, sentimente, situa\u021bii de via\u021b\u0103, planuri, iar scrisul m\u0103 motiva \u0219i mai mult \u00een ie\u0219irile pe str\u0103zi, pe stadion, prin p\u0103duri, pe maluri de r\u00e2uri \u0219i pe alte coclauri.<\/p>\n\n\n\n<p>\u00cencepusem s\u0103 particip \u0219i la competi\u021biile de trail montan \u0219i de alerg\u0103ri pe plat. \u00cen parantez\u0103 fie spus, recent am reu\u0219it isprava primului meu maraton (42 km) la Istanbul, iar acesta este, poate, un alt episod pe care ar trebui s\u0103-l prind \u00eentr-o carte.<\/p>\n\n\n\n<blockquote class=\"wp-block-quote is-layout-flow wp-block-quote-is-layout-flow\">\n<p>Am avut mereu sentimentul, pe m\u0103sur\u0103 ce \u00eenaintam \u00een substan\u021ba c\u0103r\u021bii, c\u0103 scriam un roman despre primele \u00eent\u00e2lniri cu b\u0103tr\u00e2ne\u021bea.<\/p>\n<\/blockquote>\n\n\n\n<p>Reu\u0219eam s\u0103 vin cu un capitol nou \u00een fiecare s\u00e2mb\u0103t\u0103 diminea\u021ba la ora nou\u0103, un lucru pe care cititorii, care nu erau deloc pu\u021bini, apreciau de fiecare dat\u0103. M\u0103 aflam astfel \u00een plin experiment al \u201escrisului live\u201d, \u00een care scriitor \u0219i cititori asistam \u00eempreun\u0103 la conturarea unei pove\u0219ti de roman, la scrierea a ceea ce am numit \u00een final \u201eroman de jurnal poetic himerist\u201d.&nbsp;&nbsp;<\/p>\n\n\n\n<p>\u00cen sf\u00e2r\u0219it, tr\u0103it\u0103 \u0219i scris\u0103, povestea continu\u0103, e parte din mine acum, \u00eemi reseteaz\u0103 via\u021ba mai departe.<\/p>\n\n\n\n<h4 class=\"wp-block-heading\"><strong>3. <\/strong><strong>Cum v\u0103 dori\u021bi s\u0103 fie citit romanul \u201eAlerg\u0103rile unui scriitor\u201d?<\/strong><\/h4>\n\n\n\n<p class=\"has-drop-cap\">Mai \u00eent\u00e2i, a\u0219 spune c\u0103 nu a\u0219 dori s\u0103 fie v\u0103zut ca o scriere autobiografic\u0103, de\u0219i \u00een parte este \u0219i asta, ci mai mult ca un roman de auto-fic\u021biune, cum \u0219i este, \u00een care sunt topite \u00een magma fic\u021bional\u0103 tr\u0103iri \u0219i experien\u021be de la firul ierbii.<\/p>\n\n\n\n<p>Apoi, a\u0219 vrea s\u0103 adaug c\u0103 am avut mereu sentimentul, pe m\u0103sur\u0103 ce \u00eenaintam \u00een substan\u021ba c\u0103r\u021bii, c\u0103 scriam un roman despre primele \u00eent\u00e2lniri cu b\u0103tr\u00e2ne\u021bea. Nu \u0219tiu, mi se pare c\u0103 a ie\u0219it \u0219i o carte despre alunecarea u\u0219oar\u0103 pe toboganul v\u00e2rstei. Personajul se afl\u0103 la grani\u021ba de trecere, \u00een care planuri \u0219i idealuri \u00eenc\u0103 \u00eei st\u00e2rnesc interesul, dar care prime\u0219te \u0219i semnale despre trecerea timpului \u0219i altele de acest fel.<\/p>\n\n\n\n<blockquote class=\"wp-block-quote is-layout-flow wp-block-quote-is-layout-flow\">\n<p>Cartea aceasta mi se pare c\u0103 spune ceva despre alegerile pe care le facem \u0219i care ne duc \u00een final pe un culoar de alergare numai al nostru.<\/p>\n<\/blockquote>\n\n\n\n<p>Mai mult, m\u0103 g\u00e2ndesc c\u0103 incursiunea ocazional\u0103 pe care personajul-alerg\u0103tor o face prin c\u00e2teva medii social-profesionale (medicale, educa\u021bionale, literar-culturale) \u0219i unele c\u0103l\u0103torii care s-au infiltrat \u00een toat\u0103 povestea fac romanul acesta s\u0103 poat\u0103 fi privit \u0219i ca o transcriere a unor buc\u0103\u021bi din realitatea epocii noastre.<\/p>\n\n\n\n<p>Indiferent \u00eens\u0103 de dorin\u021ba mea, cartea aceasta mi se pare c\u0103 spune ceva despre alegerile pe care le facem \u0219i care ne duc \u00een final pe un culoar de alergare numai al nostru.<\/p>\n","protected":false},"excerpt":{"rendered":"<p>1. Cum s-a conturat ideea romanului \u201eAlerg\u0103rile unui scriitor\u201d? Ideea a ap\u0103rut dup\u0103 ce \u00eencepusem o serie de alerg\u0103ri \u00een \u00eencercarea de a contracara, acum aproape doi ani, mai multe probleme de s\u0103n\u0103tate (prediabet, hipertensiune arterial\u0103, obezitate, stres) care \u00eemi d\u0103deau t\u00e2rcoale, ba chiar reu\u0219iser\u0103 s\u0103 m\u0103 scoat\u0103 din circuit, la limita cu moartea, dup\u0103 o perioad\u0103 de munc\u0103 \u00een exces (dou\u0103 slujbe, plus scrisul \u0219i alte proiecte \u00een care m\u0103 implicasem cu pasiune) culminat\u0103 cu boala Covid care, doar ea singur\u0103, a fost, la \u00eenceputul anului 2021, c\u00e2t pe ce s\u0103 m\u0103 doboare. Din fericire, s-a confirmat \u0219i \u00een<\/p>\n","protected":false},"author":2,"featured_media":9449,"comment_status":"open","ping_status":"closed","sticky":false,"template":"","format":"standard","meta":{"_jetpack_memberships_contains_paid_content":false,"footnotes":""},"categories":[1616],"tags":[1967,1617,1968,132,168,1966],"coauthors":[1278],"class_list":["post-9448","post","type-post","status-publish","format-standard","has-post-thumbnail","hentry","category-cum","tag-alergarile-unui-scriitor","tag-cum","tag-editura-eikon","tag-interviu","tag-roman","tag-vasile-baghiu"],"jetpack_featured_media_url":"https:\/\/revistafamilia.ro\/wp-content\/uploads\/2023\/12\/CUM-Vasile-Baghiu-Alergarile-2560-\u00d7-1440-px.jpg","jetpack_sharing_enabled":true,"_links":{"self":[{"href":"https:\/\/revistafamilia.ro\/index.php?rest_route=\/wp\/v2\/posts\/9448","targetHints":{"allow":["GET"]}}],"collection":[{"href":"https:\/\/revistafamilia.ro\/index.php?rest_route=\/wp\/v2\/posts"}],"about":[{"href":"https:\/\/revistafamilia.ro\/index.php?rest_route=\/wp\/v2\/types\/post"}],"author":[{"embeddable":true,"href":"https:\/\/revistafamilia.ro\/index.php?rest_route=\/wp\/v2\/users\/2"}],"replies":[{"embeddable":true,"href":"https:\/\/revistafamilia.ro\/index.php?rest_route=%2Fwp%2Fv2%2Fcomments&post=9448"}],"version-history":[{"count":1,"href":"https:\/\/revistafamilia.ro\/index.php?rest_route=\/wp\/v2\/posts\/9448\/revisions"}],"predecessor-version":[{"id":9451,"href":"https:\/\/revistafamilia.ro\/index.php?rest_route=\/wp\/v2\/posts\/9448\/revisions\/9451"}],"wp:featuredmedia":[{"embeddable":true,"href":"https:\/\/revistafamilia.ro\/index.php?rest_route=\/wp\/v2\/media\/9449"}],"wp:attachment":[{"href":"https:\/\/revistafamilia.ro\/index.php?rest_route=%2Fwp%2Fv2%2Fmedia&parent=9448"}],"wp:term":[{"taxonomy":"category","embeddable":true,"href":"https:\/\/revistafamilia.ro\/index.php?rest_route=%2Fwp%2Fv2%2Fcategories&post=9448"},{"taxonomy":"post_tag","embeddable":true,"href":"https:\/\/revistafamilia.ro\/index.php?rest_route=%2Fwp%2Fv2%2Ftags&post=9448"},{"taxonomy":"author","embeddable":true,"href":"https:\/\/revistafamilia.ro\/index.php?rest_route=%2Fwp%2Fv2%2Fcoauthors&post=9448"}],"curies":[{"name":"wp","href":"https:\/\/api.w.org\/{rel}","templated":true}]}}