{"id":9199,"date":"2023-12-06T10:49:05","date_gmt":"2023-12-06T07:49:05","guid":{"rendered":"https:\/\/revistafamilia.ro\/?p=9199"},"modified":"2023-12-06T10:49:12","modified_gmt":"2023-12-06T07:49:12","slug":"ioan-moldovan-la-pragul-vaida-7","status":"publish","type":"post","link":"https:\/\/revistafamilia.ro\/?p=9199","title":{"rendered":"Ioan Moldovan la Pragul Vaida #7"},"content":{"rendered":"\n<p><strong>Revista de cultur\u0103 \u201eFamilia\u201d<\/strong> \u00een colaborare cu <strong>Revista \u201eGolan\u201d<\/strong> v\u0103 invit\u0103 la cea din urm\u0103 lectur\u0103 a acestui an purt\u00e2nd marca clubului <strong>Pragul Vaida<\/strong>. Edi\u021bia a 7-a \u00eel va avea protagonist pe <strong>Ioan Moldovan<\/strong>, unul dintre cei mai \u00eendr\u0103gi\u021bi poe\u021bi optzeci\u0219ti la ora actual\u0103. Fost redactor-\u0219ef \u0219i apoi director al Revistei de cultur\u0103 \u201eFamilia\u201d (seria a V-a), Ioan Moldovan s-a n\u0103scut \u00een 21 martie 1952, \u00een satul Mure\u0219enii de C\u00e2mpie, comuna Sava (ast\u0103zi: P\u0103latca), jude\u021bul Cluj. Prima sa carte, <em>Via\u021ba f\u0103r\u0103 nume<\/em>, \u00eei apare \u00een 1980; acesteia i-au urmat alte dou\u0103sprezece de poezie: <em>Exerci\u021bii de transparen\u021b\u0103<\/em> (1983), <em>Insomnii l\u00e2ng\u0103 mun\u021bi<\/em> (1989), <em>Arta r\u0103bd\u0103rii<\/em> (1993), <em>Tratat de oboseal\u0103<\/em> (1999), <em>Interioarele nebune<\/em> (2002), <em>Cel\u0103lalt pe\u0219te<\/em> (2005), <em>Recapitulare<\/em> (2010), <em>Mainimicul<\/em> (2010), <em>Timpuri crimordiale<\/em> (2014), <em>Multe ar mai fi de spus<\/em> (2019), <em>Via\u021ba f\u0103r\u0103 lume<\/em> (2020) \u0219i <em>Azi<\/em> (2023). Este membru al Uniunii Scriitorilor din Rom\u00e2nia, al ASPRO \u0219i al PEN-Clubului Rom\u00e2n. Multipremiat.<\/p>\n\n\n\n<p>Lectura va avea loc \u00een <strong>11 decembrie<\/strong>, de la ora <strong>18:00<\/strong>, la <strong>Moszkva Caf\u00e9<\/strong> (str. Moscovei, nr. 12), Oradea. Gazdele evenimentului vor fi <strong>Radu Bejan<\/strong> \u0219i <strong>Anca Zaharia<\/strong>, iar moderatorul serii, <strong>Mih\u00f3k Tam\u00e1s<\/strong>.<\/p>\n\n\n\n<p>Clubul de lectur\u0103 Pragul Vaida \u00eencurajeaz\u0103 manifestarea critic\u0103 a publicului, \u00eens\u0103 atacurile la persoan\u0103 nu sunt tolerate. Participarea la eveniment este gratuit\u0103 \u0219i se face (preferabil, nu obligatoriu) pe baz\u0103 de rezervare prin trimiterea unui mail cu numele celor interesa\u021bi la adresa: <a href=\"mailto:pragul.vaida@gmail.com\">pragul.vaida@gmail.com<\/a><\/p>\n\n\n\n<p>Mul\u021bumit\u0103 Libr\u0103riei C\u0103rture\u0219ti Oradea, la fa\u021ba locului vor putea fi achizi\u021bionate c\u0103r\u021bi semnate de Ioan Moldovan, precum \u0219i alte volume de poezie.<\/p>\n\n\n\n<p>Parteneri Pragul Vaida: <strong>C\u0103rture\u0219ti Oradea<\/strong>, <strong>Facultatea de Litere a Universit\u0103\u021bii din Oradea<\/strong>, <strong>ancazaharia.ro<\/strong><\/p>\n","protected":false},"excerpt":{"rendered":"<p>La edi\u021bia a 7-a a Pragului Vaida va citi poetul Ioan Moldovan.<\/p>\n","protected":false},"author":2,"featured_media":9200,"comment_status":"open","ping_status":"open","sticky":false,"template":"","format":"standard","meta":{"_jetpack_memberships_contains_paid_content":false,"footnotes":""},"categories":[1580,65],"tags":[1562,1559,8,107,1583,9,1556,119],"coauthors":[1278],"class_list":["post-9199","post","type-post","status-publish","format-standard","has-post-thumbnail","hentry","category-pragul-vaida","category-stiri-si-anunturi","tag-anca-zaharia","tag-club-de-lectura","tag-ioan-moldovan","tag-mihok-tamas","tag-moszkva-cafe","tag-poezie","tag-pragul-vaida","tag-radu-bejan"],"jetpack_featured_media_url":"https:\/\/revistafamilia.ro\/wp-content\/uploads\/2023\/12\/PV7-afis-scaled.jpg","jetpack_sharing_enabled":true,"_links":{"self":[{"href":"https:\/\/revistafamilia.ro\/index.php?rest_route=\/wp\/v2\/posts\/9199","targetHints":{"allow":["GET"]}}],"collection":[{"href":"https:\/\/revistafamilia.ro\/index.php?rest_route=\/wp\/v2\/posts"}],"about":[{"href":"https:\/\/revistafamilia.ro\/index.php?rest_route=\/wp\/v2\/types\/post"}],"author":[{"embeddable":true,"href":"https:\/\/revistafamilia.ro\/index.php?rest_route=\/wp\/v2\/users\/2"}],"replies":[{"embeddable":true,"href":"https:\/\/revistafamilia.ro\/index.php?rest_route=%2Fwp%2Fv2%2Fcomments&post=9199"}],"version-history":[{"count":1,"href":"https:\/\/revistafamilia.ro\/index.php?rest_route=\/wp\/v2\/posts\/9199\/revisions"}],"predecessor-version":[{"id":9202,"href":"https:\/\/revistafamilia.ro\/index.php?rest_route=\/wp\/v2\/posts\/9199\/revisions\/9202"}],"wp:featuredmedia":[{"embeddable":true,"href":"https:\/\/revistafamilia.ro\/index.php?rest_route=\/wp\/v2\/media\/9200"}],"wp:attachment":[{"href":"https:\/\/revistafamilia.ro\/index.php?rest_route=%2Fwp%2Fv2%2Fmedia&parent=9199"}],"wp:term":[{"taxonomy":"category","embeddable":true,"href":"https:\/\/revistafamilia.ro\/index.php?rest_route=%2Fwp%2Fv2%2Fcategories&post=9199"},{"taxonomy":"post_tag","embeddable":true,"href":"https:\/\/revistafamilia.ro\/index.php?rest_route=%2Fwp%2Fv2%2Ftags&post=9199"},{"taxonomy":"author","embeddable":true,"href":"https:\/\/revistafamilia.ro\/index.php?rest_route=%2Fwp%2Fv2%2Fcoauthors&post=9199"}],"curies":[{"name":"wp","href":"https:\/\/api.w.org\/{rel}","templated":true}]}}