{"id":9195,"date":"2023-12-06T08:00:00","date_gmt":"2023-12-06T05:00:00","guid":{"rendered":"https:\/\/revistafamilia.ro\/?p=9195"},"modified":"2023-12-06T17:58:56","modified_gmt":"2023-12-06T14:58:56","slug":"trei-raspunsuri-despre-romanul-teoria-fricii-de-la-autorul-lui-iulian-tanase","status":"publish","type":"post","link":"https:\/\/revistafamilia.ro\/?p=9195","title":{"rendered":"Trei r\u0103spunsuri despre romanul \u201eTeoria fricii\u201d de la autorul lui, Iulian T\u0103nase"},"content":{"rendered":"\n<h4 class=\"wp-block-heading\">1. Cum s-a conturat ideea romanului \u201eTeoria fricii\u201d?<\/h4>\n\n\n\n<p>Lent. A fost un proces lent, care a durat vreo doi ani \u0219i ceva, timp \u00een care am consumat mult stand-up comedy, fie pe Netflix, fie prin cluburile de comedie din Bucure\u0219ti sau la Sala Palatului. Un moment important \u00een ecua\u021bia asta a fost atunci c\u00eend Costel mi-a devenit coleg de podcast, la RSS Reloaded. Asta se \u00eent\u00eempla \u00een august 2020. Costel e unul dintre cei mai buni comedian\u021bi de <em>stand-up <\/em>din Rom\u00e2nia. E \u0219i un foarte bun <em>storyteller.<\/em> Datorit\u0103 lui am ajuns s\u0103-mi privesc \u00een cheie comic\u0103 anumite experien\u021be. Nu toate experien\u021bele astea au fost amuzante atunci c\u00eend le-am tr\u0103it. Doar c\u0103 distan\u021ba \u00een timp ajut\u0103. C\u00eend m-am apucat de scris primul draft, asta se \u00eent\u00eempla \u00een noiembrie, anul trecut, aveam deja zeci de ciorne. Ciornele s\u00eent al naibii de importante. A\u0219 putea s\u0103 scriu o carte despre importan\u021ba ciornelor. <em>Elogiu ciornei vitrege,<\/em> de exemplu. Sau, dac\u0103 a\u0219 fi bogat, i-a\u0219 comanda unui sculptor o statuie ecvestr\u0103: un scriitor c\u0103lare pe o ciorn\u0103. Sau, poate, o ciorn\u0103 c\u0103lare pe un scriitor.<\/p>\n\n\n\n<p>Faza e c\u0103, ini\u021bial, tot ce voiam era s\u0103 scriu o carte comic\u0103. O carte explicit de comedie, \u00een care s\u0103-mi permit s\u0103 fiu c\u00eet se poate de liber. \u0218i mai voiam ceva: s\u0103 \u00eencruci\u0219ez dou\u0103 specii, stand-up comedy \u0219i literatura, \u0219i din \u00eencruci\u0219area asta s\u0103 se nasc\u0103 un nou tip de scriitur\u0103 \u2013 chestia asta mi-a reu\u0219it doar par\u021bial, \u00eens\u0103 nici n-am insistat, pentru c\u0103 m-a interesat mai mult s\u0103 scriu o carte de literatur\u0103 dec\u00eet ni\u0219te pagini \u00een care s\u0103 listez ni\u0219te glume \u0219i-at\u00eet. <em>Teoria fricii<\/em> e cearta mea cu literatura, dar \u0219i o declara\u021bie de dragoste pentru ea.<\/p>\n\n\n\n<h4 class=\"wp-block-heading\">2. Cum a decurs scrierea lui?<\/h4>\n\n\n\n<p class=\"has-drop-cap\">Primul draft l-am scris \u00een mare vitez\u0103, \u00een vreo patru luni \u0219i jum\u0103tate, asta \u0219i datorit\u0103 zecilor de ciorne pe care le aveam deja, dar \u0219i pentru c\u0103 eu lucrez \u2013 cum bine a observat prietenul meu Remus \u2013 ca un maniac. A urmat un al doilea draft, care mi-a mai luat o lun\u0103, apoi un al treilea, \u00eenc\u0103 o lun\u0103. Abia \u00een timpul scrierii celui de-al treilea draft am sim\u021bit c\u0103 frica devine personaj, c\u0103 e prezent\u0103 chiar \u0219i-atunci c\u00eend e absent\u0103, \u0219i am l\u0103sat-o s\u0103-\u0219i fac\u0103 de cap. A\u0219a mi-a venit \u0219i ideea titlului, <em>Teoria fricii.<\/em><\/p>\n\n\n\n<p>Pe partea de redactare, am fost norocos s\u0103 lucrez cu Ioana V\u0103c\u0103rescu. Ioana m-a pus s\u0103 tai foarte mult, s\u0103 rescriu, dar \u0219i s\u0103 scriu texte noi. M-am executat f\u0103r\u0103 s\u0103 cr\u00eecnesc prea mult. N-a fost simplu, \u00eens\u0103 am avut mereu \u00een minte binele superior al c\u0103r\u021bii, ca s\u0103 zic a\u0219a. Lec\u021bia pe care mi-am luat-o din interac\u021biunea cu Ioana a fost c\u0103 scriitorii ar trebui s\u0103-\u0219i trimit\u0103 egoul la plimbare \u00een faza de redactare a c\u0103r\u021bii. Sper c\u0103 egoul meu s-a bucurat de acea plimbare, care a durat, practic, vreo c\u00eeteva luni, timp \u00een care romanul a avut parte de trei r\u00eenduri de redactare.<\/p>\n\n\n\n<h4 class=\"wp-block-heading\">3. Cum v\u0103 dori\u021bi s\u0103 fie citit romanul \u201eTeoria fricii\u201d?<\/h4>\n\n\n\n<p class=\"has-drop-cap\">Romanul \u0103sta nu e neap\u0103rat vesel, chiar dac\u0103 are mult umor. Mi-a\u0219 dori ca oamenii s\u0103 r\u00eed\u0103, acolo unde e de r\u00ees, dar \u0219i s\u0103 pl\u00eeng\u0103, acolo unde e de pl\u00eens. Ca scriitor, \u00eemi face mare pl\u0103cere s\u0103-i fac pe oameni s\u0103 r\u00eed\u0103 \u0219i s\u0103 pl\u00eeng\u0103.<\/p>\n","protected":false},"excerpt":{"rendered":"<p>1. Cum s-a conturat ideea romanului \u201eTeoria fricii\u201d? Lent. A fost un proces lent, care a durat vreo doi ani \u0219i ceva, timp \u00een care am consumat mult stand-up comedy, fie pe Netflix, fie prin cluburile de comedie din Bucure\u0219ti sau la Sala Palatului. Un moment important \u00een ecua\u021bia asta a fost atunci c\u00eend Costel mi-a devenit coleg de podcast, la RSS Reloaded. Asta se \u00eent\u00eempla \u00een august 2020. Costel e unul dintre cei mai buni comedian\u021bi de stand-up din Rom\u00e2nia. E \u0219i un foarte bun storyteller. Datorit\u0103 lui am ajuns s\u0103-mi privesc \u00een cheie comic\u0103 anumite experien\u021be. Nu toate<\/p>\n","protected":false},"author":2,"featured_media":9196,"comment_status":"open","ping_status":"closed","sticky":false,"template":"","format":"standard","meta":{"_jetpack_memberships_contains_paid_content":false,"footnotes":""},"categories":[1616],"tags":[1617,418,132,1917,168,1918],"coauthors":[1278],"class_list":["post-9195","post","type-post","status-publish","format-standard","has-post-thumbnail","hentry","category-cum","tag-cum","tag-editura-trei","tag-interviu","tag-iulian-tanase","tag-roman","tag-teoria-fricii"],"jetpack_featured_media_url":"https:\/\/revistafamilia.ro\/wp-content\/uploads\/2023\/12\/CUM-Iulian-Tanase-Teoria-fricii-2560-\u00d7-1440-px.jpg","jetpack_sharing_enabled":true,"_links":{"self":[{"href":"https:\/\/revistafamilia.ro\/index.php?rest_route=\/wp\/v2\/posts\/9195","targetHints":{"allow":["GET"]}}],"collection":[{"href":"https:\/\/revistafamilia.ro\/index.php?rest_route=\/wp\/v2\/posts"}],"about":[{"href":"https:\/\/revistafamilia.ro\/index.php?rest_route=\/wp\/v2\/types\/post"}],"author":[{"embeddable":true,"href":"https:\/\/revistafamilia.ro\/index.php?rest_route=\/wp\/v2\/users\/2"}],"replies":[{"embeddable":true,"href":"https:\/\/revistafamilia.ro\/index.php?rest_route=%2Fwp%2Fv2%2Fcomments&post=9195"}],"version-history":[{"count":1,"href":"https:\/\/revistafamilia.ro\/index.php?rest_route=\/wp\/v2\/posts\/9195\/revisions"}],"predecessor-version":[{"id":9198,"href":"https:\/\/revistafamilia.ro\/index.php?rest_route=\/wp\/v2\/posts\/9195\/revisions\/9198"}],"wp:featuredmedia":[{"embeddable":true,"href":"https:\/\/revistafamilia.ro\/index.php?rest_route=\/wp\/v2\/media\/9196"}],"wp:attachment":[{"href":"https:\/\/revistafamilia.ro\/index.php?rest_route=%2Fwp%2Fv2%2Fmedia&parent=9195"}],"wp:term":[{"taxonomy":"category","embeddable":true,"href":"https:\/\/revistafamilia.ro\/index.php?rest_route=%2Fwp%2Fv2%2Fcategories&post=9195"},{"taxonomy":"post_tag","embeddable":true,"href":"https:\/\/revistafamilia.ro\/index.php?rest_route=%2Fwp%2Fv2%2Ftags&post=9195"},{"taxonomy":"author","embeddable":true,"href":"https:\/\/revistafamilia.ro\/index.php?rest_route=%2Fwp%2Fv2%2Fcoauthors&post=9195"}],"curies":[{"name":"wp","href":"https:\/\/api.w.org\/{rel}","templated":true}]}}