{"id":7815,"date":"2023-06-19T11:06:05","date_gmt":"2023-06-19T08:06:05","guid":{"rendered":"https:\/\/revistafamilia.ro\/?p=7815"},"modified":"2023-06-19T11:06:10","modified_gmt":"2023-06-19T08:06:10","slug":"trei-raspunsuri-despre-volumul-cameleonul-cami-pleaca-in-tibet-de-la-autoarea-lui-luminita-corneanu","status":"publish","type":"post","link":"https:\/\/revistafamilia.ro\/?p=7815","title":{"rendered":"Trei r\u0103spunsuri despre volumul \u201eCameleonul Cami pleac\u0103 \u00een Tibet\u201d de la autoarea lui, Lumini\u021ba Corneanu"},"content":{"rendered":"\n<h4 class=\"wp-block-heading\">1. Cum s-a conturat ideea volumului \u201eCameleonul Cami pleac\u0103 \u00een Tibet\u201d?<\/h4>\n\n\n\n<p>Cami a venit peste mine pe nepreg\u0103tite. Se \u00eent\u00e2mpla \u00een vara 2020, \u00een lunile cele mai grele ale pandemiei, c\u00e2nd st\u0103team izola\u021bi \u0219i nu aveam voie s\u0103 ne vedem dec\u00e2t rar unii cu al\u021bii. Eu locuiam pe atunci la Bruxelles, un ora\u0219 \u00een care virusul a f\u0103cut ravagii \u00eencep\u00e2nd cu luna martie a acelui an. Din acest motiv, <em>lockdown<\/em>-ul bruxellez a fost foarte dur: aveam voie s\u0103 ne vedem cu o singur\u0103 persoan\u0103 sau familie pe s\u0103pt\u0103m\u00e2n\u0103. Dar asta s-a \u00eent\u00e2mplat abia prin var\u0103; la \u00eenceput am stat singur\u0103-cuc. De\u0219i prietenii mei locuiau \u00een acela\u0219i cartier, ne puteam vedea pu\u021bin, \u00een fa\u021ba casei sau la o scurt\u0103 plimbare.<\/p>\n\n\n\n<p>\u00centre ace\u0219ti c\u00e2\u021biva prieteni se num\u0103rau dou\u0103 feti\u021be minunate, Anna \u0219i Elin, \u00een v\u00e2rst\u0103, pe atunci, de 3 ani \u0219i jum\u0103tate, respectiv un an \u0219i jum\u0103tate. Ei bine, \u00eentr-o zi \u00een care eram \u00een vizit\u0103 la ele \u0219i la p\u0103rin\u021bii lor, Anna mi-a cerut s\u0103-i desenez un cameleon. M\u0103 pricep bini\u0219or la iepura\u0219i, c\u0103\u021bei \u0219i pisici, dar cameleonul m-a pus \u00een \u00eencurc\u0103tur\u0103. Am scos telefonul, am c\u0103utat cameleoni desena\u021bi \u0219i atunci Anna a ales drept model cel mai colorat cameleon de pe tot internetul. Apoi mi-a cerut s\u0103-i desenez o carte. Pe copert\u0103, am f\u0103cut o ilustra\u021bie cu ea \u0219i sora ei. \u00cen drumul spre cas\u0103, mi se tot \u00eenv\u00e2rteau prin cap aceste no\u021biuni: carte-cameleon-feti\u021be-gr\u0103dini\u021b\u0103. Ce-ar fi dac\u0103 un cameleon ar fi coleg cu Anna? \u0218i ce poate s\u0103 vrea un cameleon care trebuie s\u0103 mearg\u0103 zi de zi la gr\u0103di? R\u0103spunsul n-a fost greu de g\u0103sit. Seara, am \u00eenceput s\u0103 scriu, pe ni\u0219te <em>post-it<\/em>-uri, textul, care a purtat o vreme numele \u201eAnna \u0219i cameleonul Cami\u201d. L-am scris cu enorm\u0103 pl\u0103cere, bucur\u00e2ndu-m\u0103 la fiecare pas de culoarea, ac\u021biunea \u0219i sonoritatea textului. Uite cum \u00eencepe:<\/p>\n\n\n\n<p>\u201eCameleonul Cami s-a trezit deun\u0103zi \u0219i \u0219i-a zis n\u0103uc:<br>\u2014 Eu la gr\u0103dini\u021b\u0103 nu m\u0103 mai duc!\u00a0<br>Nu mai suport s\u0103 fac ce zice doamna educatoare!<br>Nu mai vreau croasante cu gem \u0219i ceai la gustare!<br>Nu mai vreau s\u0103 colorez foile pe care mi le d\u0103 doamna \u0219i mi le verific\u0103 tata!<br>Nu mai vreau s\u0103 \u00eenv\u0103\u021b literele \u0219i cifrele! Gata!&#8221;<\/p>\n\n\n\n<h4 class=\"wp-block-heading\">2. Cum a decurs scrierea lui?<\/h4>\n\n\n\n<p class=\"has-drop-cap\">Ini\u021bial nu m-am g\u00e2ndit s\u0103 scriu un poem. Dar c\u00e2nd am transcris de pe <em>post-it<\/em>-uri, am remarcat c\u0103 primele dou\u0103 fraze rimau. \u0218i atunci mi-am zis: \u201ece-ar fi dac\u0103?\u201d Am rescris noti\u021bele, astfel \u00eenc\u00e2t s\u0103 rimeze, \u0219i am continuat. Am pus punct dup\u0103 vreo dou\u0103zeci-treizeci de versuri, am recitit \u0219i-am zis: \u201eHai, c\u0103 merge!\u201d Apoi am scris \u00een ritm constant, c\u00e2te patru-cinci versuri seara, dup\u0103 ce-mi \u00eencheiam ziua de lucru. O astfel de zi includea legisla\u021bie, chestiuni administrative, organizare de evenimente \u201eserioase\u201d, a\u0219a c\u0103 abia a\u0219teptam s\u0103 \u00eenchid capacul laptopului, s\u0103 m\u0103 tr\u00e2ntesc pe canapea \u0219i s\u0103 v\u0103d \u00eencotro apuc\u0103 z\u0103p\u0103citul de Cami (scriam pe telefon). Surprinz\u0103tor pentru mine, mi-a fost destul de u\u0219or s\u0103 scriu \u00een versuri, ba chiar rima m-a dus \u00een ni\u0219te locuri neb\u0103nuite (\u0219i pe Cami odat\u0103 cu mine).<\/p>\n\n\n\n<h4 class=\"wp-block-heading\">3. Cum v\u0103 dori\u021bi s\u0103 fie citit volumul \u201eCameleonul Cami pleac\u0103 \u00een Tibet\u201d?&nbsp;<\/h4>\n\n\n\n<p class=\"has-drop-cap\">Textul le este dedicat copiilor mici, de gr\u0103dini\u021b\u0103 \u0219i \u0219coal\u0103 primar\u0103. Mi-ar pl\u0103cea ca fiecare copil s\u0103 se identifice cu un personaj: cu \u0219turlubaticul Cami, cu Anna cea timid\u0103, cu Pe\u0219tele cel tem\u0103tor sau cu Pisica, ceva mai \u00een\u021beleapt\u0103, s\u0103-\u0219i imagineze aventura celor trei, s\u0103 \u00eenchid\u0103 ochii, s\u0103 asculte bine-bine textul \u0219i s\u0103 fac\u0103 o mic\u0103 magie (orice copil poate!).<\/p>\n","protected":false},"excerpt":{"rendered":"<p>\u201eSurprinz\u0103tor pentru mine, mi-a fost destul de u\u0219or s\u0103 scriu \u00een versuri, ba chiar rima m-a dus \u00een ni\u0219te locuri neb\u0103nuite (\u0219i pe Cami odat\u0103 cu mine).\u201d<\/p>\n","protected":false},"author":2,"featured_media":7818,"comment_status":"open","ping_status":"closed","sticky":false,"template":"","format":"standard","meta":{"_jetpack_memberships_contains_paid_content":false,"footnotes":""},"categories":[1616],"tags":[1711,95,1617,332,132,310],"coauthors":[1278],"class_list":["post-7815","post","type-post","status-publish","format-standard","has-post-thumbnail","hentry","category-cum","tag-cameleonul-cami-pleaca-in-tibet","tag-cartea-pentru-copii","tag-cum","tag-editura-arthur","tag-interviu","tag-luminita-corneanu"],"jetpack_featured_media_url":"https:\/\/revistafamilia.ro\/wp-content\/uploads\/2023\/06\/CUM-Luminita-Corneanu-Cameleonul-Cami-2560-\u00d7-1440-px.jpg","jetpack_sharing_enabled":true,"_links":{"self":[{"href":"https:\/\/revistafamilia.ro\/index.php?rest_route=\/wp\/v2\/posts\/7815","targetHints":{"allow":["GET"]}}],"collection":[{"href":"https:\/\/revistafamilia.ro\/index.php?rest_route=\/wp\/v2\/posts"}],"about":[{"href":"https:\/\/revistafamilia.ro\/index.php?rest_route=\/wp\/v2\/types\/post"}],"author":[{"embeddable":true,"href":"https:\/\/revistafamilia.ro\/index.php?rest_route=\/wp\/v2\/users\/2"}],"replies":[{"embeddable":true,"href":"https:\/\/revistafamilia.ro\/index.php?rest_route=%2Fwp%2Fv2%2Fcomments&post=7815"}],"version-history":[{"count":1,"href":"https:\/\/revistafamilia.ro\/index.php?rest_route=\/wp\/v2\/posts\/7815\/revisions"}],"predecessor-version":[{"id":7820,"href":"https:\/\/revistafamilia.ro\/index.php?rest_route=\/wp\/v2\/posts\/7815\/revisions\/7820"}],"wp:featuredmedia":[{"embeddable":true,"href":"https:\/\/revistafamilia.ro\/index.php?rest_route=\/wp\/v2\/media\/7818"}],"wp:attachment":[{"href":"https:\/\/revistafamilia.ro\/index.php?rest_route=%2Fwp%2Fv2%2Fmedia&parent=7815"}],"wp:term":[{"taxonomy":"category","embeddable":true,"href":"https:\/\/revistafamilia.ro\/index.php?rest_route=%2Fwp%2Fv2%2Fcategories&post=7815"},{"taxonomy":"post_tag","embeddable":true,"href":"https:\/\/revistafamilia.ro\/index.php?rest_route=%2Fwp%2Fv2%2Ftags&post=7815"},{"taxonomy":"author","embeddable":true,"href":"https:\/\/revistafamilia.ro\/index.php?rest_route=%2Fwp%2Fv2%2Fcoauthors&post=7815"}],"curies":[{"name":"wp","href":"https:\/\/api.w.org\/{rel}","templated":true}]}}