{"id":7812,"date":"2023-06-19T10:56:06","date_gmt":"2023-06-19T07:56:06","guid":{"rendered":"https:\/\/revistafamilia.ro\/?p=7812"},"modified":"2023-06-19T11:00:23","modified_gmt":"2023-06-19T08:00:23","slug":"samson-prietenul-meu","status":"publish","type":"post","link":"https:\/\/revistafamilia.ro\/?p=7812","title":{"rendered":"Samson, prietenul meu"},"content":{"rendered":"<div class=\"wp-block-image\">\n<figure class=\"aligncenter size-full is-resized\"><img loading=\"lazy\" decoding=\"async\" src=\"https:\/\/revistafamilia.ro\/wp-content\/uploads\/2023\/06\/perta.jpg\" alt=\"\" class=\"wp-image-7813\" width=\"450\" height=\"689\" srcset=\"https:\/\/revistafamilia.ro\/wp-content\/uploads\/2023\/06\/perta.jpg 600w, https:\/\/revistafamilia.ro\/wp-content\/uploads\/2023\/06\/perta-196x300.jpg 196w, https:\/\/revistafamilia.ro\/wp-content\/uploads\/2023\/06\/perta-480x735.jpg 480w\" sizes=\"auto, (max-width: 450px) 100vw, 450px\" \/><figcaption class=\"wp-element-caption\">Cosmin Per\u021ba, <em>Ca s\u0103 nu se aleag\u0103 praful de toate<\/em>, Polirom, Ia\u0219i, 2023<\/figcaption><\/figure>\n<\/div>\n\n\n<p>N-am \u0219tiut niciodat\u0103 s\u0103 m\u0103 bat, dar mereu mi-au pl\u0103cut filmele cu b\u0103t\u0103i. \u00cenc\u0103 de mic. Cred c\u0103 primele filme violente le-am v\u0103zut la sf\u00e2r\u0219itul anilor nou\u0103zeci. Aveam \u0219ase-\u0219apte ani \u0219i abia a\u0219teptam s\u0103-i v\u0103d pe Jackie Chan, Van Damme sau Schwarzenegger cum \u00eempart pumni \u0219i picioare personajelor negative. Doar filmele cu Steven Seagal nu-mi spuneau mare lucru. S\u0103-i ba\u021bi pe to\u021bi \u0219i tu s\u0103 nu-\u021bi iei nici m\u0103car o palm\u0103 e cam dubios chiar \u0219i pentru un pu\u0219ti de clasa \u00eent\u00e2i.<\/p>\n\n\n\n<p>M\u0103 identificam cu personajele alea at\u00e2t de mult, \u00eenc\u00e2t am \u00eencercat s\u0103 le copiez schemele. La \u00eenceput le practicam \u00eempotriva mobilierului \u0219i a obiectelor decorative din cas\u0103, dar p\u0103rin\u021bii mei \u021bineau mai mult la bibelouri dec\u00e2t la dezvoltarea talentelor mele. Apoi le-am \u00eencercat \u00eempotriva lui v\u0103ru-meu, dar mi-am luat-o grav, a\u0219a c\u0103 m-am rezumat doar la exersatul \u00een imagina\u021bie.<\/p>\n\n\n\n<p>Am reluat exerci\u021biul \u0103sta citind cel mai recent roman al lui Cosmin Per\u021ba.<\/p>\n\n\n\n<p>Samson, personajul principal al romanului <em>Ca s\u0103 nu se aleag\u0103 praful de toate<\/em>, un t\u00e2n\u0103r de doi metri \u0219i o sut\u0103 treizeci de kilograme, \u00ee\u0219i ia pumni \u0219i picioare \u00een cap \u00eentr-o veselie. Numai c\u0103 adversarii lui nu \u0219tiu c\u0103 el are o stare medical\u0103 special\u0103 care-l \u00eempiedic\u0103 s\u0103 simt\u0103 durerea. Asta \u00eei d\u0103 lui Samson un curaj parc\u0103 desprins din miturile vechi.<\/p>\n\n\n\n<p>Neputin\u021ba lui Samson de a sim\u021bi durere insufl\u0103 pove\u0219tii un strop de magie. Dar asta nu \u00eenseamn\u0103 c\u0103 romanul se poate \u00eencadra \u00een genul fantastic. Din contr\u0103. Romanul spune povestea realist\u0103 a \u201etoxicilor ani nou\u0103zeci \u0219i a luminilor lor fluorescente\u201d, c\u0103rora autorul le dedic\u0103 volumul. Sunt anii valuti\u0219tilor, infla\u021biei galopante, s\u0103r\u0103ciei \u0219i ai dorin\u021bei de a g\u0103si o via\u021b\u0103 mai bun\u0103 dincolo de grani\u021bele \u021b\u0103rii. Sunt anii de pe urma c\u0103rora achit\u0103m p\u00e2n\u0103 azi nota de plat\u0103.<\/p>\n\n\n\n<p>Cred c\u0103 pentru a scoate din magma aia cenu\u0219ie o poveste pe care s-o cite\u0219ti cu pl\u0103cere \u0219i emo\u021bie ai nevoie de mai mult dec\u00e2t de talent. Ai nevoie s\u0103 iei lucrurile personal \u00een cel mai profund sens, iar pe l\u00e2ng\u0103 asta, mai trebuie s\u0103 aplici ni\u0219te tehnici literare prin care s\u0103-l prinzi pe cititor \u00een universul t\u0103u ca \u00eentr-o plas\u0103 de p\u0103ianjen. Nu vreau s\u0103 zic c\u0103-n cazul de fa\u021b\u0103 cititorul e sedus \u0219i abandonat \u00een fa\u021ba unor orori, \u0219i at\u00e2t. E vorba de faptul c\u0103 stilul \u00een care Cosmin Per\u021ba \u0219i-a scris carte te face s\u0103 te sim\u021bi pe m\u00e2ni bune \u00eenc\u0103 de la prima pagin\u0103.<\/p>\n\n\n\n<p>\u00cemi plac mult \u00eenceputurile puternice. \u00cen prima fraz\u0103 se ascunde de obicei toat\u0103 tensiunea, atmosfera \u0219i direc\u021bia pove\u0219tii. Dac\u0103 deschizi <em>Ca s\u0103 nu se aleag\u0103 praful de toate<\/em> \u00eentr-o libr\u0103rie \u0219i ochii \u00ee\u021bi pic\u0103 pe prima fraz\u0103: \u201eA\u021bi v\u0103zut vreodat\u0103 un c\u00e2ine care se sinucide?\u201d, n-ai dec\u00e2t dou\u0103 op\u021biuni: a) \u00eenchizi cartea \u0219i pleci str\u00e2mb\u00e2nd din nas sau b) o cumperi \u0219i te duci c\u00e2t mai repede acas\u0103 sau te a\u0219ezi pe-o banc\u0103 \u00een parc s-o cite\u0219ti c\u00e2t mai repede.<\/p>\n\n\n\n<p>Violen\u021ba, vorba lui Quentin Tarantino, e o categorie estetic\u0103. Exist\u0103 o poezie a chiuvetelor smulse din perete \u0219i tr\u00e2ntite \u00een capul unui mafiot local. \u00cens\u0103 exist\u0103 \u00een contrapunct multe episoade pline de sensibilitate. Dozajul este pur \u0219i simplu perfect, iar scriitura este cinematografic\u0103. Sunt scene de-o brutalitate teribil\u0103, asem\u0103n\u0103toare cu violen\u021ba din filmele asiatice cu b\u0103taie + scene ca asta: \u201eUneori mai cump\u0103r c\u0103r\u021bi c\u00e2nd nu m\u0103 vede nimeni. De la mama mi se trage, ei \u00eei pl\u0103cea mult s\u0103 citeasc\u0103 \u0219i avea sute de c\u0103r\u021bi. Dup\u0103 ce a murit, tata i le-a mutat pe toate \u00een pod. Din c\u00e2nd \u00een c\u00e2nd, merg \u00een pod \u0219i citesc \u0219i m\u0103 g\u00e2ndesc la ea citind din aceea\u0219i carte citit\u0103 de ea. Alteori iau c\u00e2te una cu mine la gater \u0219i, c\u00e2nd fac c\u00e2te o pauz\u0103, m\u0103 \u00eentind pe iarb\u0103 sau \u00een rumegu\u0219 \u0219i citesc. \u0102sta e micul meu secret. Dac\u0103 s-ar afla, ar crede to\u021bi c\u0103-s moale. Poate de asta m\u0103 iube\u0219te profa de rom\u00e2n\u0103. Ea \u0219i proful de sport sunt singurii care m\u0103 ap\u0103r\u0103 \u00een cancelarie ori de c\u00e2te ori e ceva. O dat\u0103 i-am adus flori la \u0219coal\u0103. Str\u00e2nsesem un buchet mare de flori de c\u00e2mp pentru mama, s\u0103 i le pun pe morm\u00e2nt, dar nu \u00eenc\u0103peau toate \u00een conserva pe care o \u021bineam acolo pentru flori, a\u0219a c\u0103 restul le-am legat cu un elastic \u0219i i le-am dus profei de rom\u00e2n\u0103. Mi-a zis \u00abmul\u021bumesc\u00bb \u0219i s-a f\u00e2st\u00e2cit. Era \u00eembujorat\u0103 toat\u0103.\u201d<\/p>\n\n\n\n<p>De\u0219i Samson are o inteligen\u021b\u0103 medie, literatura pe care o cite\u0219te \u00eei d\u0103 instrumentele necesare introspec\u021biei. Nu e nici pe departe un om pe care ai vrea s\u0103-l ai \u00een preajm\u0103. Are multe p\u0103cate. E rasist, misogin, alcoolic etc. Cu toate astea am sim\u021bit nevoia s\u0103 m\u0103 \u00eemprietenesc cu el. Efectul misterios al fic\u021biunii de bun\u0103 calitate \u00ee\u021bi aduce \u00een fa\u021ba ochilor mai mult dec\u00e2t o \u00een\u0219iruire de cuvinte pe h\u00e2rtie. \u00ce\u021bi aduce \u2013 paradoxal \u2013 pe cineva viu.<\/p>\n\n\n\n<p>Mai spun doar c\u0103 Andrei D\u00f3sa are dreptate c\u00e2nd scrie pe coperta a patra c\u0103 romanul are \u201eo for\u021b\u0103 care te va molipsi\u201d. P\u00e2n\u0103 la urm\u0103 e nevoie de mult\u0103 for\u021b\u0103 \u0219i un dram de ging\u0103\u0219ie ca s\u0103 nu se aleag\u0103 praful de toate.<\/p>\n","protected":false},"excerpt":{"rendered":"<p>N-am \u0219tiut niciodat\u0103 s\u0103 m\u0103 bat, dar mereu mi-au pl\u0103cut filmele cu b\u0103t\u0103i. \u00cenc\u0103 de mic. Cred c\u0103 primele filme violente le-am v\u0103zut la sf\u00e2r\u0219itul anilor nou\u0103zeci. Aveam \u0219ase-\u0219apte ani \u0219i abia a\u0219teptam s\u0103-i v\u0103d pe Jackie Chan, Van Damme sau Schwarzenegger cum \u00eempart pumni \u0219i picioare personajelor negative. Doar filmele cu Steven Seagal nu-mi spuneau mare lucru. S\u0103-i ba\u021bi pe to\u021bi \u0219i tu s\u0103 nu-\u021bi iei nici m\u0103car o palm\u0103 e cam dubios chiar \u0219i pentru un pu\u0219ti de clasa \u00eent\u00e2i. M\u0103 identificam cu personajele alea at\u00e2t de mult, \u00eenc\u00e2t am \u00eencercat s\u0103 le copiez schemele. La \u00eenceput le<\/p>\n","protected":false},"author":198,"featured_media":7813,"comment_status":"open","ping_status":"open","sticky":false,"template":"","format":"standard","meta":{"_jetpack_memberships_contains_paid_content":false,"footnotes":""},"categories":[52,1709],"tags":[361,1692,1376,1710],"coauthors":[1375],"class_list":["post-7812","post","type-post","status-publish","format-standard","has-post-thumbnail","hentry","category-rubrici","category-semn-de-carte","tag-cosmin-perta","tag-nr-3-2023","tag-remus-boldea","tag-semn-de-carte"],"jetpack_featured_media_url":"https:\/\/revistafamilia.ro\/wp-content\/uploads\/2023\/06\/perta.jpg","jetpack_sharing_enabled":true,"_links":{"self":[{"href":"https:\/\/revistafamilia.ro\/index.php?rest_route=\/wp\/v2\/posts\/7812","targetHints":{"allow":["GET"]}}],"collection":[{"href":"https:\/\/revistafamilia.ro\/index.php?rest_route=\/wp\/v2\/posts"}],"about":[{"href":"https:\/\/revistafamilia.ro\/index.php?rest_route=\/wp\/v2\/types\/post"}],"author":[{"embeddable":true,"href":"https:\/\/revistafamilia.ro\/index.php?rest_route=\/wp\/v2\/users\/198"}],"replies":[{"embeddable":true,"href":"https:\/\/revistafamilia.ro\/index.php?rest_route=%2Fwp%2Fv2%2Fcomments&post=7812"}],"version-history":[{"count":1,"href":"https:\/\/revistafamilia.ro\/index.php?rest_route=\/wp\/v2\/posts\/7812\/revisions"}],"predecessor-version":[{"id":7814,"href":"https:\/\/revistafamilia.ro\/index.php?rest_route=\/wp\/v2\/posts\/7812\/revisions\/7814"}],"wp:featuredmedia":[{"embeddable":true,"href":"https:\/\/revistafamilia.ro\/index.php?rest_route=\/wp\/v2\/media\/7813"}],"wp:attachment":[{"href":"https:\/\/revistafamilia.ro\/index.php?rest_route=%2Fwp%2Fv2%2Fmedia&parent=7812"}],"wp:term":[{"taxonomy":"category","embeddable":true,"href":"https:\/\/revistafamilia.ro\/index.php?rest_route=%2Fwp%2Fv2%2Fcategories&post=7812"},{"taxonomy":"post_tag","embeddable":true,"href":"https:\/\/revistafamilia.ro\/index.php?rest_route=%2Fwp%2Fv2%2Ftags&post=7812"},{"taxonomy":"author","embeddable":true,"href":"https:\/\/revistafamilia.ro\/index.php?rest_route=%2Fwp%2Fv2%2Fcoauthors&post=7812"}],"curies":[{"name":"wp","href":"https:\/\/api.w.org\/{rel}","templated":true}]}}