{"id":7796,"date":"2023-06-15T19:55:18","date_gmt":"2023-06-15T16:55:18","guid":{"rendered":"https:\/\/revistafamilia.ro\/?p=7796"},"modified":"2023-06-15T19:55:25","modified_gmt":"2023-06-15T16:55:25","slug":"concursul-de-debut-literar-primul-roman-editia-a-iii-a-organizat-de-editura-litera","status":"publish","type":"post","link":"https:\/\/revistafamilia.ro\/?p=7796","title":{"rendered":"Concursul de debut literar \u201ePrimul roman\u201c, edi\u021bia a III-a, organizat de editura Litera"},"content":{"rendered":"\n<p>E\u0219ti un scriitor talentat, aflat la \u00eenceput de drum? Atunci, aceast\u0103 veste este pentru tine: <a href=\"https:\/\/www.litera.ro\/blog\/invitatie-pentru-scriitori-inscriere-la-concursul-de-debut-literar-primul-roman-editia-a-iii-a\/\">Editura Litera lanseaz\u0103 cea de-a III-a edi\u021bie a concursului de debut literar \u201ePrimul roman\u201c<\/a>.<\/p>\n\n\n\n<p>Volumul desemnat c\u00e2\u0219tig\u0103tor va fi publicat \u00een colec\u021bia \u201e<a href=\"https:\/\/www.litera.ro\/carti?colectie=4080\">Biblioteca de proz\u0103 contemporan\u0103<\/a>\u201c. Din juriul prestigios care \u00ee\u021bi va citi scrierea fac parte: conf. univ. dr. Cristina Bogdan, decana Facult\u0103\u021bii de Litere, Universitatea din Bucure\u0219ti; Ligia P\u00e2rvulescu, scriitoare, c\u00e2\u0219tig\u0103toarea premiului I, edi\u021bia I; conf. univ. dr. Emanuela Ilie, Facultatea de Litere, Universitatea \u201eAlexandru Ioan Cuza\u201c, Ia\u0219i, \u0219i Doina Ru\u0219ti, scriitoare remarcabil\u0103, pre\u0219edinta juriului \u0219i coordonatoarea colec\u021biei.<\/p>\n\n\n\n<p>Invita\u021bia de a participa la concurs este \u00eenaintat\u0103 persoanelor fizice cu cet\u0103\u021benie rom\u00e2n\u0103, cu v\u00e2rsta de peste 18 ani, care nu au publicat niciun roman p\u00e2n\u0103 la data definitiv\u0103rii concursului, respectiv nicio oper\u0103 epic\u0103 unitar\u0103, mai lung\u0103 de 25.000 de cuvinte.<\/p>\n\n\n\n<ul class=\"wp-block-list\">\n<li>Textul \u00eenscris \u00een concurs va putea aborda orice tem\u0103 \u0219i va respecta canoanele speciei literare (roman). Va con\u021bine minimum 60.000 de cuvinte \u0219i maximum 120.000 de cuvinte. Textele crea\u021biilor literare vor fi scrise \u00een limba rom\u00e2n\u0103, editate \u00een Word, cu diacritice \u0219i cu ortografia \u00een vigoare. Fontul folosit va fi Arial, de m\u0103rimea 12, la 1,5 r\u00e2nduri (spa\u021biul \u00eentre r\u00e2nduri va fi de 1,5).<\/li>\n<\/ul>\n\n\n\n<ul class=\"wp-block-list\">\n<li>Crea\u021biile literare se vor trimite pe e-mail, \u00een format doc. (ca ata\u0219ament), la adresa <em>primulroman@litera.ro <\/em>(\u00eentre 15 iunie \u0219i 15 iulie) \u0219i vor fi \u00eenso\u021bite \u00een mod obligatoriu de <em>Fi\u0219a de participare, <\/em>cu urm\u0103toarele date personale: nume, prenume, v\u00e2rsta, adresa po\u0219tal\u0103, adresa de e-mail, num\u0103r de telefon, titlul romanului \u00eenscris \u00een concurs, o scurt\u0103 descriere a acestuia (max. 150 de cuvinte), num\u0103rul de cuvinte.<\/li>\n<\/ul>\n\n\n\n<p>Detalii despre <a href=\"https:\/\/www.litera.ro\/blog\/wp-content\/uploads\/2023\/06\/2023_Regulament-oficial-concurs-de-debut-literar_Primul-Roman-III.pdf\">Regulamentul concursului<\/a> \u0219i <a href=\"https:\/\/www.litera.ro\/blog\/wp-content\/uploads\/2023\/06\/FISA-DE-PARTICIPARE-2023.pdf\">Fi\u0219a de participare<\/a><\/p>\n\n\n\n<p>Concursul se desf\u0103\u0219oar\u0103 \u00een perioada 15 iunie &#8211; 20 octombrie 2023 \u0219i include 4 etape:<br>Etapa 1: 15 iunie &#8211; 15 iulie \u2013 \u00ceNSCRIERE<br>Etapa 2: 20 iulie &#8211; 15 octombrie \u2013 JURIZARE<br>Etapa 3: 15 &#8211; 20 octombrie \u2013 ANUN\u021aAREA C\u00c2\u0218TIG\u0102TORILOR<br>Etapa 4: octombrie 2023 \u2013 FESTIVITATE DE PREMIERE<\/p>\n\n\n\n<hr class=\"wp-block-separator has-alpha-channel-opacity\"\/>\n\n\n\n<div class=\"wp-block-group has-cyan-bluish-gray-background-color has-background has-small-font-size\"><div class=\"wp-block-group__inner-container is-layout-constrained wp-block-group-is-layout-constrained\">\n<p><strong>Despre Colec\u021bia \u201eBiblioteca de proz\u0103 contemporan\u0103\u201c<\/strong><strong><\/strong><\/p>\n\n\n\n<p>Colec\u021bia \u201eBiblioteca de proz\u0103 contemporan\u0103\u201c face parte din portofoliul Editurii Litera \u0219i este coordonat\u0103 de scriitoarea Doina Ru\u0219ti. \u00cen momentul de fa\u021b\u0103, colec\u021bia \u00eensumeaz\u0103 un num\u0103r important de prozatori din toate genera\u021biile, autori de roman \u00een mare parte, unii dintre ei debutan\u021bi. \u201eBiblioteca de proz\u0103 contemporan\u0103\u201c acord\u0103 aten\u021bie debuturilor \u0219i prozei cu o perspectiv\u0103 epic\u0103 nou\u0103, pentru a \u00eentregi peisajul c\u0103r\u021bii rom\u00e2ne\u0219ti cu viziuni narative inedite.<strong><\/strong><\/p>\n<\/div><\/div>\n\n\n\n<div class=\"wp-block-group has-cyan-bluish-gray-background-color has-background has-small-font-size\"><div class=\"wp-block-group__inner-container is-layout-constrained wp-block-group-is-layout-constrained\">\n<p><strong>Despre Editura Litera<\/strong><strong><\/strong><\/p>\n\n\n\n<p>Editura Litera are o tradi\u021bie de 34 de ani \u00een editarea de carte. Ani \u00een care, cu tenacitate, cu pasiune, cu profesionalism, cu reu\u0219ite majore, a editat 9000 de titluri, \u00eentr-un tiraj total de peste 50 de milioane de exemplare. Acoperind practic toate domeniile de fic\u021biune \u0219i nonfic\u021biune, Litera a reu\u0219it s\u0103 se impun\u0103 prin calitatea catalogului editorial, devenind unul dintre cei mai importan\u021bi actori de pe pia\u021ba de carte din Rom\u00e2nia.<\/p>\n<\/div><\/div>\n","protected":false},"excerpt":{"rendered":"<p>Invita\u021bie pentru scriitori<\/p>\n","protected":false},"author":2,"featured_media":7797,"comment_status":"open","ping_status":"closed","sticky":false,"template":"","format":"standard","meta":{"_jetpack_memberships_contains_paid_content":false,"footnotes":""},"categories":[65],"tags":[178,1708,530,105],"coauthors":[1278],"class_list":["post-7796","post","type-post","status-publish","format-standard","has-post-thumbnail","hentry","category-stiri-si-anunturi","tag-anunturi","tag-concurs-de-debut","tag-concurs-de-debut-literar-primul-roman","tag-editura-litera"],"jetpack_featured_media_url":"https:\/\/revistafamilia.ro\/wp-content\/uploads\/2023\/06\/Banner_comunicat_842x441px.jpg","jetpack_sharing_enabled":true,"_links":{"self":[{"href":"https:\/\/revistafamilia.ro\/index.php?rest_route=\/wp\/v2\/posts\/7796","targetHints":{"allow":["GET"]}}],"collection":[{"href":"https:\/\/revistafamilia.ro\/index.php?rest_route=\/wp\/v2\/posts"}],"about":[{"href":"https:\/\/revistafamilia.ro\/index.php?rest_route=\/wp\/v2\/types\/post"}],"author":[{"embeddable":true,"href":"https:\/\/revistafamilia.ro\/index.php?rest_route=\/wp\/v2\/users\/2"}],"replies":[{"embeddable":true,"href":"https:\/\/revistafamilia.ro\/index.php?rest_route=%2Fwp%2Fv2%2Fcomments&post=7796"}],"version-history":[{"count":1,"href":"https:\/\/revistafamilia.ro\/index.php?rest_route=\/wp\/v2\/posts\/7796\/revisions"}],"predecessor-version":[{"id":7799,"href":"https:\/\/revistafamilia.ro\/index.php?rest_route=\/wp\/v2\/posts\/7796\/revisions\/7799"}],"wp:featuredmedia":[{"embeddable":true,"href":"https:\/\/revistafamilia.ro\/index.php?rest_route=\/wp\/v2\/media\/7797"}],"wp:attachment":[{"href":"https:\/\/revistafamilia.ro\/index.php?rest_route=%2Fwp%2Fv2%2Fmedia&parent=7796"}],"wp:term":[{"taxonomy":"category","embeddable":true,"href":"https:\/\/revistafamilia.ro\/index.php?rest_route=%2Fwp%2Fv2%2Fcategories&post=7796"},{"taxonomy":"post_tag","embeddable":true,"href":"https:\/\/revistafamilia.ro\/index.php?rest_route=%2Fwp%2Fv2%2Ftags&post=7796"},{"taxonomy":"author","embeddable":true,"href":"https:\/\/revistafamilia.ro\/index.php?rest_route=%2Fwp%2Fv2%2Fcoauthors&post=7796"}],"curies":[{"name":"wp","href":"https:\/\/api.w.org\/{rel}","templated":true}]}}