{"id":7716,"date":"2023-06-06T13:41:28","date_gmt":"2023-06-06T10:41:28","guid":{"rendered":"https:\/\/revistafamilia.ro\/?p=7716"},"modified":"2023-06-06T13:41:34","modified_gmt":"2023-06-06T10:41:34","slug":"paranoia-publica-in-micro-antologie","status":"publish","type":"post","link":"https:\/\/revistafamilia.ro\/?p=7716","title":{"rendered":"Paranoia public\u0103 \u00een micro-antologie"},"content":{"rendered":"<div class=\"wp-block-image\">\n<figure class=\"aligncenter size-large is-resized\"><img loading=\"lazy\" decoding=\"async\" src=\"https:\/\/revistafamilia.ro\/wp-content\/uploads\/2023\/06\/komartin-675x1024.jpg\" alt=\"\" class=\"wp-image-7717\" width=\"506\" height=\"768\" srcset=\"https:\/\/revistafamilia.ro\/wp-content\/uploads\/2023\/06\/komartin-675x1024.jpg 675w, https:\/\/revistafamilia.ro\/wp-content\/uploads\/2023\/06\/komartin-198x300.jpg 198w, https:\/\/revistafamilia.ro\/wp-content\/uploads\/2023\/06\/komartin-768x1165.jpg 768w, https:\/\/revistafamilia.ro\/wp-content\/uploads\/2023\/06\/komartin-480x728.jpg 480w, https:\/\/revistafamilia.ro\/wp-content\/uploads\/2023\/06\/komartin.jpg 1005w\" sizes=\"auto, (max-width: 506px) 100vw, 506px\" \/><\/figure>\n<\/div>\n\n\n<p>Dac\u0103 temperamentul nu l-ar fi \u00eempins s\u0103 ajung\u0103 m\u0103car unul (dac\u0103 singurul nu se putea) dintre managerii noilor serii poetice, Claudiu Komartin ar fi fost azi \u00een mai mare faim\u0103 de poet dec\u00eet cea \u00een care e (\u0219i care nu-i nici ea mic\u0103). Peripe\u021biile \u0219i vorbele lui publice i-au adus, pe de o parte, o mul\u021bime de fani, dar, pe cealalt\u0103 parte, \u0219i o mul\u021bime de animozit\u0103\u021bi (ca s\u0103 nu zic mai mult). De bun\u0103 seam\u0103 c\u0103 s-au g\u0103sit destui care s\u0103-l r\u0103spl\u0103teasc\u0103 dup\u0103 fapt\u0103 (conform uzan\u021bei din proverb) \u0219i care l-au lovit unde doare mai tare. Oameni foarte de serviciu l-au declarat numaidec\u00eet poet \u00een c\u0103dere, de nu de-a binelea sf\u00eer\u0219it. E o lovitur\u0103 de manual, la care poetul trebuia s\u0103 se a\u0219tepte (\u0219i poate chiar s-a a\u0219teptat) \u0219i care a fost favorizat\u0103 chiar de tentativele lui Komartin de a-\u0219i exorciza nucleul expresionist al poeziei \u0219i de a \u00eencerca modula\u021bii \u0219i varia\u021bii (inclusiv o prob\u0103 de heteronimie). Poezia lui trage, astfel, ponoasele activismului. Fire\u0219te, pe nedrept imediat \u0219i strident. (Dar s\u00eent c\u00eeteva metode recomandate chiar de Schopenhauer pentru astfel de situa\u021bii). Nu-i nicio c\u0103dere de intensitate liric\u0103 \u00eentre <em>P\u0103pu\u0219arul&#8230;<\/em> din 2003 \u0219i <em>poeme<\/em>-le <em>de dragoste <\/em>din 2022, dar e o discriminare de poetic\u0103 premeditat\u0103 \u0219i semnificativ\u0103 prin ea \u00eens\u0103\u0219i. A\u0219a cum n-are stare \u00een manifesta\u021biile publice, Komartin n-are stare nici \u00een manifesta\u021biile poetice (sau vi\u021b\u0103vercea) \u0219i vrea s\u0103 \u00eencerce \u00een c\u00eet mai multe feluri. Inclusiv \u00een feluri strict ocazionale, cum face \u00een <em>Inoculare. Hore pentru z\u0103d\u0103rnicirea combaterii<\/em> (Cartier, Chi\u0219in\u0103u, 2022).<\/p>\n\n\n\n<p><em>Inoculare<\/em>-le s\u00eent un fel de victim\u0103 colateral\u0103 a neast\u00eemp\u0103rului de formul\u0103 pe care vrea s\u0103 se bizuie Komartin. Pandemia i-a dat \u0219i lui un premiu de crea\u021bie, ca multor altor poe\u021bi. Dar Komartin nu e dintre cei care se pl\u00eeng de claustr\u0103ri \u0219i de alte privilegii \u0219i frustr\u0103ri pandemice. Interesul lui merge spre spectacolul mentalit\u0103\u021bii publice, spre \u2013 cum zice pe copert\u0103 Victor Cobuz \u2013 \u201espectacolul paranoiei\u201d na\u021bionale, f\u0103c\u00eend din el \u2013 cu vorbele Ninei Corcinschi, tot de pe copert\u0103 \u2013 \u201eo polifonie tragicomic\u0103 a capacit\u0103\u021bii min\u021bilor r\u0103t\u0103cite \u00een deliruri fundamentaliste\u201d. A\u0219a e, e un spectacol de sminteli \u0219i \u021bicneli, grotesc f\u0103r\u0103 cusur \u0219i regizat cu sarcasm abia con\u021binut. Komartin str\u00eenge aici o colec\u021bie de perle conspira\u021bioniste \u2013 ca revelator al mentalit\u0103\u021bii obsidiene. E aproape de admirat inventivitatea metodelor de dare \u00een vileag \u0219i de combatere a complotului pus la cale contra omenirii de oculta mondial\u0103 ori chiar de oculta cosmic\u0103. Nu-s mai pu\u021bin inventive nici metodele de a sc\u0103pa de primejdie \u0219i din ghearele conspiratoare. Nici nu-s sigur dac\u0103 cele reportate de Komartin s\u00eent doar citate\/copiate, preluate <em>tale quale<\/em> ori ni\u021bel \u0219arjate, sau inventate de el dup\u0103 modelele de pe internet. Efectul de autenticitate al delira\u021biilor (c\u0103ci nu-s simple deliruri) e acela\u0219i \u00een oricare dintre cazuri. Nici nu-i nevoie ca poetul s\u0103 \u00eengroa\u0219e (poate nici n-o face) lucrurile (oricum, stilul nu e ofensiv, ci strict reproductiv) pentru ca liniile grote\u0219ti ale acestei pr\u0103bu\u0219iri \u0219i destr\u0103m\u0103ri mentale s\u0103 par\u0103 trase cu stilul antic, \u0219i nu cu creionul sau tastatura. E o efervescen\u021b\u0103 de scorneli pus\u0103 la cale cu umor, dar un spectacol, \u00een fond, dezolant.<\/p>\n\n\n\n<blockquote class=\"wp-block-quote is-layout-flow wp-block-quote-is-layout-flow\">\n<p><em>Umorul secven\u021belor, luate \u00een parte, e inclus eficient, dar luat \u00een totalul catalogului \u2013 duce la depresie. Sau la un fel de catharsis, dac\u0103 arta mai face a\u0219a ceva.<\/em><\/p>\n<\/blockquote>\n\n\n\n<p>S\u00eent c\u00eeteva linii privilegiate \u00een aceast\u0103 micro-antologie. \u00centre ele, un breviar cu metodele \u0219i mijloacele de sc\u0103pare: prin credin\u021b\u0103 \u0219i rug\u0103ciuni (\u201eSalvarea vine doar\/ din credin\u021b\u0103 \u0219i cur\u0103\u021benie\/ sufleteasc\u0103.\/ S\u0103 facem un efort s\u0103 salv\u0103m\/ neamul\/ nostru rom\u00e2nesc\/ \u0219i cre\u0219tin:\/ c\u0103uta\u021bi pe internet\/ rug\u0103ciunile p\u0103rintelui Beniamin\/ Hogea pentru dezlegare\/ de vaccin\u201d), dar \u0219i prin mijloace naturiste tradi\u021bionale (\u201eNorocul nostru al celor\/ r\u0103ma\u0219i treji\/ e c\u0103 exist\u0103 solu\u021bii\/ pentru a contracara\/ s\u0103lb\u0103ticia cu care\/ ne agreseaz\u0103 \u2013\/ rumegu\u0219ul de cedru\/ pe frunte\/ \u0219i-a dovedit\/ \u00eenc\u0103 din secolul al IV-lea\/ utilitatea\u201d), unele chiar la \u00eendem\u00een\u0103: \u201eCei care consum\u0103 usturoi\/ ciu\u0219c\u0103\/ \u0219i ou\u0103 de la g\u0103ini\/ de ograd\u0103\/ nu au motive de team\u0103\u201d. S\u00eent \u0219i metode mai savante: \u201eCovidul are o vibra\u021bie de 5,5 Hz\/ \u0219i moare la 25,5 Hz.\/ Pentru fiin\u021bele umane\/ cu vibra\u021bii mai mari,\/ virusul este o simpl\u0103 r\u0103ceal\u0103\u201d. O linie consistent\u0103 o reprezint\u0103 m\u0103rturiile \u00een direct ori din auzite despre efectele dezastruoase ale virusului: pierderea sufletului (\u201eDa, acesta nu e vaccin,\/ modific\u0103 ADN-ul,\/ a\u0219a cum ne-a creat\/ Dumnezeu.\/ S\u00eent oameni care au f\u0103cut\/ \u0219edin\u021be hipnotice\/ cu persoane vaccinate\/ \u0219i nu mai aveau suflet\u201d), tulbur\u0103ri cerebrale \u00een preajma aparatelor electrice (\u201eAzi a fost vaccinat\u0103 cumnata\/ din Spania.\/ Dup\u0103 c\u00eeteva ore a \u00eenceput\/ un b\u00eez\u00eeit ciudat \u00een partea\/ dreapt\u0103 a capului.\/ B\u00eez\u00eeitul se opre\u0219te doar\/ \u00een gr\u0103din\u0103\u201d), moartea subit\u0103 (e un pomelnic \u00eentreg de sportivi care au c\u0103zut ca secera\u021bi dup\u0103 vaccin \u2013 \u201eDansatorul profesionist Santo Giuliano\u201d). S\u00eent \u0219i m\u0103rturii despre cum \u00eempr\u0103\u0219tie comploti\u0219tii virusul: \u201eLa Br\u0103ila d\u0103 cu covid din\/ elicopter,\/ la noi n-au\/ vrut s\u0103 bat\u0103 la ochi:\/ \u00een cartierul Stupini trec\/ seara cu ma\u0219ini\/ care stropesc pe marginea\/ drumului \u0219i \u00een\/ cur\u021bile oamenilor\/ ca s\u0103 fie siguri c\u0103 nu scap\u0103 nimeni\u201d (la Bolintin Vale s-a f\u0103cut o baz\u0103 militar\u0103, comploti\u0219tii au resurse neb\u0103nuite). E \u0219i lume revoltat\u0103: \u201eSe fac aproape doi ani\/ de c\u00eend ne sp\u0103l\u0103m pe m\u00eeini\/ cu s\u0103pun\/ degeaba.\/ B\u0103taie de joc mai mare\/ la adresa acestui\/ popor\/ nici c\u0103 a existat\/ vreodat\u0103\u201d, dar \u0219i din cei care \u0219tiu manevrele ocultei. Nu \u0219tiu dac\u0103 obiectivul lui Komartin era s\u0103 treac\u0103 \u00een revist\u0103 toate tipurile de ac\u021biuni \u0219i discursuri, dar \u0219i dac\u0103 au r\u0103mas unele afar\u0103, antologia tot relevant\u0103 r\u0103m\u00eene. Umorul secven\u021belor, luate \u00een parte, e inclus eficient, dar, luat \u00een totalul catalogului, duce la depresie. Sau la un fel de catharsis, dac\u0103 arta mai face a\u0219a ceva. Ori baremi s\u0103 fi r\u0103mas ceva din <em>ridendo castigat mores.<\/em><\/p>\n\n\n\n<p><em>Inoculare\u00ad-<\/em>le ar trebui s\u0103 contribuie la exorcizarea acestei pandemii de paranoia, dar cine \u0219tie dac\u0103 nu-s un bun prilej de explozie a ei. M\u0103 tem c\u0103 du\u0219manii literari ai lui Komartin se vor dovedi ni\u0219te mielu\u0219ei fa\u021b\u0103 de du\u0219manii conspira\u021bioni\u0219ti \u2013 dac\u0103 ace\u0219tia vor pune m\u00eena pe cartea lui \u0219i o vor citi \u00eenainte de a-i da foc \u00een pia\u021b\u0103.<\/p>\n","protected":false},"excerpt":{"rendered":"<p>Carnete critice de Al. Cistelecan<\/p>\n","protected":false},"author":7,"featured_media":7717,"comment_status":"open","ping_status":"open","sticky":false,"template":"","format":"standard","meta":{"_jetpack_memberships_contains_paid_content":false,"footnotes":""},"categories":[376,52],"tags":[82,375,647,1692],"coauthors":[1120],"class_list":["post-7716","post","type-post","status-publish","format-standard","has-post-thumbnail","hentry","category-carnete-critice","category-rubrici","tag-al-cistelecan","tag-carnete-critice","tag-claudiu-komartin","tag-nr-3-2023"],"jetpack_featured_media_url":"https:\/\/revistafamilia.ro\/wp-content\/uploads\/2023\/06\/komartin.jpg","jetpack_sharing_enabled":true,"_links":{"self":[{"href":"https:\/\/revistafamilia.ro\/index.php?rest_route=\/wp\/v2\/posts\/7716","targetHints":{"allow":["GET"]}}],"collection":[{"href":"https:\/\/revistafamilia.ro\/index.php?rest_route=\/wp\/v2\/posts"}],"about":[{"href":"https:\/\/revistafamilia.ro\/index.php?rest_route=\/wp\/v2\/types\/post"}],"author":[{"embeddable":true,"href":"https:\/\/revistafamilia.ro\/index.php?rest_route=\/wp\/v2\/users\/7"}],"replies":[{"embeddable":true,"href":"https:\/\/revistafamilia.ro\/index.php?rest_route=%2Fwp%2Fv2%2Fcomments&post=7716"}],"version-history":[{"count":2,"href":"https:\/\/revistafamilia.ro\/index.php?rest_route=\/wp\/v2\/posts\/7716\/revisions"}],"predecessor-version":[{"id":7720,"href":"https:\/\/revistafamilia.ro\/index.php?rest_route=\/wp\/v2\/posts\/7716\/revisions\/7720"}],"wp:featuredmedia":[{"embeddable":true,"href":"https:\/\/revistafamilia.ro\/index.php?rest_route=\/wp\/v2\/media\/7717"}],"wp:attachment":[{"href":"https:\/\/revistafamilia.ro\/index.php?rest_route=%2Fwp%2Fv2%2Fmedia&parent=7716"}],"wp:term":[{"taxonomy":"category","embeddable":true,"href":"https:\/\/revistafamilia.ro\/index.php?rest_route=%2Fwp%2Fv2%2Fcategories&post=7716"},{"taxonomy":"post_tag","embeddable":true,"href":"https:\/\/revistafamilia.ro\/index.php?rest_route=%2Fwp%2Fv2%2Ftags&post=7716"},{"taxonomy":"author","embeddable":true,"href":"https:\/\/revistafamilia.ro\/index.php?rest_route=%2Fwp%2Fv2%2Fcoauthors&post=7716"}],"curies":[{"name":"wp","href":"https:\/\/api.w.org\/{rel}","templated":true}]}}