{"id":7604,"date":"2023-05-18T21:12:45","date_gmt":"2023-05-18T18:12:45","guid":{"rendered":"https:\/\/revistafamilia.ro\/?p=7604"},"modified":"2023-05-18T21:18:06","modified_gmt":"2023-05-18T18:18:06","slug":"dincolo-de-bariere-schimburi-de-idei-intre-creatori-de-literatura-europeni-un-program-cela-la-salonul-bookfest-2023","status":"publish","type":"post","link":"https:\/\/revistafamilia.ro\/?p=7604","title":{"rendered":"Dincolo de bariere: schimburi de idei \u00eentre creatori de literatur\u0103 europeni<br> <small>&#8211; un program CELA la Salonul Bookfest 2023 &#8211;<\/small>"},"content":{"rendered":"\n<p>\u00centre 25 \u0219i 28 mai vor avea loc dou\u0103 evenimente, trei ateliere de scriere \u0219i dou\u0103 dezbateri, sus\u021binute de creatori literari afla\u021bi la \u00eenceput de drum al\u0103turi de cei cu experien\u021b\u0103, str\u0103ini \u0219i rom\u00e2ni.<\/p>\n\n\n\n<p>Trei scriitori \u0219i \u0219apte traduc\u0103tori literari participan\u021bi \u00een acest proiect vor face din literatur\u0103 spectacol pe 25 mai:<\/p>\n\n\n\n<p>Hannah Roels (Belgia), Alejandro Morell\u00f3n (Spania) \u0219i Lu\u00eds Brito (Portugalia), vor urca pe Scena ARCA, de la ora 16.00, al\u0103turi de traduc\u0103torii lor, Irina Kappelhof-Costea, traduc\u0103toare din neerlandez\u0103, Silvia \u0218tefan, traduc\u0103toare din spaniol\u0103, \u0219i Iolanda Vasile, traduc\u0103toare din portughez\u0103, pentru un <strong>Performance Literar: Scriitori \u0219i traduc\u0103tori europeni la ramp\u0103<\/strong>. Evenimentul va cuprinde lecturi \u0219i interviuri \u0219i va fi moderat de Matei Martin.<\/p>\n\n\n\n<p>\u00cen continuare, de la ora 17.00, tot pe scena ARCA se va instaura <strong>Cafeneaua Traduc\u0103torilor<\/strong>, o discu\u021bie despre pie\u021bele literare \u201cmici\u201d din Europa, despre cum po\u021bi promova autorii tineri \u0219i ce po\u021bi \u00eenv\u0103\u021ba dintr-un program de formare european. \u00cen dialog vor fi traduc\u0103torii literari din proiectul CELA Silvia \u0218tefan, Irina Kappelhof-Costea, Alexa Stoicescu, Elena Damaschin, Iolanda Vasile, Mircea Dan Du\u021b\u0103 \u0219i Charlotte van Rooden.<\/p>\n\n\n\n<p>CELA \u00eencheie programul din 25 mai cu atelierul <strong><em>Ai un manuscris, ce faci cu el?<\/em><\/strong>, pe care <strong>Marius Chivu<\/strong> \u00eel dedic\u0103 scriitorilor debutan\u021bi \u0219i aspiran\u021bi, de la ora 18.30, la Cafeneaua Literar\u0103.<\/p>\n\n\n\n<p>Pe 26 mai, de la ora 17.00, sunte\u021bi invita\u021bi s\u0103 v\u0103 instala\u021bi comod la Cafeneaua Artelor pentru <strong>Traduc\u0103tori de literatur\u0103 rom\u00e2n\u0103 \u00een dialog. <\/strong>Charlotte van Rooden (NL), Fernando Klabin (BR) \u0219i Jan Willem Bos (NL) vor schimb impresii despre c\u0103l\u0103toria literaturii \u00een limba rom\u00e2n\u0103 c\u0103tre alte culturi. \u00cent\u00e2lnirea va fi moderat\u0103 de Justina Bandol.<\/p>\n\n\n\n<p>De la ora 18.00, scriitorul \u0219i jurnalistul <strong>Andrei Cr\u0103ciun<\/strong> va sus\u021bine un atelier de scriere creativ\u0103, <strong>Cum scriem fic\u021biune?<\/strong> Cei interesa\u021bi s\u0103 afle r\u0103spunsul sunt invita\u021bi la Cafeneaua Artelor.<\/p>\n\n\n\n<p>Duminic\u0103, 28 mai, la Cafeneaua Literar\u0103 va avea loc de la ora 12.00. <strong>O conversa\u021bie despre poe\u021bi \u0219i poezie cu Adela Greceanu<\/strong>, care \u00ee\u0219i propune s\u0103 \u00eencurajeze poe\u021bii afla\u021bi la \u00eenceput de drum cu sfaturi din propria experien\u021b\u0103.<\/p>\n\n\n\n<p>Ultima dezbatere din program este propus\u0103 de ARTLIT-Asocia\u021bia Rom\u00e2n\u0103 a Traduc\u0103torilor Literari, duminic\u0103, de la ora 14.00, la Scena ARCA: <strong>Inteligen\u021ba&nbsp;Artificial\u0103 \u0219i traducerea: pericole \u0219i\/sau oportunit\u0103\u021bi<\/strong>. Vor discuta despre uzul \u0219i abuzul tehnologiei \u00een traducerile literare Irina Bor\u021boi, Monica Manolachi, Alexandru Nicolae, Constantin Vic\u0103 \u0219i Vlad Cristache.\u00cent\u00e2lnirea va fi moderat\u0103 de Bogdan Ghiu.<\/p>\n\n\n\n<p>Asocia\u021bia Editorilor din Rom\u00e2nia este unul dintre partenerii europeni care organizeaz\u0103 proiectul&nbsp;<a href=\"https:\/\/www.cela-europe.com\/\">Connecting Emerging Literary Artists \u2013 CELA<\/a>, platforma european\u0103 dedicat\u0103 form\u0103rii scriitorilor, traduc\u0103torilor \u0219i coordonatorilor de proiecte culturale literare, afla\u021bi la \u00eenceput de drum.<\/p>\n\n\n\n<p>V\u0103 invit\u0103m s\u0103-i cunoa\u0219te\u021bi pe tinerii scriitori \u0219i traduc\u0103tori europeni, afla\u021bi \u00een vizit\u0103 la Salonul Interna\u021bional de Carte Bookfest 2023.<\/p>\n\n\n\n<p>Descrierea programului european CELA \u2013 Connecting Emerging Literary Artists este disponibil pe pagina proiectului, <a href=\"https:\/\/www.cela-europe.com\/\">https:\/\/www.cela-europe.com\/<\/a> \u0219i pe pagina Salonului Bookfest.<\/p>\n\n\n\n<hr class=\"wp-block-separator has-alpha-channel-opacity\"\/>\n\n\n\n<p class=\"has-cyan-bluish-gray-background-color has-background has-small-font-size\">Aceste evenimente fac parte din programul european CELA-Connecting Emerging Literary Artists, o platform\u0103 dedicat\u0103 form\u0103rii \u0219i lans\u0103rii scriitorilor, traduc\u0103torilor \u0219i coordonatorilor de proiecte culturale literare afla\u021bi la \u00eenceput de carier\u0103.<br>CELA este un proiect co-finan\u021bat prin programul Europa Creativ\u0103 al Uniunii Europene.<\/p>\n\n\n\n<hr class=\"wp-block-separator has-alpha-channel-opacity\"\/>\n\n\n\n<p class=\"has-text-align-center\">FB event: <a href=\"https:\/\/fb.me\/e\/VG5WQ3gl\">https:\/\/fb.me\/e\/VG5WQ3gl<\/a><\/p>\n","protected":false},"excerpt":{"rendered":"<p>CELA &#8211; Connecting Emerging Literary Artists, platforma european\u0103 dedicat\u0103 form\u0103rii scriitorilor \u0219i traduc\u0103torilor, v\u0103 invit\u0103 la programul de evenimente \u0219i ateliere de la Salonul Interna\u021bional de Carte Bookfest, edi\u021bia 2023.<\/p>\n","protected":false},"author":2,"featured_media":7605,"comment_status":"open","ping_status":"closed","sticky":false,"template":"","format":"standard","meta":{"_jetpack_memberships_contains_paid_content":false,"footnotes":""},"categories":[1,65],"tags":[1662,569,157],"coauthors":[1278],"class_list":["post-7604","post","type-post","status-publish","format-standard","has-post-thumbnail","hentry","category-fara-categorie","category-stiri-si-anunturi","tag-bookfest","tag-cela","tag-traduceri"],"jetpack_featured_media_url":"https:\/\/revistafamilia.ro\/wp-content\/uploads\/2023\/05\/Dincolo-de-bariere-schimburi-de-idei-intre-creatori-de-literatura-europeni.png","jetpack_sharing_enabled":true,"_links":{"self":[{"href":"https:\/\/revistafamilia.ro\/index.php?rest_route=\/wp\/v2\/posts\/7604","targetHints":{"allow":["GET"]}}],"collection":[{"href":"https:\/\/revistafamilia.ro\/index.php?rest_route=\/wp\/v2\/posts"}],"about":[{"href":"https:\/\/revistafamilia.ro\/index.php?rest_route=\/wp\/v2\/types\/post"}],"author":[{"embeddable":true,"href":"https:\/\/revistafamilia.ro\/index.php?rest_route=\/wp\/v2\/users\/2"}],"replies":[{"embeddable":true,"href":"https:\/\/revistafamilia.ro\/index.php?rest_route=%2Fwp%2Fv2%2Fcomments&post=7604"}],"version-history":[{"count":3,"href":"https:\/\/revistafamilia.ro\/index.php?rest_route=\/wp\/v2\/posts\/7604\/revisions"}],"predecessor-version":[{"id":7610,"href":"https:\/\/revistafamilia.ro\/index.php?rest_route=\/wp\/v2\/posts\/7604\/revisions\/7610"}],"wp:featuredmedia":[{"embeddable":true,"href":"https:\/\/revistafamilia.ro\/index.php?rest_route=\/wp\/v2\/media\/7605"}],"wp:attachment":[{"href":"https:\/\/revistafamilia.ro\/index.php?rest_route=%2Fwp%2Fv2%2Fmedia&parent=7604"}],"wp:term":[{"taxonomy":"category","embeddable":true,"href":"https:\/\/revistafamilia.ro\/index.php?rest_route=%2Fwp%2Fv2%2Fcategories&post=7604"},{"taxonomy":"post_tag","embeddable":true,"href":"https:\/\/revistafamilia.ro\/index.php?rest_route=%2Fwp%2Fv2%2Ftags&post=7604"},{"taxonomy":"author","embeddable":true,"href":"https:\/\/revistafamilia.ro\/index.php?rest_route=%2Fwp%2Fv2%2Fcoauthors&post=7604"}],"curies":[{"name":"wp","href":"https:\/\/api.w.org\/{rel}","templated":true}]}}