{"id":7569,"date":"2023-05-16T07:00:00","date_gmt":"2023-05-16T04:00:00","guid":{"rendered":"https:\/\/revistafamilia.ro\/?p=7569"},"modified":"2023-05-15T16:27:33","modified_gmt":"2023-05-15T13:27:33","slug":"trei-raspunsuri-despre-volumul-raluca-nu-s-a-culcat-niciodata-cu-tudor-de-la-autoarea-lui-cristina-chira","status":"publish","type":"post","link":"https:\/\/revistafamilia.ro\/?p=7569","title":{"rendered":"Trei r\u0103spunsuri despre volumul \u201eRaluca nu s-a culcat niciodat\u0103 cu Tudor\u201d de la autoarea lui, Cristina Chira"},"content":{"rendered":"\n<h4 class=\"wp-block-heading\">1. Cum s-a conturat ideea volumului \u201eRaluca nu s-a culcat niciodat\u0103 cu Tudor\u201d?<\/h4>\n\n\n\n<p>Am citit, de-a lungul timpului, mai multe d\u0103ri de seam\u0103 despre copil\u0103ria \u0219i adolescen\u021ba \u00een Rom\u00e2nia din perspectiv\u0103 masculin\u0103 \u0219i, \u00een mai toate, fetele erau repartizate la margine (pentru c\u0103 nu \u201e\u0219tiau\u201d fotbal, ma\u0219ini, muzic\u0103, faze etc). \u00cen cel mai bun caz erau interesul amoros al personajului principal \u0219i, \u00een cazurile mai pu\u021bin fericite, erau ni\u0219te fiin\u021be ciudate, diferite, care fascinau de obicei printr-un singur lucru, sexualitatea lor. A\u0219a c\u0103 am vrut s\u0103 aduc \u00een literatura rom\u00e2n\u0103 o perspectiv\u0103 feminin\u0103 asupra adolescen\u021bei: proze \u00een care fetele sunt personaje principale \u0219i care vorbesc despre complexitatea rela\u021biilor cu b\u0103ie\u021bii, dar \u0219i despre complexitatea rela\u021biilor dintre fete. \u0218i am mai vrut s\u0103 m\u0103 joc cu cli\u0219ee \u0219i cu a\u0219tept\u0103rile cititorului: Raluca vrea s\u0103 se culce cu Tudor, \u00een timp ce Tudor pare s\u0103 nu vrea; prietenele din \u201eIntoxicare\u201d au grade diferite de frumuse\u021be, dar aleg s\u0103 nu intre \u00een competi\u021bie; fetele care fac autostopul \u00een \u201eNoi, flutura\u0219ii\u201d nu sunt fragile \u0219i \u00een pericol, ba din contr\u0103; bunica din \u201eBravo\u201d nu se arat\u0103 indignat\u0103 de pozi\u021bii sexuale din revistele pentru adolescen\u021bi, ci curioas\u0103 etc. Am \u00eencercat s\u0103 aplic acela\u0219i principiu personajelor masculine: preotul din \u201eFan Curier\u201d nu e un bigot; b\u0103ie\u021bii din \u201eFlutura\u0219ii\u201d nu sunt ni\u0219te brute capabile de orice, ci aleg s\u0103 \u00ee\u0219i exprime frustrarea\u2026 simbolic; declara\u021bia jignitoare din \u201eCealalt\u0103 Cristina\u201d se dovede\u0219te o complicat\u0103 declara\u021bie de dragoste. Cred \u00een capacitatea pove\u0219tilor de a deschide noi perspective pentru \u00een\u021belegerea lumii \u0219i pentru a ac\u021biona.<\/p>\n\n\n\n<h4 class=\"wp-block-heading\">2. Cum a decurs scrierea lui?<\/h4>\n\n\n\n<p class=\"has-drop-cap\">Prozele au fost scrise de-a lungul ultimilor nou\u0103 ani \u0219i definitivate \u00een ultimii doi, dar majoritatea erau pove\u0219ti pe care le aveam \u00een minte de mult timp. Cea mai veche dintre ele, \u201eFlutura\u0219ii\u201d, o proz\u0103 scris\u0103 \u00een timpul masterului din Anglia, a avut peste 25 de variante p\u00e2n\u0103 am sim\u021bit c\u0103 spun povestea pe care vreau s\u0103 o spun. Cele mai noi, \u201ePe\u0219ti\u0219orul r\u0103t\u0103citor\u201d \u0219i \u201eCyber Grandpa\u201d, mi-au ie\u0219it din doar dou\u0103-trei edit\u0103ri, deci procesul a devenit mai rapid \u0219i mai u\u0219or, gra\u021bie exerci\u021biului \u0219i cursurilor de scriere creativ\u0103. Dar scriu \u00eencet, editez maniacal, cer feedback de la prieteni, scriitori \u0219i nescriitori, \u0219i trec printr-un montaigne russe de emo\u021bii p\u00e2n\u0103 reu\u0219esc s\u0103 v\u0103d clar toate straturile pove\u0219tii \u0219i s\u0103 aduc textul la forma cea mai bun\u0103.<\/p>\n\n\n\n<h4 class=\"wp-block-heading\">3. Cum v\u0103 dori\u021bi s\u0103 fie citit volumul \u201eRaluca nu s-a culcat niciodat\u0103 cu Tudor\u201d?<\/h4>\n\n\n\n<p class=\"has-drop-cap\">Sper s\u0103 fie un volum pe care s\u0103-\u021bi fac\u0103 pl\u0103cere s\u0103-l cite\u0219ti, o lume \u00een care s\u0103 \u00ee\u021bi dore\u0219ti s\u0103 te afunzi. Am \u00eencercat s\u0103 pun ceva \u201epl\u0103cut\u201d \u00een fiecare proz\u0103, fie c\u0103 e natura, un personaj, o rela\u021bie, ceva pozitiv de care s\u0103 te po\u021bi ag\u0103\u021ba, indiferent ce altceva se mai \u00eent\u00e2mpl\u0103. A\u0219 vrea ca cititorii s\u0103 aib\u0103 momente c\u00e2nd r\u00e2d, dar \u0219i s\u0103 cad\u0103 pe g\u00e2nduri \u0219i s\u0103 se mai g\u00e2ndeasc\u0103 la proze \u0219i dup\u0103 ce au \u00eenchis cartea (nu asta \u00ee\u0219i dore\u0219te orice scriitor?). \u0218i poate merit\u0103 \u00eencercat\u0103 o lectur\u0103 cu melodiile men\u021bionate \u00een proze pe fundal. Adolescen\u021ba e momentul c\u00e2nd muzica conteaz\u0103 enorm \u0219i mi s-a p\u0103rut firesc s\u0103 includ versuri legate de ac\u021biunea pove\u0219tii, dar, reascult\u00e2nd recent melodiile, mi-am dat seama c\u0103 muzica \u00een sine \u00eembog\u0103\u021be\u0219te peisajul emo\u021bional al prozelor cu ni\u0219te tr\u0103iri specific adolescen\u021bei: un amestec de furie, energie \u0219i sete de via\u021b\u0103.<\/p>\n","protected":false},"excerpt":{"rendered":"<p>\u201eAm vrut s\u0103 aduc \u00een literatura rom\u00e2n\u0103 o perspectiv\u0103 feminin\u0103 asupra adolescen\u021bei.\u201d<\/p>\n","protected":false},"author":2,"featured_media":7570,"comment_status":"open","ping_status":"closed","sticky":false,"template":"","format":"standard","meta":{"_jetpack_memberships_contains_paid_content":false,"footnotes":""},"categories":[1616],"tags":[1652,1617,210,128,98,1653],"coauthors":[1278],"class_list":["post-7569","post","type-post","status-publish","format-standard","has-post-thumbnail","hentry","category-cum","tag-cristina-chira","tag-cum","tag-ego-proza","tag-polirom","tag-proza-scurta","tag-raluca-nu-s-a-culcat-niciodata-cu-tudor"],"jetpack_featured_media_url":"https:\/\/revistafamilia.ro\/wp-content\/uploads\/2023\/05\/CUM-Cristina-Chira-Raluca-Tudor-2560-\u00d7-1440-px.jpg","jetpack_sharing_enabled":true,"_links":{"self":[{"href":"https:\/\/revistafamilia.ro\/index.php?rest_route=\/wp\/v2\/posts\/7569","targetHints":{"allow":["GET"]}}],"collection":[{"href":"https:\/\/revistafamilia.ro\/index.php?rest_route=\/wp\/v2\/posts"}],"about":[{"href":"https:\/\/revistafamilia.ro\/index.php?rest_route=\/wp\/v2\/types\/post"}],"author":[{"embeddable":true,"href":"https:\/\/revistafamilia.ro\/index.php?rest_route=\/wp\/v2\/users\/2"}],"replies":[{"embeddable":true,"href":"https:\/\/revistafamilia.ro\/index.php?rest_route=%2Fwp%2Fv2%2Fcomments&post=7569"}],"version-history":[{"count":1,"href":"https:\/\/revistafamilia.ro\/index.php?rest_route=\/wp\/v2\/posts\/7569\/revisions"}],"predecessor-version":[{"id":7572,"href":"https:\/\/revistafamilia.ro\/index.php?rest_route=\/wp\/v2\/posts\/7569\/revisions\/7572"}],"wp:featuredmedia":[{"embeddable":true,"href":"https:\/\/revistafamilia.ro\/index.php?rest_route=\/wp\/v2\/media\/7570"}],"wp:attachment":[{"href":"https:\/\/revistafamilia.ro\/index.php?rest_route=%2Fwp%2Fv2%2Fmedia&parent=7569"}],"wp:term":[{"taxonomy":"category","embeddable":true,"href":"https:\/\/revistafamilia.ro\/index.php?rest_route=%2Fwp%2Fv2%2Fcategories&post=7569"},{"taxonomy":"post_tag","embeddable":true,"href":"https:\/\/revistafamilia.ro\/index.php?rest_route=%2Fwp%2Fv2%2Ftags&post=7569"},{"taxonomy":"author","embeddable":true,"href":"https:\/\/revistafamilia.ro\/index.php?rest_route=%2Fwp%2Fv2%2Fcoauthors&post=7569"}],"curies":[{"name":"wp","href":"https:\/\/api.w.org\/{rel}","templated":true}]}}