{"id":7507,"date":"2023-05-14T07:00:00","date_gmt":"2023-05-14T04:00:00","guid":{"rendered":"https:\/\/revistafamilia.ro\/?p=7507"},"modified":"2023-05-10T19:57:18","modified_gmt":"2023-05-10T16:57:18","slug":"trei-raspunsuri-despre-volumul-gene-dominante-de-la-autoarea-lui-stefania-mihalache","status":"publish","type":"post","link":"https:\/\/revistafamilia.ro\/?p=7507","title":{"rendered":"Trei r\u0103spunsuri despre volumul \u201eGene dominante\u201d de la autoarea lui, \u0218tefania Mihalache"},"content":{"rendered":"\n<h4 class=\"wp-block-heading\">1. Cum s-a conturat ideea volumului <strong>\u201eGene dominante\u201d<\/strong>?<\/h4>\n\n\n\n<p>Ini\u021bial am vrut s\u0103 scriu o carte de \u201epovestiri \u00een ram\u0103\u201d. Rama ar fi fost curtea casei celor dou\u0103 personaje pe care atunci le vedeam principale \u2013 doamna Craiu cea t\u00e2n\u0103r\u0103 \u0219i doamna Craiu cea b\u0103tr\u00e2n\u0103 \u2013, iar povestirile ar fi apar\u021binut vecinelor de pe str\u0103zile vecine, care ar fi considerat casa respectiv\u0103 o cas\u0103 deschis\u0103 la orice or\u0103, cu st\u0103p\u00e2ne gata oric\u00e2nd s\u0103 asculte. S-ar fi conturat astfel pove\u0219tile unor familii \u0219i ale unor timpuri (ante \u0219i postrevolu\u021bie). Treptat \u00eens\u0103, vocea nepoatei, Ileana, a preluat controlul, \u0219i mi-am dat seama c\u0103 pove\u0219tile aveau s\u0103 existe, dar urmau s\u0103 se stratifice altfel, \u0219i anume \u00een povestea cre\u0219terii \u0219i Ilenei, iar structura s-a revelat a fi cea a unui <em>coming of age in reverse<\/em>.<\/p>\n\n\n\n<h4 class=\"wp-block-heading\">2. Cum a decurs scrierea lui?<\/h4>\n\n\n\n<p class=\"has-drop-cap\">Scrierea a decurs la \u00eenceput \u00eencet, am luat \u0219i o pauz\u0103 destul de mare de la volum (cam 1,5-2 ani) pentru c\u0103 \u00eentre timp am scris volumul de poezie <em>Cronica Akasha<\/em>. <em>Gene dominante<\/em> a intrat \u00een ritm c\u00e2nd am g\u0103sit vocea personajului principal \u0219i apoi c\u00e2nd am c\u00e2\u0219tigat reziden\u021ba C\u0103rture\u0219ti (oferit\u0103 cu sprijinul Pro Patrimonio \u0219i al Asocia\u021biei Maria) \u0219i am stat o lun\u0103 la Vila Golescu \u00een C\u00e2mpulung Muscel, unde m-am concentrat foarte mult mai ales pe partea median\u0103 a volumului. C\u00e2nd m-am re\u00eentors din reziden\u021b\u0103, am reu\u0219it s\u0103 men\u021bin ritmul \u0219i focusul p\u00e2n\u0103 c\u00e2nd cartea a ajuns la final.<\/p>\n\n\n\n<h4 class=\"wp-block-heading\">3. Cum v\u0103 dori\u021bi s\u0103 fie citit volumul <strong>\u201eGene dominante\u201d<\/strong>?<\/h4>\n\n\n\n<p class=\"has-drop-cap\">\u00cemi doresc ca <em>Gene dominante<\/em> s\u0103 fie citit\u0103 cu emo\u021bia cu care ne transpunem \u00eentr-o zi nesf\u00e2r\u0219it\u0103 de var\u0103 din copil\u0103rie \u00een care p\u00e2n\u0103 \u0219i r\u0103nile, mai mici sau mai mari, sclipesc altfel \u00een lumina soarelui.<\/p>\n","protected":false},"excerpt":{"rendered":"<p>\u201e\u00cemi doresc ca <i>Gene dominante<\/i> s\u0103 fie citit\u0103 cu emo\u021bia cu care ne transpunem \u00eentr-o zi nesf\u00e2r\u0219it\u0103 de var\u0103 din copil\u0103rie \u00een care p\u00e2n\u0103 \u0219i r\u0103nile, mai mici sau mai mari, sclipesc altfel \u00een lumina soarelui.\u201d<\/p>\n","protected":false},"author":2,"featured_media":7508,"comment_status":"open","ping_status":"closed","sticky":false,"template":"","format":"standard","meta":{"_jetpack_memberships_contains_paid_content":false,"footnotes":""},"categories":[1616],"tags":[1617,1650,81,132,98,1649],"coauthors":[1278],"class_list":["post-7507","post","type-post","status-publish","format-standard","has-post-thumbnail","hentry","category-cum","tag-cum","tag-gene-dominante","tag-humanitas","tag-interviu","tag-proza-scurta","tag-stefania-mihalache"],"jetpack_featured_media_url":"https:\/\/revistafamilia.ro\/wp-content\/uploads\/2023\/05\/CUM-Stefania-Mihalache-Gene-2560-\u00d7-1440-px.jpg","jetpack_sharing_enabled":true,"_links":{"self":[{"href":"https:\/\/revistafamilia.ro\/index.php?rest_route=\/wp\/v2\/posts\/7507","targetHints":{"allow":["GET"]}}],"collection":[{"href":"https:\/\/revistafamilia.ro\/index.php?rest_route=\/wp\/v2\/posts"}],"about":[{"href":"https:\/\/revistafamilia.ro\/index.php?rest_route=\/wp\/v2\/types\/post"}],"author":[{"embeddable":true,"href":"https:\/\/revistafamilia.ro\/index.php?rest_route=\/wp\/v2\/users\/2"}],"replies":[{"embeddable":true,"href":"https:\/\/revistafamilia.ro\/index.php?rest_route=%2Fwp%2Fv2%2Fcomments&post=7507"}],"version-history":[{"count":1,"href":"https:\/\/revistafamilia.ro\/index.php?rest_route=\/wp\/v2\/posts\/7507\/revisions"}],"predecessor-version":[{"id":7509,"href":"https:\/\/revistafamilia.ro\/index.php?rest_route=\/wp\/v2\/posts\/7507\/revisions\/7509"}],"wp:featuredmedia":[{"embeddable":true,"href":"https:\/\/revistafamilia.ro\/index.php?rest_route=\/wp\/v2\/media\/7508"}],"wp:attachment":[{"href":"https:\/\/revistafamilia.ro\/index.php?rest_route=%2Fwp%2Fv2%2Fmedia&parent=7507"}],"wp:term":[{"taxonomy":"category","embeddable":true,"href":"https:\/\/revistafamilia.ro\/index.php?rest_route=%2Fwp%2Fv2%2Fcategories&post=7507"},{"taxonomy":"post_tag","embeddable":true,"href":"https:\/\/revistafamilia.ro\/index.php?rest_route=%2Fwp%2Fv2%2Ftags&post=7507"},{"taxonomy":"author","embeddable":true,"href":"https:\/\/revistafamilia.ro\/index.php?rest_route=%2Fwp%2Fv2%2Fcoauthors&post=7507"}],"curies":[{"name":"wp","href":"https:\/\/api.w.org\/{rel}","templated":true}]}}