{"id":7498,"date":"2023-05-13T07:00:00","date_gmt":"2023-05-13T04:00:00","guid":{"rendered":"https:\/\/revistafamilia.ro\/?p=7498"},"modified":"2023-05-10T10:45:48","modified_gmt":"2023-05-10T07:45:48","slug":"trei-raspunsuri-despre-volumul-oameni-care-m-au-trait-de-la-autoarea-lui-eugenia-crainic","status":"publish","type":"post","link":"https:\/\/revistafamilia.ro\/?p=7498","title":{"rendered":"Trei r\u0103spunsuri despre volumul \u201eOameni care m-au tr\u0103it\u201d de la autoarea lui, Eugenia Crainic"},"content":{"rendered":"\n<h4 class=\"wp-block-heading\">1. <strong>Cum s-a conturat ideea volumului \u201eOameni care m-au tr\u0103it\u201d?<\/strong><\/h4>\n\n\n\n<p><em>Oameni care m-au tr\u0103it<\/em> s-a n\u0103scut \u00een urma unei gesta\u021bii prelungite, de peste zece ani chiar, aceasta fiind v\u00e2rsta celei mai vechi povestiri din carte, intitulat\u0103 <em>Moarte \u00een lupanarul str\u0103jerilor<\/em>. De altfel, acest text, inspirat dintr-o tragedie petrecut\u0103 la R\u00e2\u0219nov, jude\u021bul Bra\u0219ov, a fost premiat \u00een cadrul Festivalului de Scriere Creativ\u0103 Mystery&amp;Thriller R\u00e2\u0219nov 2012, ideea scrierii lui venindu-mi dup\u0103 parcurgerea \u00eent\u00e2mpl\u0103toare a \u0219tirilor prezentate \u00eentr-un ziar local, care consemnau un viol oribil, astfel c\u0103 p\u00e2n\u0103 la construirea unei trame cu tent\u0103 poli\u021bist\u0103 a fost doar un pas. Alte povestiri au fost scrise c\u00e2nd azi, c\u00e2nd m\u00e2ine, \u00een func\u021bie de \u201emomentul lor\u201d, fiindc\u0103 exist\u0103 un timp al tuturor lucrurilor, nu-i a\u0219a? Atingerea final\u0103 \u00eens\u0103, \u00een privin\u021ba apari\u021biei acestui volum, a fost a editoarei Violeta Borzea, redactor-\u0219ef al Editurii Na\u021bional, cu care am colaborat anul trecut la publicarea volumului colectiv de povestiri de dragoste <em>Neterminatele iubiri<\/em>, unde fiecare dintre cele 14 autoare \u0219i-a povestit iubirile sau, \u00een cazul meu, neiubirile. Persuasiv\u0103, Violeta a insistat un an \u00eentreg asupra ideii de a-mi aduna proza scurt\u0103 \u00eentr-o carte, g\u0103sindu-i valen\u021be ne\u00eendoielnice, drept care i-am pus la dispozi\u021bie 35 de texte autentice, cuprinse \u00een <em>Oameni care m-au tr\u0103it<\/em>. Cartea a ap\u0103rut \u00een colec\u021bia de literatur\u0103 rom\u00e2n\u0103 contemporan\u0103 <em>Violet<\/em>, la <em>Editura pentru Art\u0103 \u0219i Literatur\u0103<\/em>, o divizie nou\u0103, dar independent\u0103, a Editurii Na\u021bional, \u00eenfiin\u021bat\u0103 de numai un an. M\u0103rturisesc c\u0103, v\u0103z\u00e2ndu-mi pove\u0219tile \u0219i povestirile laolalt\u0103, coabit\u00e2nd fericite, mi-am dat seama c\u0103 Violeta \u0219tia exact ce face, av\u00e2nd \u00een minte inclusiv ordinea fireasc\u0103 a fiec\u0103rei pove\u0219ti sau povestiri. Cam asta ar fi istoria roman\u021bat\u0103 a <em>Oamenilor care m-au tr\u0103it<\/em>.<\/p>\n\n\n\n<h4 class=\"wp-block-heading\">2. <strong>Cum a decurs scrierea lui?<\/strong><\/h4>\n\n\n\n<p class=\"has-drop-cap\">Dup\u0103 ce-am adunat toate povestirile deja scrise, dup\u0103 ce le-am rev\u0103zut, desc\u00e2lcit, piept\u0103nat cu pieptenele cu din\u021bi m\u0103run\u021bi, coafat \u0219i dat cu fixativ, am g\u0103sit cu cale s\u0103 completez c\u00e2teva istorioare cu unele noi, pe care mi le-am amintit \u00een timp ce le reciteam pe cele existente. Curgeau, aveam s\u0103 constat, drept care m-am oprit destul de greu. A\u0219a s-a n\u0103scut \u00een special capitolul \u201eSuflete care nu adorm\u201d, pe care mi l-am smuls din inim\u0103, l\u0103crim\u00e2nd, pur \u0219i simplu, \u00een timp ce-l scriam.<\/p>\n\n\n\n<h4 class=\"wp-block-heading\">3. <strong>Cum v\u0103 dori\u021bi s\u0103 fie citit volumul \u201eOameni care m-au tr\u0103it\u201d?<\/strong><\/h4>\n\n\n\n<p class=\"has-drop-cap\"><em>Tr\u0103ind<\/em> fiecare cuv\u00e2nt, <em>sim\u021bind<\/em> fiecare subtilitate, <em>v\u0103z\u00e2nd<\/em> fiecare col\u021bi\u0219or descris de mine acolo. <em>R\u00e2z\u00e2nd <\/em>sau<em> pl\u00e2ng\u00e2nd<\/em>, dup\u0103 cum \u00eei vine omului. Cititorilor c\u0103r\u021bii mele le-am scris, de altfel, \u00een cuv\u00e2ntul-\u00eenainte al <em>Oamenilor care m-au tr\u0103it<\/em>, c\u0103 \u201epelicula ars\u0103 pe margini, captiv\u0103 \u00eentre paginile acestea, pentru posteritate, \u00eemi va aduce beneficiul m\u00e2ntuirii prin cuv\u00e2nt, cuv\u00e2ntul fiindu-mi mum\u0103 \u0219i cium\u0103 \u00eenc\u0103 din zorii primelor rostiri. Fie-v\u0103, vou\u0103, de dar!\u201d Cu alte cuvinte, s\u0103 trateze cartea aceasta ca pe un dar pentru minte \u0219i inim\u0103. \u0218i atunci, sigur va fi la fel \u0219i pentru literatur\u0103.<\/p>\n","protected":false},"excerpt":{"rendered":"<p>\u201eAlte povestiri au fost scrise c\u00e2nd azi, c\u00e2nd m\u00e2ine, \u00een func\u021bie de \u00abmomentul lor\u00bb, fiindc\u0103 exist\u0103 un timp al tuturor lucrurilor, nu-i a\u0219a?\u201d<\/p>\n","protected":false},"author":2,"featured_media":7499,"comment_status":"open","ping_status":"closed","sticky":false,"template":"","format":"standard","meta":{"_jetpack_memberships_contains_paid_content":false,"footnotes":""},"categories":[1616],"tags":[1617,1646,1644,1645,98],"coauthors":[1278],"class_list":["post-7498","post","type-post","status-publish","format-standard","has-post-thumbnail","hentry","category-cum","tag-cum","tag-editura-pentru-arta-si-literatura","tag-eugenia-crainic","tag-oameni-care-m-au-trait","tag-proza-scurta"],"jetpack_featured_media_url":"https:\/\/revistafamilia.ro\/wp-content\/uploads\/2023\/05\/CUM-Eugenia-Crainic-Oameni-2560-\u00d7-1440-px.jpg","jetpack_sharing_enabled":true,"_links":{"self":[{"href":"https:\/\/revistafamilia.ro\/index.php?rest_route=\/wp\/v2\/posts\/7498","targetHints":{"allow":["GET"]}}],"collection":[{"href":"https:\/\/revistafamilia.ro\/index.php?rest_route=\/wp\/v2\/posts"}],"about":[{"href":"https:\/\/revistafamilia.ro\/index.php?rest_route=\/wp\/v2\/types\/post"}],"author":[{"embeddable":true,"href":"https:\/\/revistafamilia.ro\/index.php?rest_route=\/wp\/v2\/users\/2"}],"replies":[{"embeddable":true,"href":"https:\/\/revistafamilia.ro\/index.php?rest_route=%2Fwp%2Fv2%2Fcomments&post=7498"}],"version-history":[{"count":1,"href":"https:\/\/revistafamilia.ro\/index.php?rest_route=\/wp\/v2\/posts\/7498\/revisions"}],"predecessor-version":[{"id":7501,"href":"https:\/\/revistafamilia.ro\/index.php?rest_route=\/wp\/v2\/posts\/7498\/revisions\/7501"}],"wp:featuredmedia":[{"embeddable":true,"href":"https:\/\/revistafamilia.ro\/index.php?rest_route=\/wp\/v2\/media\/7499"}],"wp:attachment":[{"href":"https:\/\/revistafamilia.ro\/index.php?rest_route=%2Fwp%2Fv2%2Fmedia&parent=7498"}],"wp:term":[{"taxonomy":"category","embeddable":true,"href":"https:\/\/revistafamilia.ro\/index.php?rest_route=%2Fwp%2Fv2%2Fcategories&post=7498"},{"taxonomy":"post_tag","embeddable":true,"href":"https:\/\/revistafamilia.ro\/index.php?rest_route=%2Fwp%2Fv2%2Ftags&post=7498"},{"taxonomy":"author","embeddable":true,"href":"https:\/\/revistafamilia.ro\/index.php?rest_route=%2Fwp%2Fv2%2Fcoauthors&post=7498"}],"curies":[{"name":"wp","href":"https:\/\/api.w.org\/{rel}","templated":true}]}}