{"id":6905,"date":"2023-03-11T10:27:52","date_gmt":"2023-03-11T07:27:52","guid":{"rendered":"https:\/\/revistafamilia.ro\/?p=6905"},"modified":"2023-03-11T10:27:58","modified_gmt":"2023-03-11T07:27:58","slug":"poeme-de-moni-stanila","status":"publish","type":"post","link":"https:\/\/revistafamilia.ro\/?p=6905","title":{"rendered":"Poeme de Moni St\u0103nil\u0103"},"content":{"rendered":"\n<pre class=\"wp-block-verse\"><strong>...\n<\/strong>\nJum\u0103tate de ora\u0219 e sub cea\u021b\u0103, jum\u0103tate \u2013 deasupra norilor. \nDimine\u021bile de dinainte de internet. Fotografiate, \nciorile par frunze negre mi\u0219cate de aer. E aproape iarn\u0103.\nS\u0103 fac cur\u0103\u021benie, s\u0103 fac o baie, s\u0103 merg la un eveniment. Dar p\u00e2n\u0103 atunci \ndimine\u021bile de dinainte de facebook: trezirea mai lent\u0103, cu \nmai pu\u021bine ur\u0103ri de la mul\u021bi ani, f\u0103r\u0103 condolean\u021be sub post\u0103rile prietenilor.\n\nC\u00e2te imagini cu mamele din copil\u0103riile noastre mai putem rula \n\u00een minte dup\u0103 40? Chipul ei de acum se pliaz\u0103 peste chipul t\u00e2n\u0103r,\nmama de atunci e mama de acum. A\u0219a \u021bi-o aminte\u0219ti. \nMama cea t\u00e2n\u0103r\u0103 e \u00een fotografii. \u0218i \u00een inima tat\u0103lui.\nMama de acum \u00ee\u021bi preg\u0103te\u0219te c\u00e2nd vii acas\u0103 ardei umplu\u021bi \u0219i musaca,\n\u00ee\u021bi \u00eendreapt\u0103 cutele sacoului c\u00e2nd se a\u0219az\u0103 \u00een spatele t\u0103u la biseric\u0103,\n\nmama de acum ruleaz\u0103 direct \u00een inim\u0103 imagini cu toate \nv\u00e2rstele tale, cu toate v\u00e2rstele surorilor tale.\n\u0218i \u00eenainte de ziua ei \nviseaz\u0103 c\u0103 ai fentat pandemia \u0219i ai reu\u0219it totu\u0219i s\u0103 vii.\n\n\u2003\n<strong>...\n<\/strong>\nO cas\u0103 frumoas\u0103 nu are etaj, nici piscin\u0103. Are dulapuri ascunse sub oglinzi, \u021bigl\u0103 ro\u0219ie, gr\u0103din\u0103 uria\u0219\u0103 cu meri b\u0103tr\u00e2ni, un pridvor \u00eenalt l\u00e2ng\u0103 care doarme un c\u00e2ine l\u0103\u021bos.\nCasa e \u00eenconjurat\u0103 de flori \u0219i scaune, are un pod din lemn, iar b\u00e2rnele p\u0103streaz\u0103 c\u0103ldura m\u00e2inilor unui str\u0103bunic priceput. B\u00e2rnele sunt puternice ca neamul din care se trag locuitorii casei. Sub ele at\u00e2rna c\u00e2ndva o oglind\u0103 \u0219i un brici. Acum buchete de sun\u0103toare se clatin\u0103 \u00een v\u00e2nt \u2013 clopote de l\u00e2n\u0103 eliber\u00e2nd \u00een jur lumina.  \nOile nu mai rad trifoiul gras din spatele casei. Nici boii nu mai \u00eenc\u0103lzesc grajdul l\u00e2ng\u0103 care doarme un c\u00e2ine cu vederea slab\u0103. Dar casa a r\u0103mas la fel de frumoas\u0103. Ferestrele ei proiecteaz\u0103 cruci str\u0103vezii pe pere\u021bii albi. U\u0219ile sunt praguri. De la singur\u0103tate la dragoste cu miros de colaci, la fo\u0219netul p\u0103durilor de fagi.\nCeapa cre\u0219te \u00een straturi str\u0103lucind dup\u0103 ploaie. \u00cenaintea porumbului \u2013 bujori \u0219i gherghine. Mierle, sturzi \u0219i pi\u021bigoi cur\u0103\u021b\u0103 crengile pomilor \u0219i c\u0103r\u0103rile dintre r\u00e2ndurile de cartofi. Curcubeie se \u00eentind peste acoperi\u0219 ca \u00een desenele pre\u0219colarilor. \nPoarta e verde. Obligatoriu verde. Fiindc\u0103 verde e lumea, fiindc\u0103 o cas\u0103 frumoas\u0103 are o mam\u0103 \u0219i un tat\u0103.\n\n\n\n\u2003\n<strong>...\n<\/strong>\nC\u00e2nd \u00eemi deschid bra\u021bele \npieptul absoarbe lumea ca\npartea de jos a unei clepsidre.\nDintre to\u021bi oamenii pe care \u00eei cunosc, \ndoar eu pot spune\nde zece ori pe zi\nsunt\n\nfericit\u0103.\n\nCrassula cre\u0219te la picioarele mele \nf\u0103r\u0103 s\u0103 se mi\u0219te \u00een v\u00e2nturile aspre \nde pe Pietrarilor. E imaginea \nmea din avioane,\nad\u00e2ncul meu ne\u00eemp\u0103rt\u0103\u0219it.\n\nCrassula, catalpa,\nnorii care se dau de-a dura \npe s\u00e2rmele de telegraf.\n\nTot ce mi-a\u0219 mai putea dori\nsunt 10 oi \u0219i 1 v\u00e2rf de munte.\nTot ce \u021bi-a\u0219 mai putea dori\nsunt 10 ra\u021be \u0219i 1 col\u021b de mare\npe care vara s\u0103 le \u00eempar\u021bi cu mine.\n\n\n\u2003\n<strong>...\n<\/strong>\nDe la fereastra salonului 509 se vede blocul \u00een care ar trebui s\u0103 m\u0103 mut \n\u0219i m\u0103 g\u00e2ndesc la Moise c\u00e2nd a privit de pe munte \u021aara F\u0103g\u0103duit\u0103.\n\nA\u0219a dramatiz\u0103m noi, oamenii zilelor u\u0219oare,\ncu televizoare \u0219i analgezice, cu alergii la soare \u0219i flori.\n\nAm ie\u0219it din salon \u0219i c\u00e2nd m-am \u00eentors eram un om diferit, \nacum pe planet\u0103 sunt c\u00e2\u021biva oameni \u00een plus\n\u00een fa\u021ba c\u0103rora am stat ca trupul bunicii preg\u0103tit de ultima \u00eemb\u0103iere.\n\nDar eu am deschis ochii \n\u0219i le-am strigat: exact asta am visat eu ieri! Era un fel \nde garan\u021bie pe care \u021bineam s\u0103 le-o dau \u2013 \u0219tiu tot ce s-a \u00eent\u00e2mplat.\n\n\u00cemi doresc s\u0103 fac zece pa\u0219i p\u00e2n\u0103 la fereastr\u0103. \n\n\n\u2003\n<strong>...\n<\/strong>\nChiar dac\u0103 a trecut mult timp de c\u00e2nd am v\u0103zut Soprano prima oar\u0103, \u021bin minte \ncum a jucat el, cum mi\u0219ca palma c\u00e2nd era furios sau \nc\u00e2nd trebuia s\u0103 fie furios,\ncum se zb\u0103tea pe patul de spital. \u0218i \u00eemi aminteam de tata, el a trecut \npe bune prin spital, dar Gandolfini p\u0103rea la fel de adev\u0103rat. \nFiul lui avea 10 ani c\u00e2nd l-a g\u0103sit mort \u00een camera de hotel, \nel \u2013 cu 10 mai mult dec\u00e2t mine. \u0218i mi se pare nedrept \npentru c\u0103 Tony Soprano ar fi fost rampa lui de lansare \u00een cinematografia de v\u00e2rf.\n\nNu pot s\u0103 m\u0103 mai uit la film. M\u0103 scoate din min\u021bi scenaristul \ncu glumele lui proaste \u0219i cinice, ori de c\u00e2te ori Paulie sau Criss \nr\u00e2d pe seama ta, c\u0103 e\u0219ti gras, c\u0103 poate o s\u0103 mori de infarct. Am convingerea \nc\u0103 to\u021bi \u0219tiu c\u00e2t e\u0219ti de bolnav, c\u00e2t de greu respiri, dar le convine. \n\nA\u0219a trebuie s\u0103 fie Tony Soprano, James Gandolfini \u2013 un om bolnav \nde inim\u0103, care d\u0103 totul pentru un serial tv.\n\n\n<\/pre>\n","protected":false},"excerpt":{"rendered":"<p>*<\/p>\n","protected":false},"author":237,"featured_media":6906,"comment_status":"open","ping_status":"open","sticky":false,"template":"","format":"standard","meta":{"_jetpack_memberships_contains_paid_content":false,"footnotes":""},"categories":[1536,30],"tags":[1537,1510,1493,9],"coauthors":[1539],"class_list":["post-6905","post","type-post","status-publish","format-standard","has-post-thumbnail","hentry","category-box-office-poezia","category-poezie","tag-box-office-poezia","tag-moni-stanila","tag-nr-11-12-2022","tag-poezie"],"jetpack_featured_media_url":"https:\/\/revistafamilia.ro\/wp-content\/uploads\/2023\/03\/Moni-Stanila-scaled.jpg","jetpack_sharing_enabled":true,"_links":{"self":[{"href":"https:\/\/revistafamilia.ro\/index.php?rest_route=\/wp\/v2\/posts\/6905","targetHints":{"allow":["GET"]}}],"collection":[{"href":"https:\/\/revistafamilia.ro\/index.php?rest_route=\/wp\/v2\/posts"}],"about":[{"href":"https:\/\/revistafamilia.ro\/index.php?rest_route=\/wp\/v2\/types\/post"}],"author":[{"embeddable":true,"href":"https:\/\/revistafamilia.ro\/index.php?rest_route=\/wp\/v2\/users\/237"}],"replies":[{"embeddable":true,"href":"https:\/\/revistafamilia.ro\/index.php?rest_route=%2Fwp%2Fv2%2Fcomments&post=6905"}],"version-history":[{"count":1,"href":"https:\/\/revistafamilia.ro\/index.php?rest_route=\/wp\/v2\/posts\/6905\/revisions"}],"predecessor-version":[{"id":6908,"href":"https:\/\/revistafamilia.ro\/index.php?rest_route=\/wp\/v2\/posts\/6905\/revisions\/6908"}],"wp:featuredmedia":[{"embeddable":true,"href":"https:\/\/revistafamilia.ro\/index.php?rest_route=\/wp\/v2\/media\/6906"}],"wp:attachment":[{"href":"https:\/\/revistafamilia.ro\/index.php?rest_route=%2Fwp%2Fv2%2Fmedia&parent=6905"}],"wp:term":[{"taxonomy":"category","embeddable":true,"href":"https:\/\/revistafamilia.ro\/index.php?rest_route=%2Fwp%2Fv2%2Fcategories&post=6905"},{"taxonomy":"post_tag","embeddable":true,"href":"https:\/\/revistafamilia.ro\/index.php?rest_route=%2Fwp%2Fv2%2Ftags&post=6905"},{"taxonomy":"author","embeddable":true,"href":"https:\/\/revistafamilia.ro\/index.php?rest_route=%2Fwp%2Fv2%2Fcoauthors&post=6905"}],"curies":[{"name":"wp","href":"https:\/\/api.w.org\/{rel}","templated":true}]}}