{"id":5504,"date":"2022-08-30T08:59:13","date_gmt":"2022-08-30T05:59:13","guid":{"rendered":"https:\/\/revistafamilia.ro\/?p=5504"},"modified":"2022-08-30T09:00:56","modified_gmt":"2022-08-30T06:00:56","slug":"poeme-de-emanuela-ignatoiu-sora","status":"publish","type":"post","link":"https:\/\/revistafamilia.ro\/?p=5504","title":{"rendered":"Poeme de Emanuela Ign\u0103\u0163oiu-Sora"},"content":{"rendered":"\n<pre class=\"wp-block-verse\">***\n\n\u00een ziua aceea, tobele au amu\u021bit\nsatul se golise \u2013 nu \u00ee\u0219i mai amintea dac\u0103 dintr-odat\u0103, cum vin valurile seculare, sau furtunile, sau chiar verile caniculare\n\u00ee\u0219i f\u0103cuse obiceiul s\u0103 mearg\u0103 din cas\u0103 \u00een cas\u0103\nmai \u00eent\u00e2i cu sfial\u0103, nu se cade s\u0103 intri oricum \u00een casa omului,\nse uita la poamele din copaci \u2013 acela a fost un an rodnic \u2013 la butoaiele pline din beciuri\nla borcanele \u00een\u0219irate ca solda\u021bii\nacas\u0103 deschidea dic\u021bionarele grele, cu foaia alb\u0103,\ncitea p\u00e2n\u0103 la tocire cuvinte ca preaplin, lini\u0219te, ap\u0103sare\npe Mihai \u00eel g\u0103sise din \u00eent\u00e2mplare\nprins \u00een peretele v\u0103ruit \u00een albastru \u2013 culoarea satelor dobrogene\nr\u0103m\u0103sese din el pleura \u2013 o pleur\u0103 vorbitoare\n\u0219i \u00eempreun\u0103 rosteam cuvinte\nrosteam cuvinte p\u00e2n\u0103 la epuizare\nlini\u0219te, preaplin, ap\u0103sare.\n\n\n***\n\nEram indeci\u0219i, dar tare curio\u0219i s\u0103 afl\u0103m cum e excursia perfect\u0103\nAm \u00eenceput cu mici, foarte mici sondaje \u2013 dou\u0103-trei \u00eentreb\u0103ri\nne \u00een\u021belegeam prea bine ca s\u0103 o d\u0103m rasol\nf\u0103ceam cu r\u00e2ndul la netezirea asperit\u0103\u021bilor\nse lucra din greu ca niciun cuv\u00e2nt, amintire sau poticnire s\u0103 nu ne \u00eencurce\nLucram cu \u00eenver\u0219unare, stahanovist, t\u0103iam, modelam, decoram\nDin afar\u0103 p\u0103ream un acvariu senin, ca mai \ntoate acvariile din lume, unde vie\u021buitoarele se \u00een\u021beleg de minune\n<em>For a fee, snorkelers and divers can get even closer to the fish, sharks, and rays by joining the aquarium\u2019s dive master in exploring the main tank<\/em>\nPrivitorul nu are acces la \u00eent\u00e2lnirile ratate, la noaptea care se las\u0103 grea, st\u00e2njenitoare, la s\u0103ge\u021bile care curg \u00eentre noi ca r\u00e2urile, \n\u00cen jurul nostru mesele se eliberau, se aduceau alte fe\u021be de mas\u0103, tac\u00e2muri noi, oliviere\n\nDar noi lucram cu \u00eenver\u0219unare, stahanovist, t\u0103iam, modelam, decoram\nDecoram, modelam, ad\u0103ugam, ad\u0103ugam, decoram, modelam.\n\n\n*** \n\nMul\u021bi ani am avut o singur\u0103 fantezie\nS\u0103 stau la un pahar de vin cu Ferlinghetti\nfusese anevoios s\u0103 ajung p\u00e2n\u0103 acolo\npatru-cinci ore de mers for\u021bat\no potec\u0103 sinuoas\u0103\nplante umezite de c\u0103ldur\u0103, plante care se aga\u021b\u0103 de te miri unde,\nspaima de \u0219erpi, \nO urcare complicat\u0103, casa lui Ferlinghetti stoic\u0103 \u0219i calm\u0103\norbitoare \u0219i dulce, ca vorba unui prieten \u00eentr-un moment de \u00eempov\u0103rare\nPe el nu-l vedeam niciodat\u0103 \u00een fantezie\ndoar \u00eei sim\u021beam prezen\u021ba \u00een dreapta\nsilueta, paharul de vin alb care se mi\u0219ca dintr-o m\u00e2n\u0103 \u00een alta\n\u00cen fa\u021ba noastr\u0103 oceanul.\n\n\u2003\n***\n\n\u00cen ziua aceea \u0219i-a dorit s\u0103 fie frumoas\u0103\ndorin\u021ba ei nu avea nimic de a face cu corpul\nun moment de perfec\u021biune \u2013 asta c\u0103uta\no zi luminoas\u0103, pe o plaj\u0103 rotund\u0103 \u0219i alb\u0103, \ncu valuri mici, cu valuri m\u0103runte, de tihn\u0103\n\n\u00cen ziua aceea \u0219i-a dorit s\u0103 fie frumoas\u0103.\n\n\u2003\n***\n\n\u00cen al 40-lea an al vie\u021bii mele\nam plecat \u00een America.\nde\u0219ertul mi se \u00eentindea la picioare ca o felin\u0103 de munte\n\u00cen drumul nostru trecuser\u0103m pe l\u00e2ng\u0103 cartiere cotropite de soare\npiscine golite, pere\u021bi r\u0103ma\u0219i \u00een picioare \nobiecte r\u0103puse\nca dup\u0103 o explozie nuclear\u0103\ntinere\u021bea \u00een urm\u0103, paji\u0219ti netede, str\u0103lucitoare\n\nimaculat era cuv\u00e2ntul pe care \u00eel c\u0103utam\nfa\u021ba de mas\u0103 pe care o \u00eentindeam duminica, la pr\u00e2nz, \ndar acum eram \u00een America \nma\u0219inile zb\u00e2rn\u00e2iau pe l\u00e2ng\u0103 noi,\nFord Mustang, Chevrolet Corvette, Plymouth Barracuda,\ntrebuia s\u0103 tragem aer \u00een piept, s\u0103 ne facem curaj\nprezentul \u00een fa\u021b\u0103\nde\u0219ertul ca o cuvertur\u0103.\n<\/pre>\n","protected":false},"excerpt":{"rendered":"<p>*** \u00een ziua aceea, tobele au amu\u021bit satul se golise \u2013 nu \u00ee\u0219i mai amintea dac\u0103 dintr-odat\u0103, cum vin valurile seculare, sau furtunile, sau chiar verile caniculare \u00ee\u0219i f\u0103cuse obiceiul s\u0103 mearg\u0103 din cas\u0103 \u00een cas\u0103 mai \u00eent\u00e2i cu sfial\u0103, nu se cade s\u0103 intri oricum \u00een casa omului, se uita la poamele din copaci \u2013 acela a fost un an rodnic \u2013 la butoaiele pline din beciuri la borcanele \u00een\u0219irate ca solda\u021bii acas\u0103 deschidea dic\u021bionarele grele, cu foaia alb\u0103, citea p\u00e2n\u0103 la tocire cuvinte ca preaplin, lini\u0219te, ap\u0103sare pe Mihai \u00eel g\u0103sise din \u00eent\u00e2mplare prins \u00een peretele v\u0103ruit \u00een<\/p>\n","protected":false},"author":189,"featured_media":5491,"comment_status":"open","ping_status":"open","sticky":false,"template":"","format":"standard","meta":{"_jetpack_memberships_contains_paid_content":false,"footnotes":""},"categories":[30],"tags":[1332,1315,723],"coauthors":[1331],"class_list":["post-5504","post","type-post","status-publish","format-standard","has-post-thumbnail","hentry","category-poezie","tag-emanuela-ignatoiu-sora","tag-nr-6-2022","tag-poeme"],"jetpack_featured_media_url":"https:\/\/revistafamilia.ro\/wp-content\/uploads\/2022\/08\/Ema_Ignatoiu.jpg","jetpack_sharing_enabled":true,"_links":{"self":[{"href":"https:\/\/revistafamilia.ro\/index.php?rest_route=\/wp\/v2\/posts\/5504","targetHints":{"allow":["GET"]}}],"collection":[{"href":"https:\/\/revistafamilia.ro\/index.php?rest_route=\/wp\/v2\/posts"}],"about":[{"href":"https:\/\/revistafamilia.ro\/index.php?rest_route=\/wp\/v2\/types\/post"}],"author":[{"embeddable":true,"href":"https:\/\/revistafamilia.ro\/index.php?rest_route=\/wp\/v2\/users\/189"}],"replies":[{"embeddable":true,"href":"https:\/\/revistafamilia.ro\/index.php?rest_route=%2Fwp%2Fv2%2Fcomments&post=5504"}],"version-history":[{"count":4,"href":"https:\/\/revistafamilia.ro\/index.php?rest_route=\/wp\/v2\/posts\/5504\/revisions"}],"predecessor-version":[{"id":5511,"href":"https:\/\/revistafamilia.ro\/index.php?rest_route=\/wp\/v2\/posts\/5504\/revisions\/5511"}],"wp:featuredmedia":[{"embeddable":true,"href":"https:\/\/revistafamilia.ro\/index.php?rest_route=\/wp\/v2\/media\/5491"}],"wp:attachment":[{"href":"https:\/\/revistafamilia.ro\/index.php?rest_route=%2Fwp%2Fv2%2Fmedia&parent=5504"}],"wp:term":[{"taxonomy":"category","embeddable":true,"href":"https:\/\/revistafamilia.ro\/index.php?rest_route=%2Fwp%2Fv2%2Fcategories&post=5504"},{"taxonomy":"post_tag","embeddable":true,"href":"https:\/\/revistafamilia.ro\/index.php?rest_route=%2Fwp%2Fv2%2Ftags&post=5504"},{"taxonomy":"author","embeddable":true,"href":"https:\/\/revistafamilia.ro\/index.php?rest_route=%2Fwp%2Fv2%2Fcoauthors&post=5504"}],"curies":[{"name":"wp","href":"https:\/\/api.w.org\/{rel}","templated":true}]}}