{"id":4200,"date":"2022-05-06T17:00:46","date_gmt":"2022-05-06T14:00:46","guid":{"rendered":"https:\/\/revistafamilia.ro\/?p=4200"},"modified":"2022-05-06T17:01:23","modified_gmt":"2022-05-06T14:01:23","slug":"labis-jurnalul-pierdut-fragment%ef%bf%bc","status":"publish","type":"post","link":"https:\/\/revistafamilia.ro\/?p=4200","title":{"rendered":"Labi\u0219. Jurnalul pierdut<br> <small>(fragment)<\/small>"},"content":{"rendered":"\n<div class=\"wp-block-group has-cyan-bluish-gray-background-color has-background\"><div class=\"wp-block-group__inner-container is-layout-flow wp-block-group-is-layout-flow\">\n<div class=\"wp-block-group\"><div class=\"wp-block-group__inner-container is-layout-flow wp-block-group-is-layout-flow\">\n<p class=\"has-small-font-size\">Nicolae Labi\u015f s-a n\u0103scut pe 2 decembrie 1935 \u00eentr-o familie de \u00eenv\u0103\u0163\u0103tori, \u00een Poiana M\u0103rului, M\u0103lini, Suceava. A fost un copil precoce, care citea de la cinci ani \u015fi era interesat de teatru. \u00cen timpul celui de-al Doilea R\u0103zboi Mondial, cu tat\u0103l plecat pe front, familia s-a refugiat l\u00e2ng\u0103 C\u00e2mpulung-Muscel, unde a trecut prin greut\u0103\u0163i care aveau s\u0103 influen\u0163eze decisiv parcursul artistic al viitorului scriitor. \u00cen special foametea pe care au \u00eendurat-o \u015fi dup\u0103 revenirea tat\u0103lui \u015fi \u00eentoarcerea \u00een Moldova, \u00een 1945, \u015fi-a l\u0103sat amprenta asupra modului s\u0103u de g\u00e2ndire. Aceasta a fost \u015fi perioada \u00een care a \u00eenceput s\u0103 scrie versuri. A studiat la F\u0103lticeni \u015fi la Ia\u015fi, unde s-a remarcat printr-un talent poetic deja evident, prin cultura general\u0103 vast\u0103, dar \u015fi printr-o atitudine rebel\u0103 \u015fi d\u00e2rz\u0103, care avea s\u0103-l \u00eenso\u0163easc\u0103 p\u00e2n\u0103 la final.<\/p>\n\n\n\n<p class=\"has-small-font-size\">A publicat \u00een reviste \u015fi a ob\u0163inut rezultate \u015fcolare remarcabile. La 15 septembrie 1952, a \u00eenceput s\u0103 frecventeze cursurile \u015ecolii de Literatur\u0103 \u015fi Critic\u0103 Literar\u0103 \u201eMihai Eminescu\u201d din Bucure\u015fti, o institu\u0163ie experimental\u0103 desfiin\u0163at\u0103 \u00een 1955. Acolo a legat primele prietenii literare durabile \u015fi s-a impus \u00een scurt timp ca una dintre vocile poetice cele mai puternice \u015fi mai autentice ale epocii sale. A fost o perioad\u0103 dificil\u0103, marcat\u0103 de o serie de conflicte f\u0103\u0163i\u015fe pe care le-a avut cu reprezentan\u0163i de marc\u0103 ai proletcultismului \u015fi ai g\u00e2ndirii politice de partid. \u00cen 1955 s-a \u00eenscris la cursurile Facult\u0103\u0163ii de Filologie a Universit\u0103\u0163ii din Bucure\u015fti, de unde a fost exmatriculat din cauza absen\u0163elor. \u00cen 1956 a publicat primele dou\u0103 c\u0103r\u0163i, <em>Puiul de cerb<\/em> (o carte pentru copii) \u015fi <em>Primele iubiri<\/em> (pe care o considera adev\u0103ratul s\u0103u debut). Totodat\u0103 a l\u0103sat editurii, \u00een form\u0103 aproape final\u0103, volumul <em>Lupta cu iner\u0163ia<\/em>, dup\u0103 ce revenise de mai multe ori asupra lui, fiind cenzurat masiv. A murit \u00een decembrie 1956, dup\u0103 o spitalizare de c\u00e2teva zile \u00een urma unui accident de tramvai, petrecut \u00een condi\u0163ii neelucidate, asupra c\u0103ruia planeaz\u0103 suspiciuni \u015fi controverse nerezolvate nici \u00een ziua de azi.<\/p>\n<\/div><\/div>\n<\/div><\/div>\n\n\n\n<hr class=\"wp-block-separator\"\/>\n\n\n\n<h4 class=\"has-text-align-center wp-block-heading\">Fragment<\/h4>\n\n\n\n<h5 class=\"has-text-align-right wp-block-heading\"><em>28 februarie<\/em><\/h5>\n\n\n\n<p>S-a g\u0103sit \u0219i pentru mine un loc la <em>Gazeta literar\u0103<\/em>, \u00een sf\u00e2r\u0219it. A fost pl\u0103cut la <em>Contemporanul<\/em>, dar eu dup\u0103 <em>Gazet\u0103 <\/em>t\u00e2njeam. Nu e locul pe care \u00eel voiam, la sec\u021bia de Poezie, acolo taie \u0219i sp\u00e2nzur\u0103 Camil Baltazar \u0219i se pare c\u0103 pe mine nu m\u0103 are \u00een gra\u021bii, ci la sec\u021bia de Critic\u0103 literar\u0103. E bine \u0219i acolo, c\u00e2t\u0103 vreme iese un ban cinstit. \u00cen mare, eu sunt acela care prime\u0219te to\u021bi debutan\u021bii, le cite\u0219te manuscrisele \u0219i pe cei de valoare \u00eei selecteaz\u0103 \u0219i \u00eei trimite mai sus, spre publicare. Pe mul\u021bi \u00eei ajut, scot creionul \u0219i, unde se poate, le \u00eendrept poeziile \u0219i cu acordul lor \u00eei trimit mai departe. Unii ajung s\u0103 fie \u0219i publica\u021bi.<\/p>\n\n\n\n<h5 class=\"has-text-align-right wp-block-heading\"><em>1 martie<\/em><\/h5>\n\n\n\n<p class=\"has-drop-cap\">Azi, \u00een curte la <em>Via\u021ba rom\u00e2neasc\u0103<\/em>, l-am \u00eent\u00e2lnit pentru prima oar\u0103 pe tovar\u0103\u0219ul Arghezi. Mi-a \u00eentins m\u00e2na \u0219i mi-a mul\u021bumit pentru o carte pe care i-o trimisesem anul trecut \u0219i m-a poftit pe la M\u0103r\u021bi\u0219or s\u0103 \u00eemi dea \u0219i el o carte. Povestea c\u0103r\u021bii pe care i-am trimis-o e o aventur\u0103 \u00een sine. Merit\u0103 relatat\u0103. \u00cen urm\u0103 cu un an am aflat, \u00een nu mai \u0219tiu ce conjunctur\u0103, c\u0103 maestrului \u00eei lipsea un exemplar princeps din volumul s\u0103u, <em>C\u0103rticica de sear\u0103<\/em>. Eu o avem \u00een colec\u021bia mea, de la prietenul meu anticar. A\u0219a c\u0103 mi-a trecut prin cap s\u0103 i-o trimit prin po\u0219t\u0103. Cum \u0219tiam c\u0103 toat\u0103 coresponden\u021ba lui este urm\u0103rit\u0103, nu am trecut nimic la expeditor, \u00eens\u0103 pentru a \u0219ti totu\u0219i c\u0103 am fost eu, m-am semnat pe carte. A apreciat gluma. \u201e\u00centr-adev\u0103r \u00eemi lipsea\u201c, mi-a zis, \u201ete poftesc s\u0103 vii negre\u0219it\u201c. Nu \u0219tiu dac\u0103 voi ajunge, dar tare m-a bucurat invita\u021biunea lui. Se gr\u0103bea s\u0103 ajung\u0103 la Beniuc. Ce-o fi c\u0103ut\u00e2nd la \u0219arpele \u0103la? Nu \u0219tie oare c\u0103 din pricina unora ca el a avut de suferit tot ce a suferit? M\u0103car de l-ar reprimi \u00een gra\u021bii, dar oare cu ce cost? Eu sunt convins c\u0103 nu din pricina politicii culturale cu accente proletcultiste a fost sacrificat Arghezi, el a fost negat \u0219i c\u0103lcat \u00een picioare pentru c\u0103 \u00een sf\u00e2r\u0219it s-au putut servi de ceva s\u0103 o fac\u0103. De la invidia mediocrit\u0103\u021bilor cu putere de azi i se trage, \u0219i nu de la ideologie. Nulit\u0103\u021bi care au pus m\u00e2na pe condeiul vr\u0103jit din care storc mar\u0219uri \u0219i imnuri de slav\u0103 pentru o f\u0103r\u00e2m\u0103 de putere politic\u0103 ori administrativ\u0103 \u0219i c\u0103rora acum le put \u201emodernismul\u201c \u0219i valorile interbelicului pentru c\u0103 \u0219tiu c\u0103 nicic\u00e2nd nu vor putea ajunge la calitatea aceea. \u0218i atunci aceia trebuie strivi\u021bi sub bocanc, s\u0103 li se uite \u0219i numele \u0219i nimeni cu capul pe umeri s\u0103 nu-i poat\u0103 vreodat\u0103 compara.<\/p>\n\n\n\n<h5 class=\"has-text-align-right wp-block-heading\"><em>19 martie<\/em><\/h5>\n\n\n\n<p class=\"has-drop-cap\">Ce este r\u0103ul? Nimic altceva dec\u00e2t o absen\u021b\u0103 a binelui. \u0218i cum binele \u00een lumea noastr\u0103 este tot mai rar \u0219i mai pu\u021bin, cred c\u0103 suntem \u00eendrept\u0103\u021bi\u021bi s\u0103 vorbim despre o generalizare a r\u0103ului. Binele mai e f\u0103cut doar la nivel individual, din generozitatea unuia sau a altuia, \u00eens\u0103 el nu mai e nicidecum un scop social. Lumea noastr\u0103 nu se mai \u00eendreapt\u0103 spre bine, spre construc\u021bia lui, ci pare condus\u0103 mai degrab\u0103 de haos, \u00een care ipocrizia, minciuna, exploatarea, batjocura se pot manifesta \u00een voie, ne\u00eengr\u0103dite de nimic.<\/p>\n","protected":false},"excerpt":{"rendered":"<p>Editura Polirom v\u0103 prezint\u0103 un fragment din volumul <i>Labi\u0219. Jurnalul pierdut<\/i> de Cosmin Per\u021ba, care va ap\u0103rea \u00een cur\u00e2nd \u00een colec\u021bia Biografii roman\u021bate.<\/p>\n","protected":false},"author":68,"featured_media":4201,"comment_status":"open","ping_status":"closed","sticky":false,"template":"","format":"standard","meta":{"_jetpack_memberships_contains_paid_content":false,"footnotes":""},"categories":[164,29],"tags":[170,625,361,970,969,128],"coauthors":[],"class_list":["post-4200","post","type-post","status-publish","format-standard","has-post-thumbnail","hentry","category-avanpremiere","category-fictiune","tag-avanpremiera","tag-biografii-romantate","tag-cosmin-perta","tag-jurnalul-pierdut","tag-labis","tag-polirom"],"jetpack_featured_media_url":"https:\/\/revistafamilia.ro\/wp-content\/uploads\/2022\/05\/Labis_Jurnalul-pierdut_Biografii-romantate-a.jpg","jetpack_sharing_enabled":true,"_links":{"self":[{"href":"https:\/\/revistafamilia.ro\/index.php?rest_route=\/wp\/v2\/posts\/4200","targetHints":{"allow":["GET"]}}],"collection":[{"href":"https:\/\/revistafamilia.ro\/index.php?rest_route=\/wp\/v2\/posts"}],"about":[{"href":"https:\/\/revistafamilia.ro\/index.php?rest_route=\/wp\/v2\/types\/post"}],"author":[{"embeddable":true,"href":"https:\/\/revistafamilia.ro\/index.php?rest_route=\/wp\/v2\/users\/68"}],"replies":[{"embeddable":true,"href":"https:\/\/revistafamilia.ro\/index.php?rest_route=%2Fwp%2Fv2%2Fcomments&post=4200"}],"version-history":[{"count":6,"href":"https:\/\/revistafamilia.ro\/index.php?rest_route=\/wp\/v2\/posts\/4200\/revisions"}],"predecessor-version":[{"id":4208,"href":"https:\/\/revistafamilia.ro\/index.php?rest_route=\/wp\/v2\/posts\/4200\/revisions\/4208"}],"wp:featuredmedia":[{"embeddable":true,"href":"https:\/\/revistafamilia.ro\/index.php?rest_route=\/wp\/v2\/media\/4201"}],"wp:attachment":[{"href":"https:\/\/revistafamilia.ro\/index.php?rest_route=%2Fwp%2Fv2%2Fmedia&parent=4200"}],"wp:term":[{"taxonomy":"category","embeddable":true,"href":"https:\/\/revistafamilia.ro\/index.php?rest_route=%2Fwp%2Fv2%2Fcategories&post=4200"},{"taxonomy":"post_tag","embeddable":true,"href":"https:\/\/revistafamilia.ro\/index.php?rest_route=%2Fwp%2Fv2%2Ftags&post=4200"},{"taxonomy":"author","embeddable":true,"href":"https:\/\/revistafamilia.ro\/index.php?rest_route=%2Fwp%2Fv2%2Fcoauthors&post=4200"}],"curies":[{"name":"wp","href":"https:\/\/api.w.org\/{rel}","templated":true}]}}