{"id":3807,"date":"2022-02-04T11:29:23","date_gmt":"2022-02-04T08:29:23","guid":{"rendered":"https:\/\/revistafamilia.ro\/?p=3807"},"modified":"2022-02-23T12:18:48","modified_gmt":"2022-02-23T09:18:48","slug":"gabriela-vorbeste-din-nou-pozitiv-si-din-nou-pozitiv","status":"publish","type":"post","link":"https:\/\/revistafamilia.ro\/?p=3807","title":{"rendered":"Gabriela vorbe\u0219te din nou pozitiv \u0219i din nou pozitiv"},"content":{"rendered":"\n<div class=\"wp-block-image\"><figure class=\"aligncenter size-large is-resized\"><img loading=\"lazy\" decoding=\"async\" src=\"https:\/\/revistafamilia.ro\/wp-content\/uploads\/2022\/02\/VorbescPozitiv_CopertaPrint-page-001-679x1024.jpg\" alt=\"\" class=\"wp-image-3808\" width=\"600\" height=\"903\" srcset=\"https:\/\/revistafamilia.ro\/wp-content\/uploads\/2022\/02\/VorbescPozitiv_CopertaPrint-page-001-199x300.jpg 199w, https:\/\/revistafamilia.ro\/wp-content\/uploads\/2022\/02\/VorbescPozitiv_CopertaPrint-page-001-1019x1536.jpg 1019w\" sizes=\"auto, (max-width: 600px) 100vw, 600px\" \/><figcaption>Gabriela Feceoru, <em>vorbesc din nou pozitiv \u0219i din nou pozitiv<\/em>, Editura Charmides, 2019<\/figcaption><\/figure><\/div>\n\n\n\n<p>Am f\u0103cut un gest umanitar. Umanitar-literar. Am dus copilul acas\u0103. Copilul de h\u00eertie al Gabrielei Feceoru, cartea de poezie <em>vorbesc din nou pozitiv \u0219i din nou pozitiv<\/em> (Editura Charmides, 2019), a ajuns acolo unde s-a n\u0103scut.<\/p>\n\n\n\n<p>Cu ocazia unei peregrin\u0103ri academice prin Budapesta l-am dus pe copil \u00een c\u00eeteva dintre locurile \u00een care i-a pl\u0103cut, unde aerul molatic de pust\u0103 se \u00eembie armonios cu briza Dun\u0103rii, apoi l-am predat, spre ve\u0219nic\u0103 \u0219i s\u0103 sper\u0103m deseori tulburat\u0103 de lectur\u0103 odihn\u0103, la biblioteca Institutului de Limba Rom\u00e2n\u0103 a Universit\u0103\u021bii ELTE din Budapesta. Am specificat la predare \u00eemprejur\u0103rile \u00een care acesta s-a n\u0103scut, adic\u0103 din iubirea dintre o poet\u0103 rom\u00e2nc\u0103 de pe Jiu \u0219i de pe Mure\u0219 \u0219i un artist maghiar din capitala \u021b\u0103rii vecine \u0219i prietene.<\/p>\n\n\n\n<p>Am dus deci copilul la Budapesta, locul unde s-a consumat, respectiv a ars povestea de iubire a celor doi, \u00een urma c\u0103reia poeta \u0219i-a asumat, ca blestem \u0219i destin, \u0219i noul nume heraldic de Kir\u00e1lyn\u0151, cuv\u00eent de mirare pentru unii rom\u00e2ni, care \u00eenseamn\u0103 <em>regina<\/em>, dar \u00een acela\u0219i timp \u0219i <em>muierea lui Kir\u00e1ly<\/em>, cum se nume\u0219te \u00eempricinatul care a vr\u0103jit-o \u0219i mai apoi a p\u0103r\u0103sit-o pe t\u00een\u0103ra domni\u021b\u0103.<\/p>\n\n\n\n<p>Dincolo de insolitul pove\u0219tii, nu a\u0219 scrie despre asta dac\u0103 rezultatul acestei at\u00eet de recurente suferin\u021be nu ar fi fost o carte \u0219i frumoas\u0103 \u0219i autentic\u0103. Poeta a f\u0103cut ceea ce \u0219tie ea mai bine, a s\u00eengerat \u00een cuvinte \u00een filele unei c\u0103r\u021bi, a s\u00eengerat deci \u201eonce in a book\u201c, nu \u201ein a while\u201c, ca restul muritorilor \u0219i, de\u0219i un astfel de demers creator ar trebui s\u0103 fie \u0219i vindec\u0103tor, nu s\u00eent sigur c\u0103 rana aceasta nu o va purta totu\u0219i toat\u0103 via\u021ba, mai s\u00eenger\u00eend\u0103, mai str\u0103lucitoare, ca un blazon.<\/p>\n\n\n\n<p>Despre eul liric vorbesc, evident, nu despre poet\u0103, care se va ipostazia, s\u00eent sigur, \u00een alte glasuri, alte \u00eenc\u0103peri, produc\u00eend volume tot mai bune (o spun ca simplu cititor, c\u0103 nu s\u00eent poetolog) \u00een care va vorbi tot mai pozitiv, dar la fel de autentic, asum\u00eendu-\u0219i mai mult serenitatea de regin\u0103 \u0219i nu suferin\u021ba de femeie trec\u0103toare a cuiva.<\/p>\n\n\n\n<p>Cartea nu con\u021bine simple \u0219i banale lament\u0103ri dup\u0103 o trecut\u0103 iubire, ci e un spectaculos mausoleu de cuvinte, un Taj Mahal modern al unui intens amor transfrontalier \u0219i transcultural. \u00cen edificiul poetic, \u00een vorbirea pe care, ca o vraj\u0103 \u2013 precum o Circe a secolului XXI \u2013 poeta o a\u0219az\u0103 pe urmele trecutei (?) iubiri, se insereaz\u0103 ca un laitmotiv fr\u00eenturile de via\u021b\u0103 ale trecutului din care poezia \u021b\u00ee\u0219ne\u0219te, uneori ca un puroi scintilatoriu, alteori ca un v\u0103l de s\u00eenge negru: \u201ecolor\u0103m legumele de pe straturi \/ cu markerul suntem copiii n\u0103scu\u021bi \/ pe rampa gunoiului \/ acei poe\u021bi inexisten\u021bi pentru \/\/ \u021bara lor \/ corpurile \/ fire\u0219ti \/ catalizeaz\u0103 \/\/ \u00een \/ luna \/ mai \/\/ cearceafurile amintesc de \/ cearceafurile din Budapesta \/ veiozele amintesc de \/ veiozele din Budapesta \/ &#8230; \/\/ scuip \/\/ <em>v\u00e2n\u0103taia <\/em>\/<em> pielea flasc\u0103<\/em> \/\/ inima ta \/ lum\u00eenare pe malul \/ m\u0103rii arealul \/ \u00eenghesuirii \/\/ <em>n-am putut s\u0103 nu v\u0103d printre pric\u0103turi<\/em> \/ <em>c\u0103 nu e\u0219ti pentru mine<\/em> \/\/ apartamentul aminte\u0219te de \/ apartamentul din Budapesta \/\/ lumina aminte\u0219te de \/ lumina din Budapesta \/\/ hainele amintesc de \/ hainele din Budapesta \/\/ fricile amintesc de \/ fricile din Budapesta\u201c.<\/p>\n\n\n\n<p>Nu doresc s\u0103 ucid printr-o recenzie apretat\u0103 aceast\u0103 carte vie care a\u0219teapt\u0103 s\u0103 mai ia o gur\u0103 de aer \u2013 sau o gur\u0103 de vin \u2013 cu fiecare cititor care \u0219i-o va face cadou. (Recomand, pentru atmosfer\u0103 \u0219i mai profund\u0103 p\u0103trundere, citirea ei la un pahar de vin \u00een noapte, pentru a-i auzi mai bine glasul.)<\/p>\n\n\n\n<p>Observ doar cum autoarea duce la un nivel poetic superior manierismul descoperit \u0219i\/sau exersat \u00een primul ei volum (<em>blister<\/em>, Editura Paralela 45, 2017, girat de Al. Cistelecan), cu repeti\u021bii \u0219i refrene \u2013 precum poezia trubadurilor sau minnes\u00e4ngerilor \u2013 care sap\u0103 urme tot mai ad\u00eenci \u00een carne. Sau \u00een creier. \u201ecine te-a min\u021bit \/ spune-mi cine te-a min\u021bit \/ cine te-a min\u021bit \/ spune-mi cine te-a min\u021bit \/\/ \u0219i dac\u0103 la periferie te-am g\u0103sit \/ \u00eentins \u00eentins \/ \u0219i dac\u0103 te-am condus \u00een ora\u0219ul f\u0103r\u0103 rost \/ ora\u0219ul nostru f\u0103r\u0103 rost \/\/ &#8230; \/\/ te iubesc \u00eentr-adev\u0103r mi-ai zis \/ cearceaful poate fi cur\u0103\u021bat \/ \u0219i nu e\u0219ti dec\u00eet ni\u0219te pic\u0103turi \/ nu e\u0219ti doar pic\u0103turi pentru mine \/\/ cine te-a min\u021bit \/ spune-mi cine te-a min\u021bit \/ cine te-a min\u021bit \/ \u00ee\u021bi spun cine te-a min\u021bit \/\/ &#8230; \/\/ cine te-a min\u021bit \/ spune-mi cine te-a min\u021bit \/ cine te-a min\u021bit \/ \u00ee\u021bi spun cine m-a min\u021bit \/\/ cine m-a min\u021bit \/ tu m-ai min\u021bit\u201c.<\/p>\n\n\n\n<p>\u0218i tot citind astfel de refrene-vraj\u0103-blestem (\u201eun b\u0103iat frumos \u0219i bun \u0219i talentat \/ un b\u0103iat pe care to\u021bi am pariat \/ da\u2019 pe mine nimeni nu \/ da\u2019 pe mine nimeni\u201c) mi-am adus aminte cu duio\u0219ie (pentru c\u0103 eu citesc la fel de \u201eprofesionist\u201c ca o coafez\u0103) de un b\u0103iat care la aceea\u0219i v\u00eerst\u0103 ca autoarea scria \u201eand it takes me \/ and it takes me \/ and it takes me \/ and it takes me away\u201c.<\/p>\n\n\n\n<p>Cartea se \u00eencheie la fel de optimist \u0219i sublim precum prima poezie cult\u0103 de dragoste a limbii germane, <em>C\u00eentecul \u0219oimului<\/em>, care prezint\u0103 evadarea unui \u0219oim \u00een care \u0219oimarul \/ \u0219oim\u0103ri\u021ba a investit mai mult de un an \u2013 adic\u0103 jum\u0103tate de via\u021b\u0103 adult\u0103 pe la 1100 toamna \u2013 \u0219i care, dup\u0103 ce s\u00eengereaz\u0103 temeinic la revederea real\u0103 sau imaginat\u0103 a \u201e\u0219oimului\u201c \u00eennobilat de trecuta iubire, exclam\u0103 cu candoare: \u201eDumnezeu s\u0103-i aduc\u0103 (totu\u0219i) \u00eempreun\u0103 pe cei ce se iubesc\u201c. Tot a\u0219a \u00ee\u0219i \u00eencheie \u0219i Gabriela Feceoru periplul de vr\u0103jire-dezvr\u0103jire cu versurile: \u201evin eu cu tine negre\u0219it \/ dac\u0103 pleci din nou \/ vin eu cu tine negre\u0219it \/\/ <em>mai stai aici l\u00eeng\u0103 mine<\/em> \/ \u00een li-li-lim-ba-ba rom\u00e2n\u0103\u201c<\/p>\n\n\n\n<p>S\u0103 fie primit, zic. \u00cen casele \u0219i bibliotecile noastre.<\/p>\n","protected":false},"excerpt":{"rendered":"<p>Cartea nu con\u021bine simple \u0219i banale lament\u0103ri dup\u0103 o trecut\u0103 iubire, ci e un spectaculos mausoleu de cuvinte, un Taj Mahal modern al unui intens amor transfrontalier \u0219i transcultural.<\/p>\n","protected":false},"author":139,"featured_media":3808,"comment_status":"open","ping_status":"closed","sticky":false,"template":"","format":"standard","meta":{"_jetpack_memberships_contains_paid_content":false,"footnotes":""},"categories":[28],"tags":[106,866,865,812,666,864],"coauthors":[],"class_list":["post-3807","post","type-post","status-publish","format-standard","has-post-thumbnail","hentry","category-critica","tag-cronica-literara","tag-editura-charmides","tag-gabriela-feceoru","tag-nr-10-2021","tag-orlando-balas","tag-vorbesc-din-nou-pozitiv-si-din-nou-pozitiv"],"jetpack_featured_media_url":"https:\/\/revistafamilia.ro\/wp-content\/uploads\/2022\/02\/VorbescPozitiv_CopertaPrint-page-001.jpg","jetpack_sharing_enabled":true,"_links":{"self":[{"href":"https:\/\/revistafamilia.ro\/index.php?rest_route=\/wp\/v2\/posts\/3807","targetHints":{"allow":["GET"]}}],"collection":[{"href":"https:\/\/revistafamilia.ro\/index.php?rest_route=\/wp\/v2\/posts"}],"about":[{"href":"https:\/\/revistafamilia.ro\/index.php?rest_route=\/wp\/v2\/types\/post"}],"author":[{"embeddable":true,"href":"https:\/\/revistafamilia.ro\/index.php?rest_route=\/wp\/v2\/users\/139"}],"replies":[{"embeddable":true,"href":"https:\/\/revistafamilia.ro\/index.php?rest_route=%2Fwp%2Fv2%2Fcomments&post=3807"}],"version-history":[{"count":1,"href":"https:\/\/revistafamilia.ro\/index.php?rest_route=\/wp\/v2\/posts\/3807\/revisions"}],"predecessor-version":[{"id":3809,"href":"https:\/\/revistafamilia.ro\/index.php?rest_route=\/wp\/v2\/posts\/3807\/revisions\/3809"}],"wp:featuredmedia":[{"embeddable":true,"href":"https:\/\/revistafamilia.ro\/index.php?rest_route=\/wp\/v2\/media\/3808"}],"wp:attachment":[{"href":"https:\/\/revistafamilia.ro\/index.php?rest_route=%2Fwp%2Fv2%2Fmedia&parent=3807"}],"wp:term":[{"taxonomy":"category","embeddable":true,"href":"https:\/\/revistafamilia.ro\/index.php?rest_route=%2Fwp%2Fv2%2Fcategories&post=3807"},{"taxonomy":"post_tag","embeddable":true,"href":"https:\/\/revistafamilia.ro\/index.php?rest_route=%2Fwp%2Fv2%2Ftags&post=3807"},{"taxonomy":"author","embeddable":true,"href":"https:\/\/revistafamilia.ro\/index.php?rest_route=%2Fwp%2Fv2%2Fcoauthors&post=3807"}],"curies":[{"name":"wp","href":"https:\/\/api.w.org\/{rel}","templated":true}]}}