{"id":3119,"date":"2021-10-11T19:22:40","date_gmt":"2021-10-11T16:22:40","guid":{"rendered":"https:\/\/revistafamilia.ro\/?p=3119"},"modified":"2021-10-11T19:22:46","modified_gmt":"2021-10-11T16:22:46","slug":"trei-proiectii-ale-filmului-documentar-mosteniri-coregrafice-avangarda-au-loc-la-inceput-de-noiembrie-in-bucuresti","status":"publish","type":"post","link":"https:\/\/revistafamilia.ro\/?p=3119","title":{"rendered":"Trei proiec\u021bii ale filmului documentar ,,Mo\u0219teniri coregrafice: Avangarda\u201d au loc la \u00eenceput de noiembrie, \u00een Bucure\u0219ti"},"content":{"rendered":"\n<p>Proiectul este ini\u021biat de DS Projects Lab \u0219i a pornit din dorin\u021ba de a contribui la sporirea interesului pentru cunoa\u0219terea memoriei dansului \u0219i a identit\u0103\u021bii artistice rom\u00e2ne\u0219ti.<\/p>\n\n\n\n<p>Trei zile din s\u0103pt\u0103m\u00e2na 1-7 noiembrie sunt rezervate, a\u0219adar, dansului, lansarea filmului av\u00e2nd loc luni, 1 noiembrie, ora 19:00, la Cinema Muzeul \u021a\u0103ranului, urmat\u0103 de alte dou\u0103 proiec\u021bii programate joi, 4 noiembrie, ora 19:00, la Institutul Cervantes \u0219i duminic\u0103, 7 noiembrie, ora 17:00, la ceain\u0103ria Green Tea.<\/p>\n\n\n\n<p>Titlul celui de-al doilea episod, ,,Avangarda\u201d, face referire la acea parte a elitei coregrafiei rom\u00e2ne\u0219ti care s-a rupt de curentul dominant al vremii, de rigorile dansului clasic \u0219i a adus nout\u0103\u021bi \u00een discursul interpretativ \u0219i coregrafic pe scena dansului din Rom\u00e2nia. Titlul surprinde, astfel, esen\u021ba regeneratoare a acelei perioade, deschiz\u0103toare de noi direc\u021bii \u0219i stiluri.<\/p>\n\n\n\n<p><strong>,,Mo\u0219teniri coregrafice: Avangarda\u201d <\/strong>prezint\u0103 activitatea unei alte genera\u021bii de dansatori \u0219i coregrafi rom\u00e2ni din secolul XX care au contribuit la configurarea dansului rom\u00e2nesc, precum <strong>Lizica Codreanu, Iris Barbura, Trixy Checais, Gabriel Negry&nbsp;<\/strong>\u0219i<strong>&nbsp;Vera Proca Ciortea<\/strong>.<\/p>\n\n\n\n<p>Ace\u0219ti pionieri \u0219i-au f\u0103cut apari\u021bia \u00een spa\u021biul dansului rom\u00e2nesc \u00een perioada interbelic\u0103. Inspira\u021bi de diverse surse ale culturii locale tradi\u021bionale, de \u0219coala expresionist\u0103 german\u0103, dar \u0219i de unele curente americane, au c\u0103utat noi moduri de expresie coregrafic\u0103, form\u00e2ndu-se \u00een principal la Paris, Berlin, Viena sau Salzburg, poli ai modernismului occidental la acea vreme.<\/p>\n\n\n\n<p>\u00cen ciuda celor 45 de ani de comunism, dup\u0103 cel de-al Doilea R\u0103zboi Mondial, activitatea cultural-artistic\u0103 din Rom\u00e2nia a fost totu\u015fi una destul de divers\u0103. Regimul comunist sus\u021binea cu prec\u0103dere dansul clasic datorit\u0103 influen\u0163ei \u0219colii de balet sovietice \u0219i pe cel popular din ra\u0163iuni de propagand\u0103, dar nu \u015fi manifestarea unor forme de dans modern sau experimental.<\/p>\n\n\n\n<p>Totu\u015fi, nu au \u00eencetat s\u0103 existe evenimente de acest tip, autofinan\u0163ate \u015fi g\u0103zduite sporadic de scena vreunui teatru, muzeu sau desf\u0103\u015furate chiar \u00een propriile apartamente ale acestor creatori neobosi\u021bi \u0219i inspira\u021bi, care au contribuit la conturarea direc\u021biei dansului contemporan de ast\u0103zi.<\/p>\n\n\n\n<p>Documentarul cuprinde informa\u021bii inedite despre via\u021ba \u0219i activitatea personalit\u0103\u021bilor care fac subiectul filmului, sus\u021binute de arhive foto, audio \u0219i video, anima\u021bii digitale, reconstituiri ale unor coregrafii pornind de la fotografii vechi \u0219i m\u0103rturii ale celor care i-au cunoscut sau au scris despre acestea.<\/p>\n\n\n\n<p>Intrarea la toate proiec\u021biile este gratuit\u0103.<\/p>\n\n\n\n<p>Conform m\u0103surilor sanitare impuse de autorit\u0103\u021bi, aplicate \u00een contextul pandemiei de COVID-19, accesul la evenimente se va face pe baza certificatului verde, cu obligativitatea purt\u0103rii m\u0103\u0219tii de protec\u021bie.<\/p>\n\n\n\n<hr class=\"wp-block-separator is-style-dots\"\/>\n\n\n\n<div class=\"wp-block-group has-cyan-bluish-gray-background-color has-background\"><div class=\"wp-block-group__inner-container is-layout-flow wp-block-group-is-layout-flow\">\n<p class=\"has-small-font-size\">Parteneri: Teatrul Na\u021bional de Oper\u0103 \u0219i Operet\u0103 ,,Nae Leonard\u201d, Liceul de Coregrafie ,,Floria Capsali\u201d, C\u0103rture\u0219ti, Cinema Muzeul \u021a\u0103ranului, Institutul Cervantes, Ceain\u0103ria Green Tea.<\/p>\n\n\n\n<p class=\"has-small-font-size\">Parteneri media: Radio Rom\u00e2nia Cultural, Ballet Magazine, Scena9, Dobrogea TV, Zile \u0219i Nopti, Urban.ro, Romania Pozitiv\u0103, Munteanu Recomand\u0103, Psychologies, Iqads, Aarc, 4 arte.<\/p>\n\n\n\n<p class=\"has-small-font-size\">Proiect cultural co-finan\u0163at de Administra\u0163ia Fondului Cultural Na\u0163ional (<a href=\"https:\/\/www.facebook.com\/afcn.ro\/\" target=\"_blank\" rel=\"noreferrer noopener\">AFCN<\/a>).<\/p>\n\n\n\n<p class=\"has-small-font-size\">Proiectul nu reprezint\u0103 \u00een mod necesar pozi\u0163ia Administra\u021biei Fondului Cultural Na\u021bional. AFCN nu este responsabil\u0103 de con\u021binutul proiectului sau de modul \u00een care rezultatele proiectului pot fi folosite. Acestea sunt \u00een \u00eentregime responsabilitea beneficiarului finan\u021b\u0103rii.<\/p>\n<\/div><\/div>\n","protected":false},"excerpt":{"rendered":"<p>\u00cenceputul lui noiembrie este dedicat unei noi descoperiri \u00een universul dansului, a celui de-al doilea episod al seriei de documentare ,,Mo\u0219teniri coregrafice\u201d, intitulat ,,Avangarda\u201d.<\/p>\n","protected":false},"author":2,"featured_media":3120,"comment_status":"open","ping_status":"closed","sticky":false,"template":"","format":"standard","meta":{"_jetpack_memberships_contains_paid_content":false,"footnotes":""},"categories":[65],"tags":[178,672,673,671],"coauthors":[],"class_list":["post-3119","post","type-post","status-publish","format-standard","has-post-thumbnail","hentry","category-stiri-si-anunturi","tag-anunturi","tag-avangarda","tag-ds-projects-lab","tag-mosteniri-coregrafice"],"jetpack_featured_media_url":"https:\/\/revistafamilia.ro\/wp-content\/uploads\/2021\/10\/10-10_Mosteniri-Coregrafice_Afis.jpg","jetpack_sharing_enabled":true,"_links":{"self":[{"href":"https:\/\/revistafamilia.ro\/index.php?rest_route=\/wp\/v2\/posts\/3119","targetHints":{"allow":["GET"]}}],"collection":[{"href":"https:\/\/revistafamilia.ro\/index.php?rest_route=\/wp\/v2\/posts"}],"about":[{"href":"https:\/\/revistafamilia.ro\/index.php?rest_route=\/wp\/v2\/types\/post"}],"author":[{"embeddable":true,"href":"https:\/\/revistafamilia.ro\/index.php?rest_route=\/wp\/v2\/users\/2"}],"replies":[{"embeddable":true,"href":"https:\/\/revistafamilia.ro\/index.php?rest_route=%2Fwp%2Fv2%2Fcomments&post=3119"}],"version-history":[{"count":1,"href":"https:\/\/revistafamilia.ro\/index.php?rest_route=\/wp\/v2\/posts\/3119\/revisions"}],"predecessor-version":[{"id":3121,"href":"https:\/\/revistafamilia.ro\/index.php?rest_route=\/wp\/v2\/posts\/3119\/revisions\/3121"}],"wp:featuredmedia":[{"embeddable":true,"href":"https:\/\/revistafamilia.ro\/index.php?rest_route=\/wp\/v2\/media\/3120"}],"wp:attachment":[{"href":"https:\/\/revistafamilia.ro\/index.php?rest_route=%2Fwp%2Fv2%2Fmedia&parent=3119"}],"wp:term":[{"taxonomy":"category","embeddable":true,"href":"https:\/\/revistafamilia.ro\/index.php?rest_route=%2Fwp%2Fv2%2Fcategories&post=3119"},{"taxonomy":"post_tag","embeddable":true,"href":"https:\/\/revistafamilia.ro\/index.php?rest_route=%2Fwp%2Fv2%2Ftags&post=3119"},{"taxonomy":"author","embeddable":true,"href":"https:\/\/revistafamilia.ro\/index.php?rest_route=%2Fwp%2Fv2%2Fcoauthors&post=3119"}],"curies":[{"name":"wp","href":"https:\/\/api.w.org\/{rel}","templated":true}]}}