{"id":2515,"date":"2021-07-12T22:31:43","date_gmt":"2021-07-12T19:31:43","guid":{"rendered":"https:\/\/revistafamilia.ro\/?p=2515"},"modified":"2021-07-16T16:51:42","modified_gmt":"2021-07-16T13:51:42","slug":"forsythia","status":"publish","type":"post","link":"https:\/\/revistafamilia.ro\/?p=2515","title":{"rendered":"Forsythia"},"content":{"rendered":"\n<h4 class=\"has-text-align-center wp-block-heading\">I.<\/h4>\n\n\n\n<p class=\"has-drop-cap\">Ai intrat \u00een via\u021ba mea zgomotos \u0219i \u00eenv\u0103luit \u00eentr-un nor de praf. Nu, nu-i o metafor\u0103 uzat\u0103. Din cauza asta nu mi-ai pl\u0103cut deloc la \u00eenceput. M\u00e2nuiai cu nepricepere ma\u0219ina de tuns iarba, care se bloca la fiecare \u00eencercare de a-i schimba direc\u021bia, r\u0103scolind smocurile verzi, propuls\u00e2ndu-le \u00een aer pe cele mai n\u0103r\u0103va\u0219e \u0219i stric\u00e2nd r\u00e2nduiala \u0219irului elegant de pietricele albe care delimitau zona de iarb\u0103 de arbu\u0219tii de <em>forsythia viridissima<\/em>. Cineva, \u00eenaintea ta, depusese mult efort pentru a face din mica zona verde din fa\u021ba casei un tablou domestic, iar tu, \u00een ignoran\u021ba ta, amenin\u021bai cu distrugerea \u00eentreaga gr\u0103din\u0103 tematic\u0103. Ah, c\u00e2t ur\u0103sc ignoran\u021ba! Am ie\u0219it din cas\u0103 \u00een tromb\u0103 \u0219i m-am \u00eendreptat spre tine aproape \u00een fug\u0103. C\u00e2nd m-am apropiat, am v\u0103zut c\u0103 m\u00e2inile \u00ee\u021bi tremurau. De oboseal\u0103. Sau de team\u0103. Asta m-a descump\u0103nit. Nu-mi aminteam s\u0103 mai fi avut acest efect asupra oamenilor. Pot s\u0103 fiu intimidant\u0103, \u0219tiu asta, dar nu de temut. M-am uitat la tine \u0219i n-am spus nimic. \u00cemi reformulam propozi\u021biile deja g\u00e2ndite. Nu mai voiam s\u0103 te cert, voiam doar s\u0103 te mu\u0219truluiesc, dar \u00eemi erau greu \u0219i s\u0103 fac asta, pentru c\u0103 tu \u00ee\u021bi priveai obsesiv pantofii murdari \u0219i t\u0103ceai. De pe fa\u021b\u0103 \u00ee\u021bi picurau broboane umede. Lacrimi? Nu, ar fi fost penibil. Era transpira\u021bia adunat\u0103 \u00een v\u00e2rful genelor, prelins\u0103 de pe fruntea acoperit\u0103 cu o \u0219apc\u0103 pe care scria <em>Livin\u02bc the dream.<\/em> Cu ro\u0219u pe albastru.The dream or the nightmare? Which one is it? te-am \u00eentrebat \u00eemp\u0103ciuitor, \u00eentinz\u00e2nd dou\u0103 degete spre fruntea ta. E o glum\u0103 proast\u0103, recunosc, au f\u0103cut-o \u0219i al\u021bii pe seama mea, dar trebuia s\u0103 o dau mai departe. Ce s\u0103 faci altceva cu o glum\u0103 proast\u0103? N-ai \u00een\u021beles-o, probabil nici nu-\u021bi mai aminteai inscrip\u021bia, dar tentativa mea abrupt\u0103 de a \u00eenchega o conversa\u021bie te-a obligat s\u0103 m\u0103 prive\u0219ti, ce-i drept, tot cu capul plecat, dar era \u0219i \u0103sta un fel de progres. Am \u00eenceput s\u0103 \u00ee\u021bi explic calm ce voiam de la tine, ce ar fi trebuit s\u0103 faci \u0219i ce nu. Plecasem de la premisa c\u0103 era prima ta zi ca angajat al firmei de gr\u0103din\u0103rit ale c\u0103rei servicii le contractasem \u00een urm\u0103 cu c\u00e2\u021biva ani, c\u0103 nu aveai niciun fel de experien\u021b\u0103 \u0219i c\u0103 nu puteai s\u0103-\u021bi \u00eenchipui c\u00e2t de important\u0103 era aceast\u0103 gr\u0103din\u0103 pentru mine \u0219i, \u00een primul r\u00e2nd, tufele de <em>forsythia<\/em>. R\u0103spundeam unor \u00eentreb\u0103ri pe care nu mi le-ai pus, dar ale c\u0103ror r\u0103spunsuri credeam c\u0103 \u021bi-ar putea fi vitale. Deja \u00eemi trecuse prin cap ideea n\u0103stru\u0219nic\u0103 de a te \u00eenv\u0103\u021ba s\u0103 formulezi \u00eentreb\u0103rile corecte, intuind c\u0103 e\u0219ti destul de nou \u00een \u021bara asta, c\u0103 \u021bi-e team\u0103 s\u0103 \u00eentrebi, c\u0103, probabil, \u021bi-e team\u0103 s\u0103 te auzi vorbind limba asta melodioas\u0103 care, din gura ta, nu va suna niciodat\u0103 altfel dec\u00e2t ca o rostogolire de bolovani, ca un cerc care a fost ciop\u00e2r\u021bit \u00eentr-un p\u0103trat.<\/p>\n\n\n\n<p>C\u00e2nd \u021bi-ai \u00eendreptat corpul \u0219i capul t\u0103u a \u00eencetat s\u0103 se mai aplece sub greutatea tuturor poverilor lumii, aproape c\u0103 mi-ai z\u00e2mbit. Teama \u00ee\u021bi trecuse. \u021ai-am privit chipul cu tr\u0103s\u0103turi dure, col\u021buroase, dar cu ochi molcomi. \u0218i, pentru c\u0103 aerul de animozitate dintre noi \u00eencepea s\u0103 dispar\u0103, te-am \u00eentrebat dac\u0103 \u0219tii c\u00e2nd trebuie t\u0103ia\u021bi arbu\u0219tii de <em>forsythia<\/em>. Prim\u0103vara? ai \u00eencercat tu timid. Sacrilegiu! \u00cen niciun caz! Nu te po\u021bi atinge de planta asta \u00eenainte de a \u00eenflori. E singura ei \u0219ans\u0103 de a face flori. E ca \u0219i cum i-ai t\u0103ia aripile. Devenisem din nou ostil\u0103, a\u0219a c\u0103 mi-am \u00eentrerupt discursul pentru a strecura o informa\u021bie inutil\u0103. Inutil\u0103 \u0219i superb\u0103. \u021ai-am spus c\u0103 \u00een \u021bara mea tufele astea, care pe tine te l\u0103sau neimpresionat, se numeau \u201eploaie de aur\u201d \u0219i c\u0103 tat\u0103l meu le spunea \u201eploaie de soare\u201d, pentru c\u0103 soarele e mult mai str\u0103lucitor dec\u00e2t aurul, iar florile acestea delicate sunt ca o buc\u0103\u021bic\u0103 de soare c\u0103zut\u0103 pe p\u0103m\u00e2nt. Tu nu ai spus nimic, nici nu \u0219tiu dac\u0103 ai \u00een\u021beles ceva din perora\u021bia mea. Sperasem \u00een van c\u0103 norul de praf pe care \u00eel ridicai cu ma\u0219ina de tuns iarba era dovada pasiunii tale pentru horticultur\u0103 \u0219i c\u0103 \u0219tii ceva mai mult dec\u00e2t mine despre plante. Ar fi fost un \u00eenceput spectaculos.<\/p>\n\n\n\n<h4 class=\"has-text-align-center wp-block-heading\">II.<\/h4>\n\n\n\n<p class=\"has-drop-cap\">Prima zi \u00een care te-am invitat \u00een casa mea a fost un fel de test. Sper c\u0103 \u021bi-ai dat seama. \u00cemi propusesem s\u0103 te dezbrac de straturile de armur\u0103 pe care \u021bi le conferea distan\u021ba fizic\u0103 fa\u021b\u0103 de mine \u0219i s\u0103 m\u0103 uit la tine ostentativ, s\u0103-\u021bi prind cu privirea primul pas \u0219i s\u0103 o las apoi s\u0103 alunece peste tine, \u00een detaliu, cu insolen\u021b\u0103. \u0218tiam c\u0103 trebuie s\u0103 te domin de la \u00eenceput \u0219i nu mi-a fost foarte greu. Ai b\u0103tut la u\u0219\u0103 at\u00e2t de bl\u00e2nd, \u00eenc\u00e2t nu te-a\u0219 fi auzit dac\u0103 nu \u021bi-a\u0219 fi p\u00e2ndit sosirea cu ochii pe ceas. Mizasem pe faptul c\u0103 vei fi punctual. M-ai salutat abia uit\u00e2ndu-te la mine \u0219i ai p\u0103\u0219it \u00een\u0103untru timid, ca un copil adus de p\u0103rin\u021bi, cu for\u021ba, \u00eentr-o vizit\u0103 de convenien\u021b\u0103. Aproape c\u0103 ai fi vrut s\u0103 ai \u00een spatele cui s\u0103 te ascunzi, \u0219i \u00een momentul \u0103la mi-a fost un pic ru\u0219ine de mine. L\u0103sasem l\u00e2ng\u0103 u\u0219a de la intrare o pereche de papuci de cas\u0103, o momeal\u0103 doar pentru tine, c\u0103ci nu mi-a\u0219 permite s\u0103-i cer vreunui musafir s\u0103 se descal\u021be. \u0218tiam \u00eens\u0103 c\u0103 \u021bie gestul o s\u0103 \u021bi se par\u0103 firesc \u0219i c\u0103 o s\u0103-\u021bi lepezi \u00eenc\u0103l\u021b\u0103rile f\u0103r\u0103 a-mi cere voie. Te am\u0103ge\u0219ti dac\u0103 \u00ee\u021bi \u00eenchipui c\u0103 nu \u021bi-am analizat \u0219osetele. \u00cen fond, totul era un test, \u021bi-am mai spus. \u021ai-am sim\u021bit ezitarea atunci c\u00e2nd m-am uitat insistent la p\u0103l\u0103ria ta \u0219i ai binevoit s\u0103 o dai jos. E o p\u0103l\u0103rie ridicol\u0103 care nu spune nimic despre tine. Nimic \u00een afar\u0103 de faptul c\u0103 \u00eencerci s\u0103 copiezi o cultur\u0103 pe care nu o \u00een\u021belegi. Dar toate astea pot fi remediate cu pu\u021bin\u0103 r\u0103bdare.<\/p>\n\n\n\n<p>N-am s\u0103 uit niciodat\u0103 privirea ta plin\u0103 de \u00eenc\u00e2ntare \u00een fa\u021ba bibliotecii din sufragerie. De\u0219i e greu de crezut, m\u0103 uitam la tine, \u00een loc s\u0103 \u00eemi admir c\u0103r\u021bile, a\u0219a cum a\u0219 fi f\u0103cut \u00een mod normal, dar asta era pentru mine cea mai important\u0103 parte a testului, care risca \u00een acel moment s\u0103 se comprime. Dac\u0103 ai fi trecut pe l\u00e2ng\u0103 rafturile pline cu c\u0103r\u021bi f\u0103r\u0103 s\u0103 le bagi \u00een seam\u0103 \u0219i f\u0103r\u0103 s\u0103 spui nimic, mi-ar fi fost foarte u\u0219or s\u0103 \u00ee\u021bi ofer o mic\u0103 recompens\u0103 pentru serviciile tale \u0219i s\u0103 te concediez. Toat\u0103 povestea mi-ar fi l\u0103sat un gust amar, dar ar fi fost doar o dezam\u0103gire de genul celor pe care le mai tr\u0103isem. \u00cens\u0103 uimirea ta, pe care n-ai avut nicio re\u021binere s\u0103 o afi\u0219ezi, graba de a cuprinde cu privirea toate c\u0103r\u021bile, m\u00e2na \u00eentins\u0103 spre ele, cu degetele u\u0219or curbate, preg\u0103tite parc\u0103 s\u0103 m\u00e2ng\u00e2ie un obraz drag, apoi con\u0219tientizarea faptului c\u0103 te priveam z\u00e2mbind, probabil, condescendent \u0219i sfor\u021barea ta de a spune ceva inteligent, de a ghici \u00eentrebarea potrivit\u0103 \u2013 ah, eterna \u00eentrebare potrivit\u0103, salvatoarea din toate situa\u021biile ap\u0103s\u0103toare \u2013 m-au \u00eenduio\u0219at peste m\u0103sur\u0103 \u0219i \u021bi-am venit \u00een ajutor. Vezi tu, eu \u0219tiam care e \u00eentrebarea salvatoare, eu \u0219tiu aproape \u00eentotdeauna care e aceast\u0103 \u00eentrebare. Asta e tehnica mea de ap\u0103rare. Te-am \u00eentrebat dac\u0103 \u00ee\u021bi place s\u0103 cite\u0219ti. \u0218tiam r\u0103spunsul, evident. Un cititor nu se va repezi niciodat\u0103 spre unui raft de c\u0103r\u021bi cu capul drept, ci se va preg\u0103ti pentru \u00eent\u00e2lnirea magic\u0103 \u00eenclin\u00e2nd u\u0219or capul spre st\u00e2nga sau spre dreapta, pentru a putea citi titlurile, iar felul \u00een care tu te-ai pro\u021b\u0103pit \u00een fa\u021ba bibliotecii mele \u00eemi confirma b\u0103nuiala c\u0103 aveam de-a face cu un amator. Emanai \u00eens\u0103 o curiozitate contagioas\u0103, pe care rar o mai \u00eent\u00e2lnisem \u0219i despre care \u0219tiam c\u0103 poate fi pl\u0103m\u0103dit\u0103 \u00eentr-o pasiune sincer\u0103. Iar faptul c\u0103 ai recunoscut, jenat, c\u0103 nu prea ai citit, dar c\u0103 \u021bi-ar pl\u0103cea ca \u00eentr-o zi s\u0103-mi po\u021bi parcurge toat\u0103 biblioteca, m-a umplut de speran\u021b\u0103.<\/p>\n\n\n\n<h4 class=\"has-text-align-center wp-block-heading\">III.<\/h4>\n\n\n\n<p class=\"has-drop-cap\">Ai cuprins cana de ceai cu ambele m\u00e2ini, cu degetele r\u0103sfirate, probabil ca s\u0103 te \u00eenc\u0103lze\u0219ti, dar eu v\u0103zut \u00een gestul t\u0103u prefigurarea unei \u00eembr\u0103\u021bi\u0219\u0103ri. \u021ai-ai pus trei linguri\u021be de zah\u0103r, ai amestecat superficial \u00een can\u0103, ai lins linguri\u021ba \u0219i ai strecurat-o \u00eenapoi \u00een zaharni\u021b\u0103. Am z\u00e2mbit \u00een col\u021bul gurii, sper\u00e2nd c\u0103 nu vei observa. Mi-a fost drag acest gest al t\u0103u. Ca o n\u0103zb\u00e2tie. Te-am sim\u021bit mai destins de cealalt\u0103 parte a m\u0103su\u021bei din sufragerie, unde te invitasem s\u0103 iei loc \u0219i am \u0219tiut c\u0103 te pot trage de limb\u0103 \u00een voie. Am \u00eenceput s\u0103 \u00ee\u021bi povestesc despre so\u021bul meu, despre c\u00e2t de mult \u00eei simt lipsa, despre c\u00e2t de mult l-am iubit, \u00eel iubesc. Nu a fost nevoie s\u0103 te provoc, mi-ai spus singur c\u0103 tu nu \u0219tii ce e iubirea, c\u0103 nu ai iubit niciodat\u0103, c\u0103 tu nici nu crezi c\u0103 ea exist\u0103, c\u0103 sunt multe alte lucruri mai importante pe lumea asta. \u0218i so\u021bia ta? te-am \u00eentrebat eu. Nu \u0219tiu dac\u0103 o iubesc, cred c\u0103 m-am obi\u0219nuit cu ea. E foarte binevoitoare \u0219i pl\u0103cut\u0103. De asta a \u0219i ales-o familia mea. Nu \u0219tiu cum e s\u0103 iube\u0219ti, n-am iubit niciodat\u0103. \u00cemi spuneai toate astea privindu-m\u0103 fix, de parc\u0103 toat\u0103 timiditatea \u021bi s-ar fi topit odat\u0103 cu zah\u0103rul din ceai. Dar min\u021beai \u0219i nici nu \u0219tiai c\u0103 min\u021bi. Min\u021beai c\u00e2nd spuneai c\u0103 nu ai iubit niciodat\u0103. Probabil nici n-ai observat c\u0103 lumina din camer\u0103 devenise auriu-ro\u0219iatic\u0103, ca \u00eentr-un film de Woody Allen.<\/p>\n\n\n\n<h4 class=\"has-text-align-center wp-block-heading\">IV.<\/h4>\n\n\n\n<p class=\"has-drop-cap\">Dup\u0103 ce ai prins curaj \u0219i te-ai mai acomodat cu mine, r\u0103spunsurile tale la \u00eentreb\u0103rile mele au devenit tot mai grave. Ai \u00eenceput chiar s\u0103 te lansezi \u00een minitirade emfatice \u0219i \u00ee\u021bi st\u0103tea bine a\u0219a, rezemat de sp\u0103tarul fotoliului, cu bra\u021bele sprijinite pe cotierele \u00eembr\u0103cate \u00een catifea, u\u0219or \u00eembujorat, mu\u0219c\u00e2ndu-\u021bi buzele pline de fiecare dat\u0103 c\u00e2nd spuneai ceva mai \u00eendr\u0103zne\u021b. M\u0103 amuzau ideile tale grandioase despre iubire. \u021ai-am spus c\u0103 ai v\u0103zut prea multe filme proaste \u0219i c\u0103, \u00een realitate, totul e mult mai banal. C\u00e2nd m-ai \u00eentrebat ce cred eu c\u0103 e dragostea, mi s-a p\u0103rut c\u0103 te-ai mic\u0219orat, c\u0103 te-ai cufundat \u00een fotoliul confortabil, a\u0219tept\u00e2nd ca un copil ca eu s\u0103 \u00ee\u021bi livrez ni\u0219te adev\u0103ruri absolute, predigerate, din care tu s\u0103 \u00ee\u021bi croie\u0219ti un sistem de valori. Credeai c\u0103 te pot \u00eenv\u0103\u021ba s\u0103 iube\u0219ti? Sau c\u0103 experien\u021ba mea, tr\u0103it\u0103 vicariant de tine avea s\u0103-\u021bi \u021bin\u0103 de cald \u00een momentele de luciditate, \u00een care \u00ee\u021bi d\u0103deai seama c\u0103 ai fost manipulat \u00een aproape fiecare detaliu al vie\u021bii tale? E de-a dreptul \u00eenduio\u0219\u0103tor s\u0103 v\u0103d c\u00e2t\u0103 nevoie ai s\u0103 \u021bi se spun\u0103 ce s\u0103 g\u00e2nde\u0219ti, ce s\u0103 crezi, ce e adev\u0103rat \u0219i ce nu. Ah, \u0219i c\u00e2t de tentant e s\u0103 fiu eu cea la care vii \u00een momentele tale de cump\u0103n\u0103! Desigur, asta nu \u00eenseamn\u0103 c\u0103 \u00ee\u021bi pot r\u0103spunde la \u00eentrebare, pentru c\u0103 nu \u0219tiu ce e iubirea. \u0218tiu doar cum mi-am iubit eu so\u021bul, cum m-a iubit el pe mine \u0219i cum am sperat c\u0103 nimeni nu mai iube\u0219te ca noi, \u0219tiind am\u00e2ndoi c\u0103 nu suntem nicidecum unici. Ne-a fost bine unul cu cel\u0103lalt, poate chiar am fost ferici\u021bi, dac\u0103 fericirea \u00eenseamn\u0103 s\u0103 fii totul pentru cel\u0103lalt. Da, el mi-a fost \u0219i iubit \u0219i cel mai bun prieten, \u0219i nu \u00een sensul acela despre care cite\u0219ti \u00een revistele <em>glossy<\/em>. Era primul meu g\u00e2nd atunci c\u00e2nd tr\u0103iam ceva intens, bucurie sau triste\u021be, era primul cu care \u00eemp\u0103rt\u0103\u0219eam tot ce poate fi \u00eemp\u0103rt\u0103\u0219it, era persoana care r\u0103zb\u0103tuse cel mai ad\u00e2nc \u00een mintea mea, p\u00e2n\u0103 la ultima grani\u021b\u0103 permis\u0103. Nimic din via\u021ba mea nu era \u00eentreg p\u00e2n\u0103 c\u00e2nd nu se completa cu imaginea reflectat\u0103 de el. Te g\u00e2nde\u0219ti c\u0103 e un soi de dependen\u021b\u0103? E posibil, dar niciun dependent nu are con\u0219tiin\u021ba adic\u021biei sale.<\/p>\n\n\n\n<p>Ai vrut s\u0103 \u0219tii cum ne tr\u0103iam via\u021ba. Absolut banal, \u021bi-am mai spus, iubirea nu s\u0103l\u0103\u0219luie\u0219te \u00een gesturi grandioase, ci mai degrab\u0103 \u00een starea de lini\u0219te pe care \u021bi-o d\u0103 prezen\u021ba celuilalt, \u00een acea obi\u0219nuin\u021b\u0103 invizibil\u0103. Nu, nu cred c\u0103 e nimic r\u0103u \u00een asta, toate tabieturile ni le formaser\u0103m \u00eempreun\u0103, de-a lungul timpului, din ceea ce era important pentru fiecare din noi. Ne pl\u0103cea s\u0103 ne petrecem timpul citind, dar bucuria unei c\u0103r\u021bi bune nu era niciodat\u0103 suficient\u0103 dac\u0103 nu o citea \u0219i cel\u0103lalt. C\u00e2nd so\u021bul meu se cufunda \u00een lectura unei c\u0103r\u021bi care mie mi-era deja cunoscut\u0103, \u00eel urm\u0103ream cu coada ochiului, p\u00e2ndindu-i reac\u021biile la anumite pagini despre care eu \u0219tiam c\u0103-l vor tulbura. \u0218i c\u00e2nd vedeam c\u0103 tr\u0103ie\u0219te cartea a\u0219a cum o tr\u0103isem \u0219i eu, \u0219tiam c\u0103 omul de l\u00e2ng\u0103 mine e cel potrivit. Alunecaser\u0103m pe nesim\u021bite unul \u00een cel\u0103lalt. Asta e tot.<\/p>\n\n\n\n<h4 class=\"has-text-align-center wp-block-heading\">V.<\/h4>\n\n\n\n<p class=\"has-drop-cap\">&#8211; Ia loc pe canapea, te rog. Cred c\u0103 este de preferat s\u0103 ne p\u0103str\u0103m locurile, a\u0219a cum ne-am obi\u0219nuit. Trebuie s\u0103 \u00ee\u021bi m\u0103rturisesc c\u0103 m-a \u00eengrijorat absen\u021ba ta de la ultimele \u0219edin\u021be. Hai s\u0103 vorbim despre aceast\u0103 absen\u021b\u0103. Spune-mi, te rog, de ce nu ne-am mai v\u0103zut de mai bine de o lun\u0103?<\/p>\n\n\n\n<p>&#8211; Nu \u0219tiu, am fost ocupat\u0103, n-am mai avut timp de \u0219edin\u021be.<\/p>\n\n\n\n<p>&#8211; \u0218i cu ce anume ai fost ocupat\u0103?<\/p>\n\n\n\n<p>&#8211; Proiecte vechi, proiecte noi&#8230; S-au adunat tot felul de lucruri nerezolvate.<\/p>\n\n\n\n<p>&#8211; Lucruri?<\/p>\n\n\n\n<p>&#8211; Da<\/p>\n\n\n\n<p>&#8211; E\u0219ti sigur\u0103?<\/p>\n\n\n\n<p>&#8211; Nu \u00een\u021beleg ce vrei s\u0103 insinuezi. Te-am mai rugat s\u0103-mi pui \u00eentreb\u0103ri directe. \u00cenv\u00e2rtitul \u0103sta \u00een jurul cozii m\u0103 scoate din s\u0103rite! Nu m\u0103 mai descoase. \u00ce\u021bi spun c\u00e2t vreau, atunci c\u00e2nd vreau.<\/p>\n\n\n\n<p>&#8211; Asta am \u0219i f\u0103cut. \u021ai-am dat ocazia s\u0103 \u00eemi explici care sunt lucrurile care \u021bi-au consumat timpul \u00een ultimele s\u0103pt\u0103m\u00e2ni. \u0218tii foarte bine c\u0103 parcimonia ta verbal\u0103 nu ne ajut\u0103. \u00cen fond, prezen\u021ba ta aici e un acord tacit c\u0103 e\u0219ti dispus\u0103 s\u0103 avem o discu\u021bie deschis\u0103. \u00cen plus, m\u0103 \u00eengrijoreaz\u0103 ostilitatea ta. La ultima noastr\u0103 \u0219edin\u021b\u0103 acest aspect al comportamentului t\u0103u era sub control. A\u0219adar, hai s\u0103 o lu\u0103m de la \u00eenceput. Vrei?<\/p>\n\n\n\n<p>&#8211; Da, iart\u0103-m\u0103.<\/p>\n\n\n\n<p>&#8211; Spune-mi ce s-a \u00eent\u00e2mplat \u00een ultimele s\u0103pt\u0103m\u00e2ni. Proiectele noi de care \u00eemi spuneai implic\u0103 \u0219i prezen\u021ba unor persoane noi \u00een via\u021ba ta?<\/p>\n\n\n\n<p>&#8211; Da, am cunoscut pe cineva. \u00cen fine, cunoscut e mult spus, am \u00eent\u00e2lnit un b\u0103rbat \u0219i ceva din el mi-a atras aten\u021bia \u0219i m-a f\u0103cut s\u0103 sper&#8230;<\/p>\n\n\n\n<p>&#8211; S\u0103 speri?<\/p>\n\n\n\n<p>&#8211; Da, s\u0103 sper c\u0103 el e ceea ce c\u0103utam.<\/p>\n\n\n\n<p>&#8211; \u0218i ce anume c\u0103utai?<\/p>\n\n\n\n<p>&#8211; \u0218tii doar, acela\u0219i lucru. Un b\u0103rbat care s\u0103 se potriveasc\u0103 cu idealul meu, cu imaginea asta pe care o am despre cum ar trebui s\u0103 fie un b\u0103rbat ca s\u0103 \u00eel pot accepta \u00een via\u021ba mea.<\/p>\n\n\n\n<p>&#8211; Idealul acesta despre care \u00eemi vorbe\u0219ti are leg\u0103tur\u0103 cu imaginea so\u021bului t\u0103u?<\/p>\n\n\n\n<p>&#8211; &#8230;<\/p>\n\n\n\n<p>&#8211; E foarte important s\u0103 \u00eemi r\u0103spunzi la aceast\u0103 \u00eentrebare.<\/p>\n\n\n\n<p>&#8211; Da, evident c\u0103 are leg\u0103tur\u0103.<\/p>\n\n\n\n<p>&#8211; Pot s\u0103 presupun c\u0103 vorbim despre acela\u0219i ideal? S-a schimbat ceva \u00een ceea ce consideri tu a fi b\u0103rbatul ideal?<\/p>\n\n\n\n<p>&#8211; Nu s-a schimbat nimic. Nu m-am schimbat nici eu.<\/p>\n\n\n\n<p>&#8211; \u00cemi po\u021bi schi\u021ba \u00een c\u00e2teva cuvinte imaginea asta?<\/p>\n\n\n\n<p>&#8211; Ce vrei s\u0103 \u00ee\u021bi spun? \u0218tii foarte bine, doar ai o agend\u0103 plin\u0103 cu noti\u021be despre mine. Nu sunt eu clienta ta preferat\u0103?<\/p>\n\n\n\n<p>&#8211; Nu am clien\u021bi prefera\u021bi \u0219i, de\u0219i am f\u0103cut multe \u00eensemn\u0103ri \u00een timpul \u0219edin\u021belor noastre, e foarte important s\u0103 \u00eemi faci tu o recapitulare. Vreau s\u0103 te aud descriindu-mi \u00eenc\u0103 o dat\u0103 idealul t\u0103u masculin. Chiar dac\u0103 mi-ai mai spus acest lucru.<\/p>\n\n\n\n<p>&#8211; Adic\u0103 s\u0103 vorbim despre acela\u0219i lucru. Din nou. S\u0103-\u021bi spun \u00eenc\u0103 o dat\u0103 c\u0103 am \u00eencercat s\u0103 fac acela\u0219i lucru pe care \u00eel fac de fiecare dat\u0103 c\u00e2nd dispar de la terapie pentru c\u00e2teva s\u0103pt\u0103m\u00e2ni? C\u0103 am \u00eent\u00e2lnit din nou pe cineva, evident o fiin\u021b\u0103 necoapt\u0103, neformat\u0103, dar cu mult poten\u021bial, pe care am reu\u0219it s\u0103 o domin \u00een foarte scurt timp \u0219i pe care am \u00eenceput s\u0103 o pl\u0103m\u0103desc \u00eentr-un b\u0103rbat care s\u0103 semene c\u00e2t mai mult cu so\u021bul meu.<\/p>\n\n\n\n<p>&#8211; \u0218i ai reu\u0219it?<\/p>\n\n\n\n<p>&#8211; Nu, \u0219tii doar c\u0103 e\u0219uez de fiecare dat\u0103&#8230;<\/p>\n\n\n\n<p>&#8211; De ce persi\u0219ti \u00een acest obicei dac\u0103 ai con\u0219tiin\u021ba e\u0219ecului?<\/p>\n\n\n\n<p>&#8211; Nu m\u0103 pot opri. Speran\u021ba asta c\u0103, \u00eentr-o bun\u0103 zi, voi putea crea o copie c\u00e2t de c\u00e2t fidel\u0103 a so\u021bului meu e tot ce m\u0103 mai \u021bine pe linia de plutire. Asta e o discu\u021bie pe care am avut-o de nenum\u0103rate ori. Ce sens are s\u0103 o mai purt\u0103m \u0219i azi? Nu ai prefera s\u0103 \u00ee\u021bi povestesc despre c\u0103r\u021bile pe care le-am citit \u00een s\u0103pt\u0103m\u00e2nile astea?<\/p>\n\n\n\n<p>&#8211; Nu, oric\u00e2t de mult mi-ar pl\u0103cea \u0219i mie s\u0103 citesc, acesta nu este un club de lectur\u0103. Spune-mi de ce e important pentru tine s\u0103 ai o copie a so\u021bului t\u0103u. &nbsp;<\/p>\n\n\n\n<p>&#8211; M\u0103 simt foarte singur\u0103 \u0219i nu m\u0103 mai reg\u0103sesc. Nu mai \u0219tiu cine sunt f\u0103r\u0103 so\u021bul meu \u0219i simt nevoia asta uria\u0219\u0103 de a iubi. \u0218i nu cred c\u0103 pot iubi doi oameni \u00een acela\u0219i timp&#8230;<\/p>\n\n\n\n<p>&#8211; \u00cen\u021beleg. Dar trebuie s\u0103-\u021bi reamintesc un adev\u0103r dureros. Draga mea, so\u021bul t\u0103u e mort de mai bine de cinci ani \u0219i, oric\u00e2t de mult l-ai iubit, este aproape imposibil s\u0103 g\u0103se\u0219ti pe cineva care s\u0103 \u00eei poat\u0103 lua locul. S\u0103 \u00eencerci s\u0103 ai o rela\u021bie cu altcineva e acceptabil, e firesc, dar te-ai \u00eentrebat c\u00e2t e de moral s\u0103 \u00eencerci s\u0103 transformi un om doar pentru ca acesta s\u0103 corespund\u0103 unui ideal de-al t\u0103u?<\/p>\n\n\n\n<p>&#8211; Hm, parc\u0103 voi, psihologii nu avea\u021bi voie s\u0103 face\u021bi judec\u0103\u021bi morale. Nu cred c\u0103 de asta sunt aici. Nu ca s\u0103 m\u0103 judeci sau ca s\u0103 m\u0103 ataci.<\/p>\n\n\n\n<p>&#8211; E drept, dar nu e o judecat\u0103 moral\u0103, e o simpl\u0103 \u00eentrebare, nu are nimic ofensator \u00een ea. Faptul c\u0103 tu o percepi ca pe un atac nu spune nimic despre inten\u021bia mea, ci doar despre inten\u021biile tale. De acord?<\/p>\n\n\n\n<p>&#8211; Mda, probabil c\u0103 ai dreptate \u0219i m\u0103 irit\u0103 faptul c\u0103 trebuie s\u0103 \u00ee\u021bi dau din nou dreptate. Dar am sperat c\u0103 de data asta lucrurile vor decurge altfel.<\/p>\n\n\n\n<p>&#8211; Cum a\u0219a?<\/p>\n\n\n\n<p>&#8211; \u0218tii, omul \u0103sta care mi-a c\u0103zut \u00een plas\u0103 era chiar un copil \u00eentr-un corp de b\u0103rbat, \u00eembr\u0103cat \u00een haine de b\u0103rbat, asum\u00e2ndu-\u0219i un rol de b\u0103rbat, dar, dincolo de suprafa\u021b\u0103, nu era dec\u00e2t un b\u0103ie\u021bel speriat de via\u021b\u0103, f\u0103r\u0103 niciun sim\u021b al propriei identit\u0103\u021bi. Nici m\u0103car nu \u0219tia care e ziua lui de na\u0219tere. C\u00e2nd l-am \u00eentrebat cum e posibil a\u0219a ceva, mi-a spus c\u0103 \u00een \u021bara din care provine, majoritatea arhivelor au fost distruse \u00een r\u0103zboi, \u00een unul dintre multele r\u0103zboaie, iar c\u00e2nd a \u00eenceput procesul de imigrare, i s-a confec\u021bionat un certificat de na\u0219tere pe care, din convenien\u021b\u0103 sau din lips\u0103 de imagina\u021bie, i-a fost aleas\u0103 ca dat\u0103 de na\u0219tere ziua de 1 ianuarie. \u0218i nu e singurul \u00een situa\u021bia asta. \u00ce\u021bi dai seama? Mii de oameni, aparent to\u021bi n\u0103scu\u021bi \u00een aceea\u0219i zi, to\u021bi trimi\u0219i \u00een \u021bara asta, to\u021bi \u00eembr\u0103ca\u021bi \u00een <em>blue jeans<\/em>, tricouri de la <em>Abercrombie <\/em>\u0219i adida\u0219i <em>Nike<\/em>, cu \u0219epci cu inscrip\u021bii pe care nu le \u00een\u021beleg, to\u021bi pu\u0219i s\u0103 tr\u0103iasc\u0103 dup\u0103 ni\u0219te reguli care le sunt str\u0103ine, generate de marele malaxor american. \u0218i tu \u00eemi vorbe\u0219ti de moralitate?<\/p>\n\n\n\n<p>&#8211; Nu suntem aici ca s\u0103 discut\u0103m imperfec\u021biunile sistemului american sau absurdit\u0103\u021bile sistemului de imigr\u0103ri. Aici discut\u0103m doar despre alegerile tale.<\/p>\n\n\n\n<p>&#8211; Da, \u0219tiu. Nu cred c\u0103 e vorba de nicio alegere aici, cel pu\u021bin eu n-am ales nimic. Am profitat de ce mi s-a livrat at\u00e2t de facil. Oricum nu mai conteaz\u0103&#8230; a plecat.<\/p>\n\n\n\n<p>&#8211; B\u0103rbatul de care \u00eemi spuneai a plecat?<\/p>\n\n\n\n<p>&#8211; Da.<\/p>\n\n\n\n<p>&#8211; Po\u021bi s\u0103 \u00eemi spui mai multe despre plecarea lui?<\/p>\n\n\n\n<p>&#8211; Nu e nimic de spus. \u00centr-o zi a disp\u0103rut, pur \u0219i simplu, iar \u00eenainte de plecare mi-a t\u0103iat toate tufele de <em>forsythia,<\/em> de\u0219i nu \u00eenfloriser\u0103 \u00eenc\u0103.<\/p>\n","protected":false},"excerpt":{"rendered":"<p>N-am s\u0103 uit niciodat\u0103 privirea ta plin\u0103 de \u00eenc\u00e2ntare \u00een fa\u021ba bibliotecii din sufragerie. De\u0219i e greu de crezut, m\u0103 uitam la tine, \u00een loc s\u0103 \u00eemi admir c\u0103r\u021bile, a\u0219a cum a\u0219 fi f\u0103cut \u00een mod normal, dar asta era pentru mine cea mai important\u0103 parte a testului, care risca \u00een acel moment s\u0103 se comprime. Dac\u0103 ai fi trecut pe l\u00e2ng\u0103 rafturile pline cu c\u0103r\u021bi f\u0103r\u0103 s\u0103 le bagi \u00een seam\u0103 \u0219i f\u0103r\u0103 s\u0103 spui nimic, mi-ar fi fost foarte u\u0219or s\u0103 \u00ee\u021bi ofer o mic\u0103 recompens\u0103 pentru serviciile tale \u0219i s\u0103 te concediez.<\/p>\n","protected":false},"author":71,"featured_media":2514,"comment_status":"open","ping_status":"closed","sticky":false,"template":"","format":"standard","meta":{"_jetpack_memberships_contains_paid_content":false,"footnotes":""},"categories":[29],"tags":[167,545,544,499],"coauthors":[],"class_list":["post-2515","post","type-post","status-publish","format-standard","has-post-thumbnail","hentry","category-fictiune","tag-fictiune","tag-forsythia","tag-ioana-unk","tag-nr-5-2021"],"jetpack_featured_media_url":"https:\/\/revistafamilia.ro\/wp-content\/uploads\/2021\/07\/Ioana-Unk.jpg","jetpack_sharing_enabled":true,"_links":{"self":[{"href":"https:\/\/revistafamilia.ro\/index.php?rest_route=\/wp\/v2\/posts\/2515","targetHints":{"allow":["GET"]}}],"collection":[{"href":"https:\/\/revistafamilia.ro\/index.php?rest_route=\/wp\/v2\/posts"}],"about":[{"href":"https:\/\/revistafamilia.ro\/index.php?rest_route=\/wp\/v2\/types\/post"}],"author":[{"embeddable":true,"href":"https:\/\/revistafamilia.ro\/index.php?rest_route=\/wp\/v2\/users\/71"}],"replies":[{"embeddable":true,"href":"https:\/\/revistafamilia.ro\/index.php?rest_route=%2Fwp%2Fv2%2Fcomments&post=2515"}],"version-history":[{"count":2,"href":"https:\/\/revistafamilia.ro\/index.php?rest_route=\/wp\/v2\/posts\/2515\/revisions"}],"predecessor-version":[{"id":2548,"href":"https:\/\/revistafamilia.ro\/index.php?rest_route=\/wp\/v2\/posts\/2515\/revisions\/2548"}],"wp:featuredmedia":[{"embeddable":true,"href":"https:\/\/revistafamilia.ro\/index.php?rest_route=\/wp\/v2\/media\/2514"}],"wp:attachment":[{"href":"https:\/\/revistafamilia.ro\/index.php?rest_route=%2Fwp%2Fv2%2Fmedia&parent=2515"}],"wp:term":[{"taxonomy":"category","embeddable":true,"href":"https:\/\/revistafamilia.ro\/index.php?rest_route=%2Fwp%2Fv2%2Fcategories&post=2515"},{"taxonomy":"post_tag","embeddable":true,"href":"https:\/\/revistafamilia.ro\/index.php?rest_route=%2Fwp%2Fv2%2Ftags&post=2515"},{"taxonomy":"author","embeddable":true,"href":"https:\/\/revistafamilia.ro\/index.php?rest_route=%2Fwp%2Fv2%2Fcoauthors&post=2515"}],"curies":[{"name":"wp","href":"https:\/\/api.w.org\/{rel}","templated":true}]}}