{"id":2415,"date":"2021-06-22T17:45:37","date_gmt":"2021-06-22T14:45:37","guid":{"rendered":"https:\/\/revistafamilia.ro\/?p=2415"},"modified":"2021-07-18T19:35:30","modified_gmt":"2021-07-18T16:35:30","slug":"a-murit-scriitorul-mircea-bradu-fost-redactor-al-revistei-familia","status":"publish","type":"post","link":"https:\/\/revistafamilia.ro\/?p=2415","title":{"rendered":"A murit scriitorul Mircea Bradu, fost redactor al revistei Familia"},"content":{"rendered":"\n<p>A murit, la 84 de ani, scriitorul Mircea Bradu (n. 14 ianuarie 1937, L\u0103z\u0103reni, jud. Bihor), dramaturg, fost redactor al revistei Familia (seria a V-a), din 1965 p\u00e2n\u0103 \u00een 1977. A p\u0103r\u0103sit redac\u0163ia pentru func\u0163ia de director al Teatrului de Stat Oradea, de\u0163inut\u0103 p\u00e2n\u0103 dup\u0103 revolu\u0163ia din decembrie 1989. Dup\u0103 c\u0103derea regimului comunist, a devenit pentru scurt timp primul primar al Oradiei. Fondator al Radio Sonvest, \u00een anul 1993 a \u00eenfiin\u021bat re\u021beaua Radio Transilvania, iar \u00een anul 2002 a \u00eenfiin\u021bat Editura Arca. <\/p>\n\n\n\n<p>Dumnezeu s\u0103-l odihneasc\u0103 \u00een pace!<\/p>\n","protected":false},"excerpt":{"rendered":"<p>A murit, la 84 de ani, scriitorul Mircea Bradu (n. 14 ianuarie 1937, L\u0103z\u0103reni, jud. Bihor), dramaturg, fost redactor al revistei Familia (seria a V-a), din 1965 p\u00e2n\u0103 \u00een 1977. A p\u0103r\u0103sit redac\u0163ia pentru func\u0163ia de director al Teatrului de Stat Oradea, de\u0163inut\u0103 p\u00e2n\u0103 dup\u0103 revolu\u0163ia din decembrie 1989. Dup\u0103 c\u0103derea regimului comunist, a devenit pentru scurt timp primul primar al Oradiei. Fondator al Radio Sonvest, \u00een anul 1993 a \u00eenfiin\u021bat re\u021beaua Radio Transilvania, iar \u00een anul 2002 a \u00eenfiin\u021bat Editura Arca. Dumnezeu s\u0103-l odihneasc\u0103 \u00een pace!<\/p>\n","protected":false},"author":2,"featured_media":2416,"comment_status":"open","ping_status":"open","sticky":false,"template":"","format":"standard","meta":{"_jetpack_memberships_contains_paid_content":false,"footnotes":""},"categories":[65],"tags":[],"coauthors":[],"class_list":["post-2415","post","type-post","status-publish","format-standard","has-post-thumbnail","hentry","category-stiri-si-anunturi"],"jetpack_featured_media_url":"https:\/\/revistafamilia.ro\/wp-content\/uploads\/2021\/06\/Mircea_Bradu.jpg","jetpack_sharing_enabled":true,"_links":{"self":[{"href":"https:\/\/revistafamilia.ro\/index.php?rest_route=\/wp\/v2\/posts\/2415","targetHints":{"allow":["GET"]}}],"collection":[{"href":"https:\/\/revistafamilia.ro\/index.php?rest_route=\/wp\/v2\/posts"}],"about":[{"href":"https:\/\/revistafamilia.ro\/index.php?rest_route=\/wp\/v2\/types\/post"}],"author":[{"embeddable":true,"href":"https:\/\/revistafamilia.ro\/index.php?rest_route=\/wp\/v2\/users\/2"}],"replies":[{"embeddable":true,"href":"https:\/\/revistafamilia.ro\/index.php?rest_route=%2Fwp%2Fv2%2Fcomments&post=2415"}],"version-history":[{"count":3,"href":"https:\/\/revistafamilia.ro\/index.php?rest_route=\/wp\/v2\/posts\/2415\/revisions"}],"predecessor-version":[{"id":2431,"href":"https:\/\/revistafamilia.ro\/index.php?rest_route=\/wp\/v2\/posts\/2415\/revisions\/2431"}],"wp:featuredmedia":[{"embeddable":true,"href":"https:\/\/revistafamilia.ro\/index.php?rest_route=\/wp\/v2\/media\/2416"}],"wp:attachment":[{"href":"https:\/\/revistafamilia.ro\/index.php?rest_route=%2Fwp%2Fv2%2Fmedia&parent=2415"}],"wp:term":[{"taxonomy":"category","embeddable":true,"href":"https:\/\/revistafamilia.ro\/index.php?rest_route=%2Fwp%2Fv2%2Fcategories&post=2415"},{"taxonomy":"post_tag","embeddable":true,"href":"https:\/\/revistafamilia.ro\/index.php?rest_route=%2Fwp%2Fv2%2Ftags&post=2415"},{"taxonomy":"author","embeddable":true,"href":"https:\/\/revistafamilia.ro\/index.php?rest_route=%2Fwp%2Fv2%2Fcoauthors&post=2415"}],"curies":[{"name":"wp","href":"https:\/\/api.w.org\/{rel}","templated":true}]}}