{"id":1817,"date":"2021-04-12T16:30:06","date_gmt":"2021-04-12T13:30:06","guid":{"rendered":"https:\/\/revistafamilia.ro\/?p=1817"},"modified":"2021-04-12T16:55:01","modified_gmt":"2021-04-12T13:55:01","slug":"polenizatorul-terorii","status":"publish","type":"post","link":"https:\/\/revistafamilia.ro\/?p=1817","title":{"rendered":"\u201ePolenizatorul terorii\u201d"},"content":{"rendered":"\n<div class=\"wp-block-image is-style-default\"><figure class=\"alignleft size-large is-resized\"><img decoding=\"async\" src=\"https:\/\/revistafamilia.ro\/wp-content\/uploads\/2021\/04\/cantecul_pasarii_de_plaja.png\" alt=\"\" class=\"wp-image-1818\" width=\"200\" srcset=\"https:\/\/revistafamilia.ro\/wp-content\/uploads\/2021\/04\/cantecul_pasarii_de_plaja.png 393w, https:\/\/revistafamilia.ro\/wp-content\/uploads\/2021\/04\/cantecul_pasarii_de_plaja-197x300.png 197w\" sizes=\"(max-width: 393px) 100vw, 393px\" \/><figcaption>Tudor Ganea, <em>C\u00e2ntecul p\u0103s\u0103rii de plaj\u0103<\/em>, Editura Polirom, 2021<\/figcaption><\/figure><\/div>\n\n\n\n<p>Ainur e un antierou. Desc\u0103lecatul s\u0103u la malul m\u0103rii, la o v\u00eerst\u0103 fraged\u0103, seam\u0103n\u0103 cu o incursiunea de cucerire. \u00cencet, t\u0103tarul \u00ee\u0219i supune toat\u0103 \u201epopula\u021bia local\u0103\u201d, de la FZN-i\u0219ti normali la \u0219ocarici \u0219i bar\u0103cani, cele mai abrutizate forme de via\u021b\u0103 uman\u0103. \u201eDin acel moment, Ainur descoperi c\u0103, de fapt, \u00eei plac oamenii. Oamenii care fug. Oamenii care cad. Oamenii c\u0103rora le e team\u0103.\u201d Toat\u0103 m\u0103rirea lui Ainur se cl\u0103de\u0219te pe teama pe care prezen\u021ba lui o s\u0103de\u0219te \u00een ceilal\u021bi, iar dec\u0103derea vine \u00een momentul \u00een care teama devine pentru el ceva interior, personal, intim, sub forma unui posibil cancer la prostat\u0103. \u00cen acel moment, c\u00eend Ainur este deja matur, c\u0103s\u0103torit, dar f\u0103r\u0103 copii, \u00eencepe drumul lui spre mare, prin cartierul ap\u0103sat \u00eenainte sub teroarea sa, drum odat\u0103 cu care \u00ee\u0219i reface traseul devenirii \u00eentru ceea ce via\u021ba, anturajul, contexul \u0219i mai presus de toate firea lui l-au f\u0103cut s\u0103 fie.<\/p>\n\n\n\n<p>Ainur este un antierou dup\u0103 toate standardele analizei literare, \u00eens\u0103-n logica lumii din care provine are toate datele succesului. Povestea lui Ainur, a\u0219a cum a ales Tudor Ganea s-o spun\u0103, cu \u00een\u021belegere <em>first hand<\/em> a acelei lumi, ne face s\u0103 \u00een\u021belegem \u0219i noi alegerile de via\u021b\u0103 ale lui Ainur \u2013 chiar dac\u0103, f\u0103r\u0103 \u00eendoial\u0103, nu le putem aproba, oric\u00eet de bine ar scrie Tudor Ganea \u2013 \u0219i scrie \u00eentr-adev\u0103r excelent!<\/p>\n\n\n\n<p><em>C\u00eentecul p\u0103s\u0103rii de plaj\u0103<\/em> este un roman dur \u0219i dureros \u0219i, nu de pu\u021bine ori, \u00een momentele lui de poezie a violen\u021bei \u0219i dezabuz\u0103rii, este un roman <em>duios<\/em> \u00een cel mai surprinz\u0103tor fel. Expresia suprem\u0103 a acestui fapt este \u00eensu\u0219i titlul \u2013 unul dintre cel mai bine alese din ultimii ani.<\/p>\n","protected":false},"excerpt":{"rendered":"<p><i>C\u00eentecul p\u0103s\u0103rii de plaj\u0103<\/i> este un roman dur \u0219i dureros \u0219i, nu de pu\u021bine ori, \u00een momentele lui de poezie a violen\u021bei \u0219i dezabuz\u0103rii, este un roman <i>duios<\/i> \u00een cel mai surprinz\u0103tor fel.<\/p>\n","protected":false},"author":1,"featured_media":1818,"comment_status":"open","ping_status":"closed","sticky":false,"template":"","format":"standard","meta":{"_jetpack_memberships_contains_paid_content":false,"footnotes":""},"categories":[300],"tags":[345,301,67,128,344],"coauthors":[],"class_list":["post-1817","post","type-post","status-publish","format-standard","has-post-thumbnail","hentry","category-graffiti","tag-cantecul-pasarii-de-plaja","tag-graffiti","tag-mircea-pricajan","tag-polirom","tag-tudor-ganea"],"jetpack_featured_media_url":"https:\/\/revistafamilia.ro\/wp-content\/uploads\/2021\/04\/cantecul_pasarii_de_plaja.png","jetpack_sharing_enabled":true,"_links":{"self":[{"href":"https:\/\/revistafamilia.ro\/index.php?rest_route=\/wp\/v2\/posts\/1817","targetHints":{"allow":["GET"]}}],"collection":[{"href":"https:\/\/revistafamilia.ro\/index.php?rest_route=\/wp\/v2\/posts"}],"about":[{"href":"https:\/\/revistafamilia.ro\/index.php?rest_route=\/wp\/v2\/types\/post"}],"author":[{"embeddable":true,"href":"https:\/\/revistafamilia.ro\/index.php?rest_route=\/wp\/v2\/users\/1"}],"replies":[{"embeddable":true,"href":"https:\/\/revistafamilia.ro\/index.php?rest_route=%2Fwp%2Fv2%2Fcomments&post=1817"}],"version-history":[{"count":3,"href":"https:\/\/revistafamilia.ro\/index.php?rest_route=\/wp\/v2\/posts\/1817\/revisions"}],"predecessor-version":[{"id":1823,"href":"https:\/\/revistafamilia.ro\/index.php?rest_route=\/wp\/v2\/posts\/1817\/revisions\/1823"}],"wp:featuredmedia":[{"embeddable":true,"href":"https:\/\/revistafamilia.ro\/index.php?rest_route=\/wp\/v2\/media\/1818"}],"wp:attachment":[{"href":"https:\/\/revistafamilia.ro\/index.php?rest_route=%2Fwp%2Fv2%2Fmedia&parent=1817"}],"wp:term":[{"taxonomy":"category","embeddable":true,"href":"https:\/\/revistafamilia.ro\/index.php?rest_route=%2Fwp%2Fv2%2Fcategories&post=1817"},{"taxonomy":"post_tag","embeddable":true,"href":"https:\/\/revistafamilia.ro\/index.php?rest_route=%2Fwp%2Fv2%2Ftags&post=1817"},{"taxonomy":"author","embeddable":true,"href":"https:\/\/revistafamilia.ro\/index.php?rest_route=%2Fwp%2Fv2%2Fcoauthors&post=1817"}],"curies":[{"name":"wp","href":"https:\/\/api.w.org\/{rel}","templated":true}]}}