{"id":1802,"date":"2021-04-11T08:39:26","date_gmt":"2021-04-11T05:39:26","guid":{"rendered":"https:\/\/revistafamilia.ro\/?p=1802"},"modified":"2021-04-11T08:39:34","modified_gmt":"2021-04-11T05:39:34","slug":"capricii-la-masculin","status":"publish","type":"post","link":"https:\/\/revistafamilia.ro\/?p=1802","title":{"rendered":"Capricii la masculin"},"content":{"rendered":"\n<div class=\"wp-block-image\"><figure class=\"alignleft size-large is-resized\"><img decoding=\"async\" src=\"https:\/\/revistafamilia.ro\/wp-content\/uploads\/2021\/04\/coperta-Schiop.jpg\" alt=\"\" class=\"wp-image-1803\" width=\"200\" srcset=\"https:\/\/revistafamilia.ro\/wp-content\/uploads\/2021\/04\/coperta-Schiop.jpg 655w, https:\/\/revistafamilia.ro\/wp-content\/uploads\/2021\/04\/coperta-Schiop-197x300.jpg 197w, https:\/\/revistafamilia.ro\/wp-content\/uploads\/2021\/04\/coperta-Schiop-480x733.jpg 480w\" sizes=\"(max-width: 655px) 100vw, 655px\" \/><figcaption>Adrian Schiop,\u00a0<em>S\u0103 ne fie la to\u021bi la fel de r\u0103u<\/em>, Ia\u0219i, Editura Polirom, 2021, 192 pag.<\/figcaption><\/figure><\/div>\n\n\n\n<p>Pu\u0219c\u0103ria\u0219ul Alberto din\u00a0<em>Solda\u021bii. Poveste din Ferentari<\/em>\u00a0e \u00eenlocuit aici de Florin, artificialul poli\u021bist, situat, evident, de cealalt\u0103 parte a libert\u0103\u021bii. Numai c\u0103 astfel e \u0219i mai z\u0103vor\u00e2t \u00een multitraumele eliberate par\u021bial (prin deful\u0103rile sexuale). F\u0103r\u0103 \u00eendoial\u0103 c\u0103 cititorii lui Schiop se scarpin\u0103 \u00een cap \u0219i senza\u021bia de d\u00e9j\u00e0-vu e cople\u0219itoare.\u00a0<\/p>\n\n\n\n<p>\u201eAll in all\u201d, romanul e dezasamblat, scris parc\u0103 \u00eentr-o doar\u0103, sub semnul unui zeu al miserupismului erotoman. La un moment dat, Autorul s-a trezit din transa epigonic\u0103 \u0219i-a \u00eencercat s\u0103 valorizeze un balon de s\u0103pun. Oric\u00e2t\u0103 teorie toarn\u0103 la funda\u021bia de chirpici, edificiul se clatin\u0103 la orice adiere. N-am \u00een\u021beles de ce n-a renun\u021bat Schiop la toate ticurile romgleze\u0219ti, de unde at\u00e2tea erori ortografice, \u00een cascad\u0103, cum de spa\u021biile mici n-au o minim\u0103 densitate&#8230;.? Toate detoneaz\u0103 un text pe care, sunt sigur, autorul \u00eel simte \u0219ubred \u0219i irecuperabil, dar pe care-l c\u00e2rpe\u0219te la vedere. L\u0103rgindu-l ca o gum\u0103 de mestecat pe care nu \u0219tie unde s-o lipeasc\u0103 f\u0103r\u0103 s\u0103 fie v\u0103zut.\u00a0<\/p>\n\n\n\n<blockquote class=\"wp-block-quote is-layout-flow wp-block-quote-is-layout-flow\"><p>Un roman ratat care ne spune c\u00e2t de bun a fost, de fapt,\u00a0<em>Solda\u021bii<\/em>.\u00a0<\/p><\/blockquote>\n\n\n\n<p>Nu-i r\u0103m\u00e2ne mare lucru. Dup\u0103 o prim\u0103 parte dinamic\u0103, legat\u0103, tensionat\u0103, urmeaz\u0103 un kebab narativ, \u201ecu de toate\u201d: anecdotic\u0103 digresiv\u0103, reproducere de orice, fragmentarism, numai s\u0103 fie ceva, de la dialoguri, istorii la am\u0103nunte care n-au de-a face cu povestea propriu-zis\u0103, nici n-o cresteaz\u0103 \u00een vreun fel. Cum umplutura n-are nici tinichea, ultima se(x)c\u021biune este \u0219i cea \u00een care adev\u0103ratul Schiop caut\u0103 s\u0103 fardeze catastrofa. Livreaz\u0103 teorii post-, numai c\u0103 \u00eemp\u0103carea cu practica e\u0219ecului amoros e tardiv\u0103 \u0219i are tot at\u00e2ta sens ca un chef ratat \u00eenainte s\u0103 \u00eenceap\u0103.&nbsp;<\/p>\n\n\n\n<p>Cea mai slab\u0103 carte semnat\u0103 de Adrian Schiop este scris\u0103 parc\u0103 \u00een sc\u00e2rba contratimpului. C\u00e2nd jocul devine serios, el d\u0103 bir cu fugi\u021bii sau arunc\u0103 din balcon un contraepilog socio-antropologic, care salveaz\u0103 din toate reziduurile povestea unor capricii la masculin.&nbsp;&nbsp;<\/p>\n\n\n\n<p>Un roman ratat care ne spune c\u00e2t de bun a fost, de fapt,&nbsp;<em>Solda\u021bii<\/em>.&nbsp;<\/p>\n\n\n\n<p>Un scriitor ajuns prizonierul propriei maniere.<\/p>\n","protected":false},"excerpt":{"rendered":"<p>Cea mai slab\u0103 carte semnat\u0103 de Adrian Schiop este scris\u0103 parc\u0103 \u00een sc\u00e2rba contratimpului.<\/p>\n","protected":false},"author":18,"featured_media":1803,"comment_status":"open","ping_status":"open","sticky":false,"template":"","format":"standard","meta":{"_jetpack_memberships_contains_paid_content":false,"footnotes":""},"categories":[300],"tags":[340,301,122,128,341],"coauthors":[],"class_list":["post-1802","post","type-post","status-publish","format-standard","has-post-thumbnail","hentry","category-graffiti","tag-adrian-schiop","tag-graffiti","tag-marius-mihet","tag-polirom","tag-sa-ne-fie-la-toti-la-fel-de-rau"],"jetpack_featured_media_url":"https:\/\/revistafamilia.ro\/wp-content\/uploads\/2021\/04\/coperta-Schiop.jpg","jetpack_sharing_enabled":true,"_links":{"self":[{"href":"https:\/\/revistafamilia.ro\/index.php?rest_route=\/wp\/v2\/posts\/1802","targetHints":{"allow":["GET"]}}],"collection":[{"href":"https:\/\/revistafamilia.ro\/index.php?rest_route=\/wp\/v2\/posts"}],"about":[{"href":"https:\/\/revistafamilia.ro\/index.php?rest_route=\/wp\/v2\/types\/post"}],"author":[{"embeddable":true,"href":"https:\/\/revistafamilia.ro\/index.php?rest_route=\/wp\/v2\/users\/18"}],"replies":[{"embeddable":true,"href":"https:\/\/revistafamilia.ro\/index.php?rest_route=%2Fwp%2Fv2%2Fcomments&post=1802"}],"version-history":[{"count":2,"href":"https:\/\/revistafamilia.ro\/index.php?rest_route=\/wp\/v2\/posts\/1802\/revisions"}],"predecessor-version":[{"id":1806,"href":"https:\/\/revistafamilia.ro\/index.php?rest_route=\/wp\/v2\/posts\/1802\/revisions\/1806"}],"wp:featuredmedia":[{"embeddable":true,"href":"https:\/\/revistafamilia.ro\/index.php?rest_route=\/wp\/v2\/media\/1803"}],"wp:attachment":[{"href":"https:\/\/revistafamilia.ro\/index.php?rest_route=%2Fwp%2Fv2%2Fmedia&parent=1802"}],"wp:term":[{"taxonomy":"category","embeddable":true,"href":"https:\/\/revistafamilia.ro\/index.php?rest_route=%2Fwp%2Fv2%2Fcategories&post=1802"},{"taxonomy":"post_tag","embeddable":true,"href":"https:\/\/revistafamilia.ro\/index.php?rest_route=%2Fwp%2Fv2%2Ftags&post=1802"},{"taxonomy":"author","embeddable":true,"href":"https:\/\/revistafamilia.ro\/index.php?rest_route=%2Fwp%2Fv2%2Fcoauthors&post=1802"}],"curies":[{"name":"wp","href":"https:\/\/api.w.org\/{rel}","templated":true}]}}