{"id":1602,"date":"2021-04-01T14:40:22","date_gmt":"2021-04-01T11:40:22","guid":{"rendered":"https:\/\/revistafamilia.ro\/?p=1602"},"modified":"2021-04-02T09:09:58","modified_gmt":"2021-04-02T06:09:58","slug":"este-o-sarcina-nobila-sa-tinem-limba-romana-aici-in-israel-pe-o-linie-de-plutire","status":"publish","type":"post","link":"https:\/\/revistafamilia.ro\/?p=1602","title":{"rendered":"\u201eEste o sarcin\u0103 nobil\u0103 s\u0103 \u021binem limba rom\u00e2n\u0103, aici \u00een Israel, pe o linie de plutire\u201d"},"content":{"rendered":"\n<p class=\"has-cyan-bluish-gray-background-color has-background\">N\u0103scut la Bucure\u0219ti \u00een 1946, absolvent al Institutului de Construc\u021bii din Bucure\u0219ti, emigrat \u00een Israel \u00een 1972, <strong>Adrian Grauenfels<\/strong> este una dintre cele mai talentate, mai active \u0219i mai interesante personalit\u0103\u021bi ale lumii literare \u0219i culturale israeliene vorbitoare de limba rom\u00e2n\u0103. Poet \u0219i publicist cu patru albume de art\u0103 \u0219i 18 volume de poezie, eseuri, antologii \u0219i traduceri publicate p\u00e2n\u0103 acum, traduc\u0103tor, ziarist, editor \u0219i fondator al unor reviste online ca <em>Secolul XXI<\/em>,&nbsp; <em>Alchemia <\/em>\u0219i <em>Nautilus<\/em>, animator cultural, pasionat de arte, culturi, civiliza\u021bii \u0219i de pun\u021bile dintre ele, prezen\u021ba sa este sim\u021bit\u0103 \u0219i apreciat\u0103 permanent \u00een spa\u021biul cultural tip\u0103rit \u0219i internetic. \u00cen prezent este redactor-\u0219ef al revistei s\u0103pt\u0103m\u00e2nale <em>Jurnal Israelian<\/em>, singura publica\u021bie \u00een limba rom\u00e2n\u0103 din Israel dedicat\u0103 aproape exclusiv culturii, \u0219i directorul Editurii SAGA, care public\u0103 c\u0103r\u021bi valoroase \u0219i frumoase de literatur\u0103 \u0219i despre art\u0103, istorie \u0219i cultur\u0103 \u2013 majoritatea \u00een limba rom\u00e2n\u0103.<\/p>\n\n\n\n<hr class=\"wp-block-separator is-style-dots\"\/>\n\n\n\n<p><strong>Dan Roma\u0219canu:<\/strong> <em>Po\u021bi, te rog, s\u0103 trasezi c\u00e2teva repere ale carierei tale literare \u0219i culturale? Cum ai ajuns de la inginerie la poezie \u0219i apoi la editare \u0219i la alte activit\u0103\u021bi legate de arte \u0219i de cultur\u0103?<\/em><\/p>\n\n\n\n<p><strong>Adrian Grauenfels:<\/strong> E o poveste mai lung\u0103, legat\u0103 de mama mea care lucra pentru o revist\u0103 israelian\u0103 de limb\u0103 rom\u00e2n\u0103. Cunosc\u00e2nd bine limba francez\u0103, mama traducea masiv dulceg\u0103rii din reviste pariziene, care erau publicate s\u0103pt\u0103m\u00e2nal cu finalul \u201eva urma\u201d. C\u00e2nd mama&nbsp;a fost internat\u0103 pentru o opera\u0163ie, am \u00eenlocuit-o la munc\u0103, prelu\u00e2nd sarcina traducerilor unor texte care mi se p\u0103reau efectiv stupide. Timp de o lun\u0103 am improvizat aventuri, afaceri cu gangsteri, trafican\u0163i \u015fi spioni \u00een Orientul Mijlociu. Era fascinant pentru mine s\u0103 manipulez cuvinte, s\u0103 inventez o istorie \u015fi dialoguri imaginare. Dar a mers, redac\u0163ia revistei a fost foarte mul\u0163umit\u0103!&nbsp;Pu\u021bin \u00eenainte&nbsp;de anul 2000 a izbucnit&nbsp;ca&nbsp;un vulcan internetul \u2013 \u015fi cu el a venit&nbsp;adrenalina&nbsp;comunic\u0103rii f\u0103r\u0103 limite.&nbsp;La&nbsp;\u00eenceput eram curio\u015fi, timizi, sim\u0163eam for\u0163ele telurice care&nbsp;deschideau&nbsp;lumi \u015fi puneau sufletele \u00een leg\u0103tur\u0103. Barierele geografice au c\u0103zut,&nbsp;planeta&nbsp;a devenit satul&nbsp;global unde&nbsp;te&nbsp;informai \u015fi schimbai idei \u015fi tr\u0103iri cu oricine, oriunde \u00een lume, nelimitat. Po\u015fta a cedat \u00een fa\u0163a mail-ului electronic. Citeam cu nesa\u0163 poezie \u015fi proz\u0103,&nbsp;vizitam&nbsp;pe ecran muzee de pe trei&nbsp;continente etc. A\u0219a am ajuns s\u0103 \u00eemi \u00eencerc \u0219i eu puterile literare.<\/p>\n\n\n\n<p><strong>DR:<\/strong> <em>Cei care te cunoa\u0219tem mai de mult \u0219tim c\u0103 e\u0219ti un poet de mare talent. \u00cen ultimul deceniu, pe l\u00e2ng\u0103 poezie, \u021bi-ai l\u0103rgit mult sfera activit\u0103\u021bilor culturale, ai \u00eenfiin\u021bat reviste, ai scris despre arte \u0219i despre avangarde, ai deschis o editur\u0103, editezi \u00een prezent un jurnal cultural s\u0103pt\u0103m\u00e2nal, administrezi grupuri pe Facebook. Cum \u0219i c\u00e2nd reu\u0219e\u0219ti s\u0103 le faci pe toate? Mai ai timp \u0219i pentru scris poezie?<\/em><\/p>\n\n\n\n<p><strong>AG:<\/strong> Desigur. Ingineria te \u00eenva\u021b\u0103 planificare, eficien\u021b\u0103 \u0219i folosirea tuturor mijloacelor tehnice. Folosesc foarte multe softuri pentru editare, traducere, dic\u021bionare online, softuri pentru grafic\u0103 \u0219i imagine. Timp de scris \u0219i editat am, cel pentru promovare \u0219i reclam\u0103 \u00eemi lipse\u0219te total.<\/p>\n\n\n\n<figure class=\"wp-block-image alignfull size-large is-style-default\"><img loading=\"lazy\" decoding=\"async\" width=\"800\" height=\"532\" src=\"https:\/\/revistafamilia.ro\/wp-content\/uploads\/2021\/04\/adrian_grauenfels4.jpg\" alt=\"\" class=\"wp-image-1606\" srcset=\"https:\/\/revistafamilia.ro\/wp-content\/uploads\/2021\/04\/adrian_grauenfels4.jpg 800w, https:\/\/revistafamilia.ro\/wp-content\/uploads\/2021\/04\/adrian_grauenfels4-300x200.jpg 300w, https:\/\/revistafamilia.ro\/wp-content\/uploads\/2021\/04\/adrian_grauenfels4-768x511.jpg 768w, https:\/\/revistafamilia.ro\/wp-content\/uploads\/2021\/04\/adrian_grauenfels4-720x480.jpg 720w, https:\/\/revistafamilia.ro\/wp-content\/uploads\/2021\/04\/adrian_grauenfels4-480x319.jpg 480w\" sizes=\"auto, (max-width: 800px) 100vw, 800px\" \/><\/figure>\n\n\n\n<p><strong>DR:<\/strong> <em>Pentru cine scrii? Poate c\u0103 ar trebui s\u0103 reformulez \u00eentrebarea ca \u201ePentru cine scriem?\u201d, c\u0103ci ea este valabil\u0103 pentru mul\u021bi, poate pentru majoritatea scriitorilor, ziari\u0219tilor, bloggerilor care scriem \u00een limba rom\u00e2n\u0103, dar tr\u0103im \u00een Israel \u0219i \u00een alte p\u0103r\u021bi ale lumii. Comunitatea de vorbitori \u0219i cititori de limba rom\u00e2n\u0103 \u00een Israel \u0219i \u00een multe alte p\u0103r\u0163i ale lumii \u00eemb\u0103tr\u00e2ne\u0219te \u0219i scade numeric. Este viabil\u0103, va r\u0103m\u00e2ne \u00een timp literatura \u0219i activitatea noastr\u0103 cultural\u0103 \u00een limba rom\u00e2n\u0103?<\/em><\/p>\n\n\n\n<p><strong>AG:<\/strong> Am \u00eenceput s\u0103 cercetez avangardele \u0219i artele pentru pl\u0103cerea mea (am fost instigat \u0219i de activitatea so\u021biei \u2013 ceramist\u0103 \u2013 care te pune fa\u021b\u0103&nbsp;\u00een fa\u021b\u0103 cu secretele unui antic \u0219i fascinant me\u0219te\u0219ug), apoi am \u201eprobat\u201d&nbsp;timid munca scriitorului, pentru c\u0103 nu am bazele formale ale meseriei. Dar \u00eemi face pl\u0103cere \u0219i este o sarcin\u0103 nobil\u0103 s\u0103 mai \u021binem limba rom\u00e2n\u0103, aici \u00een Israel, pe o linie de plutire.&nbsp;<\/p>\n\n\n\n<p><strong>DR:<\/strong> <em>Ce ne po\u021bi spune despre peisajul literar \u0219i cultural israelian \u00een limba rom\u00e2n\u0103? Care este locul literaturii scrise \u00een limba rom\u00e2n\u0103 \u00een contextul celei israeliene? Care este locul literaturii scrise \u00een Israel \u00een limba rom\u00e2n\u0103 \u00een contextul literaturii rom\u00e2ne? Care este rela\u021bia cu restul Diasporei culturale rom\u00e2ne\u0219ti?<\/em><\/p>\n\n\n\n<p><strong>AG:<\/strong> Din p\u0103cate, comunitatea de aici scade continuu, din motive naturale, dar \u0219i din pierderea leg\u0103turii cu limba modern\u0103, folosit\u0103 azi \u00een Rom\u00e2nia. Am rela\u021bii foarte bune cu scriitori din Irlanda, Canada, Australia, cu care colaborez \u0219i schimb materiale destul de des. Din Republica Moldova colaborez intens cu Leo Butnaru, un traduc\u0103tor eminent \u0219i energetic care ne dezv\u0103luie comori ale avangardei ruse, autori evrei necunoscu\u021bi nou\u0103, sau biografii \u0219i traduceri de mare for\u021b\u0103 cum ar fi mai recent <em>Poezii<\/em> semnate de Alejandra Pizarnik.<\/p>\n\n\n\n<p><strong>DR:<\/strong> <em>C\u00e2t de bine este cunoscut\u0103 literatura \u0219i cultura rom\u00e2n\u0103 \u00een Israel? Ce p\u0103rere ai despre activitatea Institutului Cultural Rom\u00e2n \u0219i a altor foruri similare \u00een promovarea aici a culturii rom\u00e2ne? Ce fac ei bine \u0219i ce lipse\u0219te?<\/em><\/p>\n\n\n\n<p><strong>AG:<\/strong> \u00cen trecut circulam pe linia Tel Aviv \u2013 Bucure\u0219ti la t\u00e2rgurile de carte organizate acolo. Invidiam bog\u0103\u021bia de titluri, calitatea tiparului, traducerile de literatur\u0103 clasic\u0103 \u0219i universal\u0103, \u00een timp ce la noi libr\u0103riile disp\u0103reau ca s\u0103 fac\u0103 loc cafenelelor.<em><\/em><\/p>\n\n\n\n<p>ICR-ul \u0219i conducerea lui cea nou\u0103 au schimbat total rela\u021biile cu publicul nostru,&nbsp;destul de adormit. \u00cenainte de pandemie au organizat mult mai multe \u00eent\u00e2lniri, expozi\u021bii, conferin\u021be cu autori locali sau invita\u021bi din Rom\u00e2nia. Sufla un v\u00e2nt nou \u0219i mai ales o politic\u0103 nou\u0103: cea de apropiere de publicul vorbitor de limb\u0103 ebraic\u0103. \u00cen timp de pandemie au trecut la folosirea&nbsp;intens\u0103&nbsp;a mediilor, realiz\u00e2nd \u00eent\u00e2lniri virtuale pe Zoom,&nbsp;sau filmate video \u0219i plasate pe platforme ca Youtube, Facebook etc., adres\u00e2ndu-se unui public local \u0219i interna\u021bional. Festivalul Enescu, posturile rom\u00e2ne\u0219ti TV accesibile de aici, netul\u2026&nbsp; toate&nbsp;ne \u021bin aproape de cultura rom\u00e2neasc\u0103 actual\u0103.<\/p>\n\n\n\n<blockquote class=\"wp-block-quote is-layout-flow wp-block-quote-is-layout-flow\"><p>Tirajele de carte au sc\u0103zut, multe ziare au disp\u0103rut, iar editurile \u00een limba rom\u00e2n\u0103 au r\u0103mas c\u00e2t s\u0103&nbsp;le numeri pe degetele unei m\u00e2ini.<\/p><\/blockquote>\n\n\n\n<p><strong>DR:<\/strong> <em>De ce ai intrat \u00een domeniul activit\u0103\u021bilor editoriale \u0219i ce \u00eencerci s\u0103 faci cu Editura SAGA? Ce este diferit \u00een propunerile ei de ceea ce ofer\u0103 alte edituri din Israel?<\/em><\/p>\n\n\n\n<p><strong>AG:<\/strong> \u00cen anul 2013 am ie\u0219it la pensie. Internetul se afl\u0103&nbsp;acum&nbsp;\u00een orice cas\u0103, oferind acces la c\u0103r\u021bi, jurnale \u0219i art\u0103 la discre\u021bie. \u00cemi era&nbsp;clar c\u0103 noua media va lovi \u00een cartea tip\u0103rit\u0103 \u0219i \u00een pres\u0103, lucru care s-a \u00eent\u00e2mplat. Tirajele de carte au sc\u0103zut, multe ziare au disp\u0103rut, iar editurile \u00een limba rom\u00e2n\u0103 au r\u0103mas c\u00e2t s\u0103&nbsp;le numeri pe degetele unei m\u00e2ini. Treptat am \u00eenceput s\u0103 studiez platformele care propuneau \u201eprint on demand\u201d \u0219i ebook. Amazon-ul \u0219i alt firme similare ar\u0103tau grafice cu o dinamic\u0103 optimist\u0103 pentru v\u00e2nz\u0103rile lor de ebook.&nbsp;Am aderat imediat la ideea de a propaga c\u0103r\u021bile noastre pe aceste platforme, care ofereau un c\u00e2\u0219tig&nbsp;modest autorului, g\u0103zduire gratuit\u0103, dar mai ales scuteau autorii sau editorii de finan\u021barea unui stoc de zeci de c\u0103r\u021bi greu de v\u00e2ndut din motivele amintite. A\u0219a am pornit SAGA, \u00eent\u00e2i cu c\u0103r\u021bile mele \u0219i apoi pentru pia\u021ba larg\u0103, care a crescut pe trei continente. &nbsp;&nbsp;&nbsp;<\/p>\n\n\n\n<p><strong>DR:<\/strong> <em>Din vara anului 2020 ai preluat responsabilitatea de redactor-\u0219ef al unei reviste s\u0103pt\u0103m\u00e2nale \u00een limba rom\u00e2n\u0103, ai trecut-o \u00een spa\u021biul virtual \u0219i ai rebotezat-o <\/em>Jurnal Israelian<em>. De ce ai f\u0103cut asta? Ce ofer\u0103 diferit <\/em>Jurnalul Israelian<em> \u00een compara\u021bie cu alte publica\u021bii de limb\u0103 rom\u00e2n\u0103 care apar \u00een Israel \u0219i \u00een alte p\u0103r\u021bi ale diasporei culturale rom\u00e2ne\u0219ti?<\/em><\/p>\n\n\n\n<p><strong>AG:<\/strong> Timp de mai mul\u021bi ani am colaborat la s\u0103pt\u0103m\u00e2nalul <em>Jurnalul S\u0103pt\u0103m\u00e2nii<\/em> condus de dna Doina Meiseles, un ziar tip\u0103rit \u0219i distribuit la abona\u021bi sau oferit la v\u00e2nzare pentru cump\u0103r\u0103tori ocazionali. Dar a \u00eenceput Corona, tipografiile s-au \u00eenchis, la fel re\u021belele de v\u00e2nzare \u0219i distribu\u021bie.&nbsp;A fost necesar un jurnal online care s\u0103 ocupe aceast\u0103 ni\u0219\u0103 informa\u021bional\u0103 \u0219i recreativ\u0103 celor de limb\u0103 rom\u00e2n\u0103. Cum nu agreez politica, am ales s\u0103 ofer un material cultural \u0219i grafic care s\u0103 acopere un spectru larg de literatur\u0103, arte, fotografie, eseuri, istorie, umor etc.<\/p>\n\n\n\n<p><strong>DR:<\/strong> <em>Ai consacrat mult timp \u0219i talent investig\u0103rii istoriei avangardei romane\u0219ti (literatur\u0103, publicistic\u0103, arte plastice) \u0219i a biografiilor \u0219i operelor unora dintre arti\u0219tii evrei care au f\u0103cut parte din ea. Po\u021bi \u00eemp\u0103rt\u0103\u0219i c\u00e2teva dintre descoperirile f\u0103cute \u00een cadrul acestor activit\u0103\u021bi \u0219i planuri de lucru \u00een viitor \u00een acest domeniu?<\/em><\/p>\n\n\n\n<p><strong>AG:<\/strong> Da, e o \u00eendeletnicire electrizant\u0103. Recunosc c\u0103 \u00een Rom\u00e2nia nu am avut acces la c\u0103r\u021bile Dadai\u0219tilor sau la marea avangard\u0103, bine dosit\u0103 de comunism. \u00cen Israel am colec\u021bionat c\u0103r\u021bi semnate de Andr\u00e9 Breton, Victor Brauner, Gellu Naum, despre Arta Metafizic\u0103, expresionismul german etc. Dar marea \u00eent\u00e2lnire a fost la o rud\u0103 a marelui poet Gherasim Luca, unde exist\u0103 o comoar\u0103 de manuscrise, picto-poezii \u0219i discuri cu recitalurile acestuia cu poezii&nbsp;rostite \u00een limba francez\u0103. Am tradus \u0219i \u00eenv\u0103\u021bat c\u00e2t am g\u0103sit despre acest mare&nbsp;inovator \u0219i avangardist. Apoi l-am \u00eent\u00e2lnit pe editorul Nicolae Tzone, un specialist \u00een avangarda rom\u00e2neasc\u0103. Ne-a vizitat \u0219i am produs \u00een tandem un interviu major \u0219i o bro\u0219ur\u0103 cu poezii despre Marea Moart\u0103. De aici, drumul c\u0103tre ceilal\u021bi a venit \u00een mod natural. Dintre \u201eisraelieni\u201d i-am admirat pe Avigdor Arikha, Marcel Iancu, Baruch Elron \u0219i recent pe pictorul Arie Lamdan, cu care am produs o \u00eent\u00e2lnire filmat\u0103 sub egida ICR-ului. Pentru viitorul imediat preg\u0103tesc o carte despre Dante Alighieri, care va fi s\u0103rb\u0103torit mondial anul acesta: 7 secole de la moartea marelui poet \u0219i om politic. Deja public fragmente \u00een <em>Jurnalul Israelian<\/em>.<\/p>\n\n\n\n<figure class=\"wp-block-image alignfull size-large is-style-default\"><img loading=\"lazy\" decoding=\"async\" width=\"710\" height=\"533\" src=\"https:\/\/revistafamilia.ro\/wp-content\/uploads\/2021\/04\/adrian_grauenfels5.jpg\" alt=\"\" class=\"wp-image-1607\" srcset=\"https:\/\/revistafamilia.ro\/wp-content\/uploads\/2021\/04\/adrian_grauenfels5.jpg 710w, https:\/\/revistafamilia.ro\/wp-content\/uploads\/2021\/04\/adrian_grauenfels5-300x225.jpg 300w, https:\/\/revistafamilia.ro\/wp-content\/uploads\/2021\/04\/adrian_grauenfels5-480x360.jpg 480w\" sizes=\"auto, (max-width: 710px) 100vw, 710px\" \/><\/figure>\n\n\n\n<p><strong>DR:<\/strong> <em>Ai debutat cu mai bine de dou\u0103 decenii \u00een urm\u0103, \u00een perioada c\u00e2nd c\u0103r\u021bile \u0219i revistele literare erau \u00eenc\u0103 exclusiv tip\u0103rite. De atunci o mare parte din activitatea ta s-a mutat on-line. O parte dintre c\u0103r\u021bile pe care le editezi \u0219i revistele la care colaborezi apar exclusiv pe Internet. Care crezi c\u0103 este viitorul c\u0103r\u021bilor \u0219i al revistelor literare tip\u0103rite? Vor r\u0103m\u00e2ne o ni\u0219\u0103? Vor disp\u0103rea complet? Sau poate, dimpotriv\u0103, publica\u021biile on-line sunt cele care reprezint\u0103 o mod\u0103 efemer\u0103?<\/em><\/p>\n\n\n\n<p><strong>AG:<\/strong> Economia \u0219i tehnologia vor hot\u0103r\u00ee. \u0218i publicul larg.&nbsp;Sunt na\u021biuni \u00een care&nbsp;se circul\u0103 foarte&nbsp;mult spre job \u0219i \u00eenapoi cu trenul sau metroul. Mul\u021bi citesc \u0219i \u00eenva\u021b\u0103 pe drum. Desigur pe telefon sau laptop (India, Japonia, Canada). C\u0103r\u021bile nu vor disp\u0103rea total pentru c\u0103 fac parte dintr-o cultur\u0103 de mii de ani \u0219i au dob\u00e2ndit un farmec aparte (cum zicea Gherasim Luca \u00een \u201eVampirul pasiv\u201d: c\u0103r\u021bile&nbsp;sunt obiecte obiective).<\/p>\n\n\n\n<p><strong>DR:<\/strong> <em>Cum a influen\u021bat perioada pandemiei activitatea ta \u0219i a scriitorilor, arti\u0219tilor, traduc\u0103torilor din Israel? Cum crezi c\u0103 va arata \u201enormalul\u201d la care se spune c\u0103 vom reveni? Ce va fi de recuperat? Ce vom face altfel<\/em><em>?<\/em><\/p>\n\n\n\n<p><strong>DR:<\/strong> Am profitat de lini\u0219te \u0219i de ocazia de a descoperi noi platforme digitale. De exemplu, programul WIX, pe care po\u021bi&nbsp;construi \u0219i&nbsp;promova global orice produs comercial, cultural,&nbsp;audio-vizual f\u0103r\u0103 s\u0103 fii un guru tehnic. Apoi programe de extras \u0219i convertit voce&nbsp;\u00een text, din filme video. (Asta mi-a permis s\u0103 traduc cu u\u0219urin\u021b\u0103 un spectaculos interviu fluviu cu scriitorul nostru A.B Yoshua interogat \u00een ebraic\u0103 de Koby Meidan. &nbsp;Rezultatul va ap\u0103rea \u00een proximele numere ale <em>Jurnalului Israelian<\/em>). Viitorul va cere adaptare \u0219i renun\u021bare mai ales la consumul exagerat de junk, made \u00een China, \u0219i&nbsp;la distrugerea planetei&nbsp;cu gaze poluante, gunoi \u0219i plastice. No more!<\/p>\n\n\n\n<p><strong>DR:<\/strong> <em>\u00cen final, ce ai dori s\u0103 transmi\u021bi cititorilor Revistei <\/em>Familia<em>, seria nou\u0103 a unei publica\u021bii cu o tradi\u021bie de peste 155 de ani \u00een istoria culturii rom\u00e2ne\u0219ti?<\/em><\/p>\n\n\n\n<p><strong>AG:<\/strong> Am s\u0103 le urez \u201eLa mul\u021bi ani!\u201d \u0219i o s\u0103 te rog s\u0103 le trimi\u021bi <em>Jurnalul<\/em> 32 din 18 martie, care con\u021bine enumerarea a 6 afaceri milenare. Pe locul 6 se afl\u0103&nbsp;Genda Shigyo, o firm\u0103 japonez\u0103 de h\u00e2rtie \u0219i produse derivate care func\u021bioneaz\u0103 continuu de 1250 de ani!&nbsp;<\/p>\n\n\n\n<hr class=\"wp-block-separator\"\/>\n\n\n\n<p class=\"has-text-align-center has-cyan-bluish-gray-background-color has-background\"><a href=\"https:\/\/revistafamilia.ro\/?p=1610\">Citi\u021bi un grupaj de poeme scrise de Adrian Grauenfels.<\/a><\/p>\n","protected":false},"excerpt":{"rendered":"<p>Interviu cu Adrian Grauenfels<\/p>\n","protected":false},"author":35,"featured_media":1608,"comment_status":"open","ping_status":"open","sticky":false,"template":"","format":"standard","meta":{"_jetpack_memberships_contains_paid_content":false,"footnotes":""},"categories":[50],"tags":[247,248,132,239],"coauthors":[],"class_list":["post-1602","post","type-post","status-publish","format-standard","has-post-thumbnail","hentry","category-interviu","tag-adrian-grauenfels","tag-dan-romsacanu","tag-interviu","tag-nr-2-3-2021"],"jetpack_featured_media_url":"https:\/\/revistafamilia.ro\/wp-content\/uploads\/2021\/04\/adrian_grauenfels3.jpg","jetpack_sharing_enabled":true,"_links":{"self":[{"href":"https:\/\/revistafamilia.ro\/index.php?rest_route=\/wp\/v2\/posts\/1602","targetHints":{"allow":["GET"]}}],"collection":[{"href":"https:\/\/revistafamilia.ro\/index.php?rest_route=\/wp\/v2\/posts"}],"about":[{"href":"https:\/\/revistafamilia.ro\/index.php?rest_route=\/wp\/v2\/types\/post"}],"author":[{"embeddable":true,"href":"https:\/\/revistafamilia.ro\/index.php?rest_route=\/wp\/v2\/users\/35"}],"replies":[{"embeddable":true,"href":"https:\/\/revistafamilia.ro\/index.php?rest_route=%2Fwp%2Fv2%2Fcomments&post=1602"}],"version-history":[{"count":5,"href":"https:\/\/revistafamilia.ro\/index.php?rest_route=\/wp\/v2\/posts\/1602\/revisions"}],"predecessor-version":[{"id":1638,"href":"https:\/\/revistafamilia.ro\/index.php?rest_route=\/wp\/v2\/posts\/1602\/revisions\/1638"}],"wp:featuredmedia":[{"embeddable":true,"href":"https:\/\/revistafamilia.ro\/index.php?rest_route=\/wp\/v2\/media\/1608"}],"wp:attachment":[{"href":"https:\/\/revistafamilia.ro\/index.php?rest_route=%2Fwp%2Fv2%2Fmedia&parent=1602"}],"wp:term":[{"taxonomy":"category","embeddable":true,"href":"https:\/\/revistafamilia.ro\/index.php?rest_route=%2Fwp%2Fv2%2Fcategories&post=1602"},{"taxonomy":"post_tag","embeddable":true,"href":"https:\/\/revistafamilia.ro\/index.php?rest_route=%2Fwp%2Fv2%2Ftags&post=1602"},{"taxonomy":"author","embeddable":true,"href":"https:\/\/revistafamilia.ro\/index.php?rest_route=%2Fwp%2Fv2%2Fcoauthors&post=1602"}],"curies":[{"name":"wp","href":"https:\/\/api.w.org\/{rel}","templated":true}]}}