{"id":15381,"date":"2026-05-01T12:07:49","date_gmt":"2026-05-01T09:07:49","guid":{"rendered":"https:\/\/revistafamilia.ro\/?p=15381"},"modified":"2026-05-01T12:07:54","modified_gmt":"2026-05-01T09:07:54","slug":"carti-cu-magnet-la-cancion-de-la-sopa-cantecul-supei-de-gabriel-chavez-casazola","status":"publish","type":"post","link":"https:\/\/revistafamilia.ro\/?p=15381","title":{"rendered":"C\u0103r\u021bi cu magnet: \u201eLa canci\u00f3n de la sopa \/ C\u00e2ntecul supei\u201d de Gabriel Ch\u00e1vez Casazola"},"content":{"rendered":"\n<figure class=\"wp-block-embed is-type-video is-provider-youtube wp-block-embed-youtube wp-embed-aspect-16-9 wp-has-aspect-ratio\"><div class=\"wp-block-embed__wrapper\">\n<iframe loading=\"lazy\" title=\"\u201eCa\u0306rt\u0326i cu magnet\u201d de Tudor Cret\u0326u - ep. 3 - \u201eLa canci\u00f3n de la sopa\/C\u00e2ntecul supei\u201d de GC Casazola\" width=\"1170\" height=\"658\" src=\"https:\/\/www.youtube.com\/embed\/cImjiMu0vqI?feature=oembed\" frameborder=\"0\" allow=\"accelerometer; autoplay; clipboard-write; encrypted-media; gyroscope; picture-in-picture; web-share\" referrerpolicy=\"strict-origin-when-cross-origin\" allowfullscreen><\/iframe>\n<\/div><\/figure>\n","protected":false},"excerpt":{"rendered":"<p>\u00cen acest episod, Tudor Cre\u021bu comenteaz\u0103 volumul \u201eLa canci\u00f3n de la sopa \/ C\u00e2ntecul supei\u201d, de Gabriel Ch\u00e1vez Casazola, ap\u0103rut \u00een traducerea lui Dinu Fl\u0103m\u00e2nd la Editura Junimea, \u00een 2025.<\/p>\n","protected":false},"author":246,"featured_media":15383,"comment_status":"open","ping_status":"open","sticky":false,"template":"","format":"standard","meta":{"_jetpack_memberships_contains_paid_content":false,"footnotes":""},"categories":[2754],"tags":[2793,1508,459,2792,199,1370],"coauthors":[1658],"class_list":["post-15381","post","type-post","status-publish","format-standard","has-post-thumbnail","hentry","category-carti-cu-magnet","tag-cantecul-supei","tag-dinu-flamand","tag-editura-junimea","tag-gabriel-chavez-casazola","tag-traducere","tag-tudor-cretu"],"jetpack_featured_media_url":"https:\/\/revistafamilia.ro\/wp-content\/uploads\/2026\/05\/ChatGPT-Image-Mar-27-2026-09_38_32-AM.png","jetpack_sharing_enabled":true,"_links":{"self":[{"href":"https:\/\/revistafamilia.ro\/index.php?rest_route=\/wp\/v2\/posts\/15381","targetHints":{"allow":["GET"]}}],"collection":[{"href":"https:\/\/revistafamilia.ro\/index.php?rest_route=\/wp\/v2\/posts"}],"about":[{"href":"https:\/\/revistafamilia.ro\/index.php?rest_route=\/wp\/v2\/types\/post"}],"author":[{"embeddable":true,"href":"https:\/\/revistafamilia.ro\/index.php?rest_route=\/wp\/v2\/users\/246"}],"replies":[{"embeddable":true,"href":"https:\/\/revistafamilia.ro\/index.php?rest_route=%2Fwp%2Fv2%2Fcomments&post=15381"}],"version-history":[{"count":1,"href":"https:\/\/revistafamilia.ro\/index.php?rest_route=\/wp\/v2\/posts\/15381\/revisions"}],"predecessor-version":[{"id":15384,"href":"https:\/\/revistafamilia.ro\/index.php?rest_route=\/wp\/v2\/posts\/15381\/revisions\/15384"}],"wp:featuredmedia":[{"embeddable":true,"href":"https:\/\/revistafamilia.ro\/index.php?rest_route=\/wp\/v2\/media\/15383"}],"wp:attachment":[{"href":"https:\/\/revistafamilia.ro\/index.php?rest_route=%2Fwp%2Fv2%2Fmedia&parent=15381"}],"wp:term":[{"taxonomy":"category","embeddable":true,"href":"https:\/\/revistafamilia.ro\/index.php?rest_route=%2Fwp%2Fv2%2Fcategories&post=15381"},{"taxonomy":"post_tag","embeddable":true,"href":"https:\/\/revistafamilia.ro\/index.php?rest_route=%2Fwp%2Fv2%2Ftags&post=15381"},{"taxonomy":"author","embeddable":true,"href":"https:\/\/revistafamilia.ro\/index.php?rest_route=%2Fwp%2Fv2%2Fcoauthors&post=15381"}],"curies":[{"name":"wp","href":"https:\/\/api.w.org\/{rel}","templated":true}]}}