{"id":14519,"date":"2026-01-03T13:29:04","date_gmt":"2026-01-03T10:29:04","guid":{"rendered":"https:\/\/revistafamilia.ro\/?p=14519"},"modified":"2026-01-03T13:29:37","modified_gmt":"2026-01-03T10:29:37","slug":"se-lanseaza-antologia-atelierului-pragul-vaida","status":"publish","type":"post","link":"https:\/\/revistafamilia.ro\/?p=14519","title":{"rendered":"Se lanseaz\u0103 antologia atelierului Pragul Vaida"},"content":{"rendered":"\n<p>Cea mai t\u00e2n\u0103r\u0103 promo\u021bie de poe\u021bi or\u0103deni, \u00eempreun\u0103 cu moderatorii <strong>Ruxandra G\u00eedei<\/strong> \u0219i <strong>Mih\u00f3k Tam\u00e1s<\/strong>, v\u0103 invit\u0103 \u00een prima zi de luni a noului an la edi\u021bia a 38-a a Pragului Vaida. Evenimentul este dedicat \u00een exclusivitate lans\u0103rii antologiei <em><strong>\u00cendoiala v\u0103 \u00eenal\u021b\u0103 domul<\/strong><\/em>, ap\u0103rut\u0103 \u00een cel mai recent num\u0103r, 12\/2025, al Revistei \u201eFamilia\u201d.<\/p>\n\n\n\n<p>Autorii inclu\u0219i \u00een volum sunt <strong>Radu Bejan<\/strong>, <strong>Ioana Negoescu<\/strong>, <strong>Alexia Elena Matea\u0219<\/strong>, <strong>Cristiana Ile<\/strong>, <strong>Alin Dobai<\/strong>, <strong>Anasztazia Cosac<\/strong>, <strong>Mihai Vieru<\/strong>, <strong>Andrada Radu<\/strong>, <strong>Babiak Dominik<\/strong>, <strong>Ruxandra Rotar<\/strong>, <strong>Alexia Cristina Popovici<\/strong> \u0219i <strong>\u0218tefan Pop<\/strong>. Pe ace\u0219tia \u00eei ve\u021bi auzi citind din noile lor crea\u021bii pe <strong>5 ianuarie<\/strong>, de la ora <strong>18:00<\/strong>, \u00een sala mare a cafenelei <strong>Moszkva<\/strong>.<\/p>\n\n\n\n<p>\u201eGolul l\u0103sat deja de ani buni de sistarea \u0219edin\u021belor Cenaclului \u201eIosif Vulcan\u201d a fost umplut cu edi\u021bii de Prag memorabile prin natura polemicilor iscate. Totu\u0219i, manifest\u0103rile noastre literare nu s-ar fi \u00eenscris pe logica unei infrastructuri culturale s\u0103n\u0103toase f\u0103r\u0103 componenta <em>scouting<\/em>-ului de condeie locale. De aceea, f\u0103r\u0103 s\u0103 mai st\u0103m pe g\u00e2nduri, am lansat \u00een aprilie a.c. anun\u021bul primei edi\u021bii f\u0103r\u0103 public, dedicate exclusiv cursan\u021bilor. Experien\u021ba a fost reciproc edificatoare \u2013 ne-am citit \u0219i comentat crea\u021biile, ne-am f\u0103cut recomand\u0103ri de lectur\u0103 \u0219i, nu mai pu\u021bin important, am legat prietenii fundamentate pe poezie, premise ideale pentru a continua s\u0103 ne \u00eent\u00e2lnim la Moszkva Caf\u00e9 pentru noi \u0219i noi dezbateri pe text. \u00cen urma celor trei edi\u021bii care s-au \u00eentins, \u00een total, pe nu mai pu\u021bin de zece ore, ne-am transferat workshopul \u00eentr-un grup de Facebook. \u00cen acest spa\u021biu insular s-au cristalizat poemele antologiei de poezie <em>\u00cendoiala v\u0103 \u00eenal\u021b\u0103 domul<\/em>.\u201d \u2013 <strong>Mih\u00f3k Tam\u00e1s<\/strong><\/p>\n\n\n\n<p>\u201eSigur c\u0103 rolul Pragului Vaida merge mult dincolo de familiarizarea tinerilor cu literatura contemporan\u0103 \u0219i cu multiplele feluri de a o scrie ori citi; prin discu\u021bii informale pe text, cenaclul \u00eencurajeaz\u0103 ce \u0219coala rom\u00e2neasc\u0103 e\u0219ueaz\u0103 prea des s\u0103 cultive: dezbaterea, negocierea, \u00eentoarcerea pe toate fe\u021bele a sensurilor unui vers propus. \u00cembucur\u0103tor e \u0219i faptul c\u0103 antologia vaidaiot\u0103 de fa\u021b\u0103 pune \u00een dialog poezia autorilor activi \u00een Bihor cu peisajul mai larg al poeziei rom\u00e2ne de azi, demonstr\u00e2ndu-i, \u00een fond, relevan\u021ba \u0219i actualitatea dincolo de cercurile locale de receptare. Oric\u00e2nd m\u0103 \u00eentorc <em>acas\u0103<\/em>, nu pot dec\u00e2t s\u0103 m\u0103 bucur pentru cei care-\u0219i tr\u0103iesc adolescen\u021ba \u00eentr-o Oradie mai bogat\u0103 cultural; cei care, datorit\u0103 Pragului, au o ocazie \u00een plus s\u0103 devin\u0103 cititori \u0219i scriitori reflexivi, poate pe via\u021b\u0103. \u00centr-un climat tot mai ostil umanioarelor, sper ca ei s\u0103 ne-arate \u00een continuare, cu verv\u0103, c\u0103 doar \u00eencetinind putem p\u0103trunde mai ad\u00e2nc \u00een lume, \u00een rela\u021bie cu ceilal\u021bi, dar \u0219i cu propriile idei.\u201d \u2013 <strong>Ruxandra G\u00eedei<\/strong><\/p>\n\n\n\n<p>Eveniment organizat de <strong>Revista de cultur\u0103 \u201eFamilia\u201d<\/strong>. Parteneri: <strong>Revista \u201eSubversiv\u201d<\/strong>, <strong>C\u0103rture\u0219ti Oradea<\/strong>, <strong>Moszkva Caf\u00e9<\/strong>, <strong>Litere UO<\/strong>.<\/p>\n","protected":false},"excerpt":{"rendered":"<p>Cea mai t\u00e2n\u0103r\u0103 promo\u021bie de poe\u021bi or\u0103deni, \u00eempreun\u0103 cu moderatorii Ruxandra G\u00eedei \u0219i Mih\u00f3k Tam\u00e1s, v\u0103 invit\u0103 \u00een prima zi de luni a noului an la edi\u021bia a 38-a a Pragului Vaida. Evenimentul este dedicat \u00een exclusivitate lans\u0103rii antologiei \u00cendoiala v\u0103 \u00eenal\u021b\u0103 domul, ap\u0103rut\u0103 \u00een cel mai recent num\u0103r, 12\/2025, al Revistei \u201eFamilia\u201d. Autorii inclu\u0219i \u00een volum sunt Radu Bejan, Ioana Negoescu, Alexia Elena Matea\u0219, Cristiana Ile, Alin Dobai, Anasztazia Cosac, Mihai Vieru, Andrada Radu, Babiak Dominik, Ruxandra Rotar, Alexia Cristina Popovici \u0219i \u0218tefan Pop. Pe ace\u0219tia \u00eei ve\u021bi auzi citind din noile lor crea\u021bii pe 5 ianuarie, de la<\/p>\n","protected":false},"author":2,"featured_media":14520,"comment_status":"open","ping_status":"open","sticky":false,"template":"","format":"standard","meta":{"_jetpack_memberships_contains_paid_content":false,"footnotes":""},"categories":[1580,65],"tags":[894,2227,633,177,9,1556,1987],"coauthors":[1278],"class_list":["post-14519","post","type-post","status-publish","format-standard","has-post-thumbnail","hentry","category-pragul-vaida","category-stiri-si-anunturi","tag-antologie","tag-atelier","tag-lansare","tag-mihok-tamas-2","tag-poezie","tag-pragul-vaida","tag-ruxandra-gidei"],"jetpack_featured_media_url":"https:\/\/revistafamilia.ro\/wp-content\/uploads\/2026\/01\/afis-pv38-final.jpg","jetpack_sharing_enabled":true,"_links":{"self":[{"href":"https:\/\/revistafamilia.ro\/index.php?rest_route=\/wp\/v2\/posts\/14519","targetHints":{"allow":["GET"]}}],"collection":[{"href":"https:\/\/revistafamilia.ro\/index.php?rest_route=\/wp\/v2\/posts"}],"about":[{"href":"https:\/\/revistafamilia.ro\/index.php?rest_route=\/wp\/v2\/types\/post"}],"author":[{"embeddable":true,"href":"https:\/\/revistafamilia.ro\/index.php?rest_route=\/wp\/v2\/users\/2"}],"replies":[{"embeddable":true,"href":"https:\/\/revistafamilia.ro\/index.php?rest_route=%2Fwp%2Fv2%2Fcomments&post=14519"}],"version-history":[{"count":1,"href":"https:\/\/revistafamilia.ro\/index.php?rest_route=\/wp\/v2\/posts\/14519\/revisions"}],"predecessor-version":[{"id":14521,"href":"https:\/\/revistafamilia.ro\/index.php?rest_route=\/wp\/v2\/posts\/14519\/revisions\/14521"}],"wp:featuredmedia":[{"embeddable":true,"href":"https:\/\/revistafamilia.ro\/index.php?rest_route=\/wp\/v2\/media\/14520"}],"wp:attachment":[{"href":"https:\/\/revistafamilia.ro\/index.php?rest_route=%2Fwp%2Fv2%2Fmedia&parent=14519"}],"wp:term":[{"taxonomy":"category","embeddable":true,"href":"https:\/\/revistafamilia.ro\/index.php?rest_route=%2Fwp%2Fv2%2Fcategories&post=14519"},{"taxonomy":"post_tag","embeddable":true,"href":"https:\/\/revistafamilia.ro\/index.php?rest_route=%2Fwp%2Fv2%2Ftags&post=14519"},{"taxonomy":"author","embeddable":true,"href":"https:\/\/revistafamilia.ro\/index.php?rest_route=%2Fwp%2Fv2%2Fcoauthors&post=14519"}],"curies":[{"name":"wp","href":"https:\/\/api.w.org\/{rel}","templated":true}]}}