{"id":13703,"date":"2025-09-16T14:56:59","date_gmt":"2025-09-16T11:56:59","guid":{"rendered":"https:\/\/revistafamilia.ro\/?p=13703"},"modified":"2025-09-16T14:57:06","modified_gmt":"2025-09-16T11:57:06","slug":"duminica-in-familie","status":"publish","type":"post","link":"https:\/\/revistafamilia.ro\/?p=13703","title":{"rendered":"Duminic\u0103 \u00een familie"},"content":{"rendered":"\n<p>Nu-mi place duminica. Nici s\u00e2mb\u0103ta. Dar parc\u0103 duminica e cea mai rea zi pentru c\u0103 trebuie s\u0103-l \u00eempart pe tati \u0219i cu mami, \u0219i cu Bianca. \u0218i nu \u0219tiu cum se face c\u0103 exact duminic\u0103 m\u0103 trezesc cu noaptea-n cap, de\u0219i a\u0219 putea s\u0103 dorm c\u00e2t vreau. Doar a\u0219a, ca s\u0103 mi se par\u0103 ziua \u0219i mai lung\u0103.<\/p>\n\n\n\n<p>A\u0219a am p\u0103\u021bit \u0219i azi. Nici \u0219apte nu era c\u00e2nd am f\u0103cut ochi.<\/p>\n\n\n\n<p>C\u00e2nd am trecut prin hol, am v\u0103zut pe umera\u0219 rochia cu paiete a sor\u0103-mii \u0219i m-am \u00eempiedicat de pantofii ei aurii de dans. Mi-am amintit c\u0103 Bianca a avut ieri concurs \u0219i m-am g\u00e2ndit c\u0103 mami iar a condus toat\u0103 noaptea. De c\u00e2nd a r\u0103mas din nou tati f\u0103r\u0103 serviciu, a\u0219a face, c\u0103 nu sunt bani dec\u00e2t pentru tax\u0103 nu \u0219i pentru cazare. Oricum, pentru sor\u0103-mea mami g\u0103se\u0219te \u00eentotdeauna bani. Pe mine m\u0103 tot am\u00e2n\u0103 cu am\u0103r\u00e2tul \u0103la de chimonou. At\u00e2ta am cerut \u0219i eu \u0219i nici aia nu primesc. Cum s\u0103 ajung s\u0103 c\u00e2\u0219tig centura neagr\u0103 dac\u0103 n-am nici m\u0103car echipamentul meu? Mi-a promis tati c\u0103-mi ia unul c\u00e2nd o s\u0103 se angajeze, dar nu \u0219tiu c\u00e2nd s-o \u00eent\u00e2mpla asta. Mie \u00eemi plac perioadele astea c\u00e2nd tati este \u00eentre slujbe. M\u0103 duce \u0219i m\u0103 ia de la \u0219coal\u0103, mergem \u00eempreun\u0103 la antrenament, m\u0103 ajut\u0103 la teme, facem o mul\u021bime de lucruri \u00eempreun\u0103.<\/p>\n\n\n\n<p>Suntem cei mai buni prieteni. Eu i-am povestit c\u0103 m-am \u00eendr\u0103gostit de un b\u0103iat \u0219i el mi-a povestit cum a cunoscut-o pe mami. \u201eEram cu Bianca \u00een parc, cinci ani avea. A v\u0103zut-o pe Cristina st\u00e2nd pe o banc\u0103. Hr\u0103nea porumbeii. \u0218i ce crezi c-a f\u0103cut? S-a dus la ea \u0219i i-a spus: pe mine m\u0103 cheam\u0103 Bianca. Pe tine? Ea a z\u00e2mbit \u0219i era mai frumoas\u0103 ca o zi cu soare. \u0218i-acuma e frumoas\u0103. Dup\u0103 aia ne-am tot v\u0103zut \u00een parc. Se jucau \u00eempreun\u0103. \u0218i \u00eentr-o zi, Bianca a \u00eentrebat-o: vrei s\u0103 fii m\u0103mica mea? Dac\u0103 m\u0103 g\u00e2ndesc mai bine, gogo\u0219ico, cred c\u0103 s-a m\u0103ritat cu mine ca s\u0103 fie mama Bianc\u0103i.\u201d Am r\u00e2s pentru c\u0103 mi s-a p\u0103rut c\u0103 se-a\u0219tepta s\u0103 r\u00e2d \u0219i l-am \u00eentrebat de ce acum el \u0219i mami se ceart\u0103 mereu. \u201eEi, parc\u0103 nu vezi \u0219i singur\u0103\u201d, mi-a zis. \u201eC\u0103 ce-am f\u0103cut c\u00e2t ea a fost la dou\u0103 servicii? N-am dat cu aspiratorul, n-am b\u0103gat \u0219i eu o ma\u0219in\u0103 la sp\u0103lat, n-am luat p\u00e2ine. P\u0103i astea-s treburi pentru care s\u0103 te superi? \u00cen ultima vreme, \u00eemi tot zice \u0219i c\u0103 am f\u0103cut gaur\u0103 \u00een canapea b\u00e2nd bere \u0219i m\u00e2nc\u00e2nd semin\u021be, \u00een loc s\u0103-mi caut de lucru. Dar tu \u0219tii c\u0103 \u00eemi caut.\u201d<\/p>\n\n\n\n<p>Maic\u0103-mea e bosumflat\u0103 azi. Probabil n-a dormit. E \u00eenconjurat\u0103 de tot felul de vase \u0219i castroane \u00een care are unt, zah\u0103r, cacao, ou\u0103.<\/p>\n\n\n\n<p>\u2015 Te-ai trezit? Ce bine! Poate m-aju\u021bi.<\/p>\n\n\n\n<p>\u2015 De ce nu te ajut\u0103 Bianca?<\/p>\n\n\n\n<p>\u2015 Pentru c\u0103 doarme.<\/p>\n\n\n\n<p>\u2015 M\u0103car pot s\u0103 m\u0103n\u00e2nc \u00eenainte?<\/p>\n\n\n\n<p>Am vrut s\u0103-mi pr\u0103jesc dou\u0103 ou\u0103 \u0219i am dat s\u0103 le iau de pe mas\u0103.<\/p>\n\n\n\n<p>\u2015 Hei, ia-\u021bi altele! Astea \u00eemi trebuie pentru tort.<\/p>\n\n\n\n<p>\u2015 \u0218i, nu-\u021bi po\u021bi scoate tu altele din frigider?<\/p>\n\n\n\n<p>\u2015 Ba a\u0219 putea, dar ar trebui s\u0103 a\u0219tept s\u0103 ajung\u0103 la temperatura camerei. Ai b\u0103gat la cap?<\/p>\n\n\n\n<p>\u00cen timp ce-mi m\u0103n\u00e2nc ochiurile, m\u0103 uit cum se \u00eenv\u00e2rte\u0219te prin buc\u0103t\u0103rie pufnind \u0219i tr\u00e2ntind.<\/p>\n\n\n\n<p>\u2015 De ce naiba faci tort?<\/p>\n\n\n\n<p>\u2015 Limbajul, domni\u0219oar\u0103. Limbajul.<\/p>\n\n\n\n<p>\u2015 Sigur, limbajul\u2026<\/p>\n\n\n\n<p>Nu zic mai mult, c\u0103 nu e deloc \u00een toane bune. \u00cemi fac de lucru cu furculi\u021ba \u00een farfurie.<\/p>\n\n\n\n<p>\u2015 Explic\u0103-mi \u0219i mie de ce tu \u0219i tac-tu a\u021bi \u00eenceput tortul?<\/p>\n\n\n\n<p>M\u0103 uit la ea mirat\u0103. Pentru at\u00e2ta lucru e sup\u0103rat\u0103?<\/p>\n\n\n\n<p>\u2015 Te referi la pr\u0103jitura pe care ai ascuns-o \u00een c\u0103mar\u0103? N-ar\u0103ta deloc a tort.<\/p>\n\n\n\n<p>\u2015 Afl\u0103 c\u0103 era tort Richard \u0219i \u00eel f\u0103cusem pentru ziua lui unchi-tu. \u0218i acum trebuie s\u0103 fac altul c\u0103 nu putem s\u0103 ne ducem cu \u0103la \u00eenceput.<\/p>\n\n\n\n<p>\u00cemi amintesc c\u0103 suntem invita\u021bi la ziua unchiului Tibi. \u0102sta e unul din evenimentele la care particip\u0103 toate neamurile \u0219i maic\u0103-mea se agit\u0103 de fiecare dat\u0103. Trebuie s\u0103 facem impresie bun\u0103. O \u00een\u021beleg \u0219i pe ea.<\/p>\n\n\n\n<p>\u2015 De ce nu-i ducem un cadou normal, cum fac oamenii normali c\u00e2nd merg la ziua cuiva? o \u00eentreb.<\/p>\n\n\n\n<p>Nu-mi r\u0103spunde. Probabil nu m-a auzit. Caut\u0103 ceva \u00een c\u0103mar\u0103. Chiar a\u0219a, noi de ce nu-i mai ducem o c\u0103ma\u0219\u0103 sau un ceas, cum \u00eei duceam mai demult? De ce \u00een ultimii ani \u00eei face maic\u0103-mea pr\u0103jitur\u0103?<\/p>\n\n\n\n<p>Se \u00eentoarce \u00een buc\u0103t\u0103rie.<\/p>\n\n\n\n<p>\u2015 Unde sunt nucile \u0219i alunele pe care le-am cump\u0103rat?<\/p>\n\n\n\n<p>\u2015 Le-am copt cu sare \u0219i le-am m\u00e2ncat cu tati asear\u0103 \u00een timp ce ne-am uitat la filme cu supereroi. \u0218tii, mami, tati e eroul meu. Ieri c\u00e2nd am fost \u00een parc, s-a urcat p\u00e2n\u0103 \u00een v\u00e2rful unui copac ca s\u0103 salveze un pisic. Eu zic c\u0103 e cel mai tare alpinist utilitar \u0219i nu cred, ca tine, c\u0103 e prea b\u0103tr\u00e2n pentru meseria asta. Mie nu mi se pare b\u0103tr\u00e2n. N-are nici m\u0103car un fir de p\u0103r alb.<\/p>\n\n\n\n<p>Mami m\u0103 m\u00e2ng\u00e2ie pe cap.<\/p>\n\n\n\n<p>\u2015 Da, Diana, tati al t\u0103u e cel mai tare, dar acum aaam nevoie de nuci.<\/p>\n\n\n\n<p>Nu-i a bun\u0103, m\u0103 g\u00e2ndesc. Ce mare lucru c-am m\u00e2ncat toate nucile?<\/p>\n\n\n\n<p>\u2015 A\u0219 putea s\u0103 dau o fug\u0103 s\u0103 cump\u0103r. Sigur au la Mega, \u00eei zic m\u00e2ndr\u0103 de mine c-am g\u0103sit solu\u021bia.<\/p>\n\n\n\n<p>\u2015 Au \u0219i bani? m\u0103 \u00eentreab\u0103 ironic\u0103.<\/p>\n\n\n\n<p>\u2015 Au, da-i p\u0103zesc! \u00eei dau eu prompt replica pe care de obicei i-o d\u0103 tata.<\/p>\n\n\n\n<p>\u2015 Hai c-ai \u00eenv\u0103\u021bat ceva de la el, \u00eemi r\u0103spunde \u0219i nu-s deloc sigur\u0103 ce-a vrut s\u0103 spun\u0103 cu asta.<\/p>\n\n\n\n<p>Se pr\u0103bu\u0219e\u0219te pe un scaun \u0219i \u00ee\u0219i aprinde o \u021bigar\u0103. De obicei nu fumeaz\u0103 c\u00e2nd sunt eu \u00een buc\u0103t\u0103rie.<\/p>\n\n\n\n<p>\u2015 Asta e, zice dup\u0103 c\u00e2teva momente de g\u00e2ndire. Diana, te roag\u0103 mama s\u0103 te duci p\u00e2n\u0103 la mamaie s\u0103-i ceri dou\u0103 sute de lei p\u00e2n\u0103 poim\u00e2ine, c\u00e2nd iau salariul.<\/p>\n\n\n\n<p>\u2015 Iar m\u0103 trimi\u021bi la mamaie? protestez eu.<\/p>\n\n\n\n<p>Nu-mi place de mamaie fiindc\u0103 \u00eel ceart\u0103 pe tati c\u0103 m\u0103 r\u0103sfa\u021b\u0103, c\u0103 la mine nu \u021bip\u0103 niciodat\u0103 cum \u021bip\u0103 la Bianca sau la mama. Deloc nu pricepe mamaie c\u0103 eu sunt preferata lui \u0219i el e preferatul meu.<\/p>\n\n\n\n<p>\u2015 P\u0103i ce altceva pot s\u0103 fac?<\/p>\n\n\n\n<p>\u2015 S\u0103 iei bani din sertarul comodei din dormitor. &nbsp;<\/p>\n\n\n\n<p>O v\u0103d cum se albe\u0219te la fa\u021b\u0103, dar nu \u00een\u021beleg de ce.<\/p>\n\n\n\n<p>\u2015 De unde \u0219tii de banii \u0103ia? m\u0103 \u00eentreab\u0103, apuc\u00e2ndu-m\u0103 de b\u0103rbie \u0219i uit\u00e2ndu-se drept \u00een ochii mei.<\/p>\n\n\n\n<p>C\u00e2nd eram mic\u0103, gestul \u0103sta m\u0103 speria. Aveam impresia c\u0103 vede tot \u00een mine \u0219i c\u0103 n-a\u0219 fi putut s\u0103-i ascund nimic. Acum, c\u00e2nd sunt aproape la fel de \u00eenalt\u0103 ca ea, pare un pic caraghios. Nu m\u0103 simt vinovat\u0103, n-am gre\u0219it cu nimic. \u00cei sus\u021bin privirea \u0219i \u00eei r\u0103spund c\u0103 tati i-a g\u0103sit. \u00cemi dau seama c\u0103 \u0219tiu ceva ce n-ar trebui s\u0103 \u0219tiu, dar nu \u0219tiu exact ce anume. E interzis s\u0103 \u0219tiu c\u0103 avem bani \u00een cas\u0103? Ieri c\u00e2nd tati a g\u0103sit banii, dup\u0103 ce i-a num\u0103rat, mi-a f\u0103cut cu ochiul \u0219i mi-a zis: \u201eGogo\u0219ico, m\u0103-ta e cam fraier\u0103. Tu s\u0103 nu fii ca ea! Banii-s f\u0103cu\u021bi s\u0103 circule.\u201d Dup\u0103 aia m-a trimis la magazin s\u0103-i cump\u0103r o sticl\u0103 de vodc\u0103. Bine\u00een\u021beles c\u0103 n-am reu\u0219it, c\u0103 la zece ani nu-\u021bi d\u0103 nimeni b\u0103utur\u0103. Am crezut c\u0103 l-am dezam\u0103git \u0219i c\u0103 n-o s\u0103 mai fiu preferata lui. Nici g\u00e2nd. S-a dus chiar el \u0219i \u0219i-a luat dou\u0103 \u0219i-un cartu\u0219 de \u021big\u0103ri. Mie mi-a luat o pung\u0103 de chipsuri, d-aia mare. N-are rost s\u0103-i spun maic\u0103-mii toate astea \u0219i nici c\u0103 asear\u0103 a b\u0103ut una dintre sticle \u0219i pe cealalt\u0103 a ascuns-o \u00een bibliotec\u0103, \u00een spatele unor c\u0103r\u021bi, a\u0219a c\u0103 o \u00eentreb, doar ca s\u0103 schimb subiectul:<\/p>\n\n\n\n<p>\u2015 Ai v\u0103zut florile pe care \u021bi le-a luat tati?<\/p>\n\n\n\n<p>Ca \u00eentotdeauna, mami s-a descurcat. A avut timp s\u0103 fac\u0103 tortul, ba chiar \u0219i de-o ceart\u0103 cu tati. Nu \u0219tiu de la ce s-au luat, c\u0103 s-au certat \u00een buc\u0103t\u0103rie cu u\u0219a \u00eenchis\u0103. Mi s-a p\u0103rut c-aud ceva legat de bani, de unchiul Tibi, \u201ee frati-tu, nu puteam s\u0103 nu mergem\u201d, zicea mama, dar nu-s sigur\u0103, c\u0103 sor\u0103-mea a dat drumul tare la muzic\u0103. Oricum, mie nu-mi spun niciodat\u0103 nimic fiindc\u0103 zic c\u0103-s prea mic\u0103. Am v\u0103zut-o apoi pe mami cu o compres\u0103 cu ghea\u021b\u0103 la obraz \u0219i, c\u00e2nd am \u00eentrebat-o, mi-a zis c\u0103 s-a lovit de u\u0219a bufetului pe care o uitase deschis\u0103. Nu-i prima oar\u0103, \u00een ultima vreme, e cam ne\u00eendem\u00e2natic\u0103.<\/p>\n\n\n\n<p>Pe la trei, g\u0103ti\u021bi to\u021bi prun\u0103, am ie\u0219it din apartament s\u0103 mergem la unchiul Tibi. Mami era dat\u0103 cu o ton\u0103 de fond de ten \u0219i \u00ee\u0219i pusese ochelari de soare. A ap\u0103rut \u0219i bunic\u0103-mea, care st\u0103 la trei blocuri distan\u021b\u0103. De cum a v\u0103zut-o pe mami, s-a apropiat, i-a ridicat ochelarii de pe nas, l-a privit dezam\u0103git\u0103 pe tati \u0219i a \u00eembr\u0103\u021bi\u0219at-o. Lumea zice c\u0103 e ciudat ca o soacr\u0103 s\u0103 se \u00een\u021beleag\u0103 a\u0219a bine cu nora ei. Eu m-am obi\u0219nuit.<\/p>\n\n\n\n<p>Petrecerea a fost foarte tare. Lume mult\u0103, vesel\u0103, s-a m\u00e2ncat, s-a b\u0103ut, s-a c\u00e2ntat. Tortul maic\u0103-mii a avut succes. Ba chiar s-a \u0219i dansat. Am fost tare m\u00e2ndr\u0103 de tati care a salvat de la incinerare fripturile pe care le uitase unchiul Tibi pe gr\u0103tar c\u00e2t timp a dansat cu mama. A turnat repede berea pe ele. \u0218i bunica l-a l\u0103udat. I-a zis: \u201eMare noroc c\u0103 ai tot timpul o bere \u00een m\u00e2n\u0103!\u201d Ce s\u0103 mai, a fost o nebunie.<\/p>\n\n\n\n<p>\u0218i au mai fost chestii. Am tras cu urechea la o discu\u021bie dintre mami \u0219i buni: \u201e\u0218tiu c\u0103 n-ar trebui s\u0103 spun asta c\u0103, la urma-urmei, el e al meu, dar\u2026 Chiar nu \u00een\u021beleg. Eu nu l-am crescut a\u0219a. De la b\u0103utur\u0103 i se trage. \u021ai-aduci aminte c\u00e2nd te-a adus acas\u0103 s\u0103 te cunosc. Nu mi-a venit s\u0103 cred c\u0103 tu, a\u0219a t\u00e2n\u0103r\u0103 \u0219i frumoas\u0103, erai dispus\u0103 s\u0103 te m\u0103ri\u021bi cu el, care pe l\u00e2ng\u0103 c\u0103 era mult mai mare dec\u00e2t tine, mai avea \u0219i-un copil pe cap. Niciodat\u0103 nu m-am g\u00e2ndit la ea ca la copilul altei femei. Ei, dar \u0219i ea te iube\u0219te pe tine. \u00cen schimb, asta mic\u0103 e moart\u0103 dup\u0103 taic\u0103-s\u0103u. \u0218i el dup\u0103 ea. D-aia stau.\u201d \u0218i, un pic mai t\u00e2rziu, la una dintre unchiul Tibi \u0219i tata: \u201ePoate, te hot\u0103r\u0103\u0219ti totu\u0219i s\u0103 vii s\u0103 munce\u0219ti pentru mine. \u021ai se pare normal s\u0103 te \u00eentre\u021bin\u0103 Cristina?\u201d<\/p>\n\n\n\n<p>Le mai auzisem \u0219i alt\u0103 dat\u0103. Erau lucruri pe care le \u00een\u021belegeam \u0219i parc\u0103 totu\u0219i nu le \u00een\u021belegeam. De ce erau to\u021bi a\u0219a porni\u021bi \u00eempotriva lui tata? Dar n-am aflat r\u0103spunsul \u0219i am uitat de toate pentru c\u0103 a venit momentul tortului.<\/p>\n\n\n\n<p>C\u00e2nd s\u0103 plec\u0103m, iar s-au certat. Tati ar mai fi stat. \u201eNormal c-ai mai sta. Mai e b\u0103utur\u0103 \u0219i tu nu te duci m\u00e2ine la serviciu. La fete te g\u00e2nde\u0219ti c\u0103 au m\u00e2ine \u0219coal\u0103?\u201d i-a zis mami. A trebuit s\u0103 intervin\u0103 \u0219i buni s\u0103-l conving\u0103, \u0219i unchiul Tibi l-a ajutat s\u0103 urce \u00een ma\u0219in\u0103. \u201ePrin\u021bes\u0103, tati a m\u00e2ncat ceva ce nu i-a priit\u201d, mi-a zis. Apoi ne-a mul\u021bumit pentru vizit\u0103, ne-a pupat \u0219i ne-a zis c\u0103 ne mai a\u0219teapt\u0103.<\/p>\n\n\n\n<p>\u00cen ma\u0219in\u0103, tati a \u00eenceput s\u0103 c\u00e2nte un c\u00e2ntec porcos, iar mama a \u00eencercat tot drumul s\u0103-l potoleasc\u0103: \u201eSunt fetele \u00een ma\u0219in\u0103, e maic\u0103-ta.\u201d La un moment dat, tati s-a \u00eentors spre mine \u0219i mi-a zis: \u201eC\u00e2nt\u0103 cu mine, gogo\u0219ico!\u201d De\u0219i \u0219tiam c\u00e2ntecele, mi-a fost ru\u0219ine s\u0103 c\u00e2nt cu el.<\/p>\n\n\n\n<p>C\u00e2nd am ajuns, p\u0103rea c\u0103 \u0219i-a revenit. N-a fost nevoie s\u0103-l ajut\u0103m s\u0103 ias\u0103 din ma\u0219in\u0103. Ne-am luat la revedere de la mamaie \u0219i am urcat \u00een apartamentul nostru. Dar dup\u0103 ce-am intrat \u00een cas\u0103, tati a zis c\u0103 el nu se culc\u0103. L-am v\u0103zut din baie, \u00een timp ce m\u0103 sp\u0103lam pe din\u021bi, cum s-a dus \u00eentins spre bibliotec\u0103 \u0219i am \u0219tiut ce caut\u0103. Mama s-a demachiat \u0219i i-am v\u0103zut v\u00e2n\u0103taia. Apoi a v\u0103zut-o \u0219i tata \u0219i a \u00eenceput s\u0103 urle:<\/p>\n\n\n\n<p>\u2015 A\u0219a, arat\u0103-mi ce \u021bi-am f\u0103cut, c\u00e2t sunt de netrebnic.<\/p>\n\n\n\n<p>Mama nu i-a zis nimic, ne-a trimis pe noi la culcare \u0219i ne-a zis s\u0103 \u00eenchidem u\u0219a. Dar tot auzeam:<\/p>\n\n\n\n<p>\u2015 M\u0103i, Mircea, e\u0219ti beat, nu mai bea. Nu mai bine te culci \u0219i vorbim m\u00e2ine?<\/p>\n\n\n\n<p>\u2015 Nu-mi spui tu mie ce s\u0103 fac. Crezi c\u0103 n-am v\u0103zut cum \u00ee\u021bi f\u0103ceai ochi dulci cu Tibi? Crezi c\u0103-s orb? Vrei s\u0103 scapi, curv\u0103 nenorocit\u0103. N-o s\u0103 scapi. De m\u00e2na mea o s\u0103 mori.<\/p>\n\n\n\n<p>Stau \u00een pat incapabil\u0103 s\u0103 m\u0103 mi\u0219c. Mi s-a f\u0103cut fric\u0103. Pe obraji \u00eemi \u0219iroiesc lacrimi. Cred c\u0103 a\u0219a se sim\u021bea \u0219i pisicul \u0103la \u00een v\u00e2rful pomului. N-am v\u0103zut-o, ci doar am sim\u021bit-o pe Bianca. Mi-am dat seama c\u0103 sun\u0103 pe cineva. Un num\u0103r foarte scurt.<\/p>\n\n\n\n<p>\u2015 Ajutor, avem nevoie de ajutor, veni\u021bi urgent!<\/p>\n\n\n\n<p>Apoi m-a luat \u00een bra\u021be.<\/p>\n","protected":false},"excerpt":{"rendered":"<p>Proz\u0103 de Laura Cosma<\/p>\n","protected":false},"author":424,"featured_media":13702,"comment_status":"open","ping_status":"open","sticky":false,"template":"","format":"standard","meta":{"_jetpack_memberships_contains_paid_content":false,"footnotes":""},"categories":[29],"tags":[2546,2510,47],"coauthors":[2545],"class_list":["post-13703","post","type-post","status-publish","format-standard","has-post-thumbnail","hentry","category-fictiune","tag-laura-cosma","tag-nr-6-2025","tag-proza"],"jetpack_featured_media_url":"https:\/\/revistafamilia.ro\/wp-content\/uploads\/2025\/09\/Laura-Cosma.jpg","jetpack_sharing_enabled":true,"_links":{"self":[{"href":"https:\/\/revistafamilia.ro\/index.php?rest_route=\/wp\/v2\/posts\/13703","targetHints":{"allow":["GET"]}}],"collection":[{"href":"https:\/\/revistafamilia.ro\/index.php?rest_route=\/wp\/v2\/posts"}],"about":[{"href":"https:\/\/revistafamilia.ro\/index.php?rest_route=\/wp\/v2\/types\/post"}],"author":[{"embeddable":true,"href":"https:\/\/revistafamilia.ro\/index.php?rest_route=\/wp\/v2\/users\/424"}],"replies":[{"embeddable":true,"href":"https:\/\/revistafamilia.ro\/index.php?rest_route=%2Fwp%2Fv2%2Fcomments&post=13703"}],"version-history":[{"count":1,"href":"https:\/\/revistafamilia.ro\/index.php?rest_route=\/wp\/v2\/posts\/13703\/revisions"}],"predecessor-version":[{"id":13704,"href":"https:\/\/revistafamilia.ro\/index.php?rest_route=\/wp\/v2\/posts\/13703\/revisions\/13704"}],"wp:featuredmedia":[{"embeddable":true,"href":"https:\/\/revistafamilia.ro\/index.php?rest_route=\/wp\/v2\/media\/13702"}],"wp:attachment":[{"href":"https:\/\/revistafamilia.ro\/index.php?rest_route=%2Fwp%2Fv2%2Fmedia&parent=13703"}],"wp:term":[{"taxonomy":"category","embeddable":true,"href":"https:\/\/revistafamilia.ro\/index.php?rest_route=%2Fwp%2Fv2%2Fcategories&post=13703"},{"taxonomy":"post_tag","embeddable":true,"href":"https:\/\/revistafamilia.ro\/index.php?rest_route=%2Fwp%2Fv2%2Ftags&post=13703"},{"taxonomy":"author","embeddable":true,"href":"https:\/\/revistafamilia.ro\/index.php?rest_route=%2Fwp%2Fv2%2Fcoauthors&post=13703"}],"curies":[{"name":"wp","href":"https:\/\/api.w.org\/{rel}","templated":true}]}}