{"id":13111,"date":"2025-05-15T15:30:20","date_gmt":"2025-05-15T12:30:20","guid":{"rendered":"https:\/\/revistafamilia.ro\/?p=13111"},"modified":"2025-05-15T15:30:26","modified_gmt":"2025-05-15T12:30:26","slug":"trei-raspunsuri-despre-romanul-maiorescu-confesiunile-unui-stoic-de-la-autorul-lui-adrian-jicu","status":"publish","type":"post","link":"https:\/\/revistafamilia.ro\/?p=13111","title":{"rendered":"Trei r\u0103spunsuri despre romanul \u201eMaiorescu. Confesiunile unui stoic\u201d de la autorul lui, Adrian Jicu"},"content":{"rendered":"\n<h4 class=\"wp-block-heading\"><strong>1. Cum s-a conturat ideea romanului <em>Maiorescu. Confesiunile unui stoic<\/em>?<\/strong><\/h4>\n\n\n\n<p class=\"has-drop-cap\">Romanul s-a n\u0103scut la invita\u021bia lui Adrian Botez, coordonatorul seriei \u201eBiografii roman\u021bate\u201d de la Polirom, un profesionist \u00een adev\u0103ratul sens al cuv\u00e2ntului, cu care am colaborat ca la carte. El mi-a propus o list\u0103 cu posibili autori, l\u0103s\u00e2ndu-mi libertatea s\u0103 aleg unul care mi s-ar potrivi. De\u0219i erau destule variante ofertante, m-am oprit la Maiorescu. Din mai multe motive. \u00cent\u00e2i de toate, pentru rolul esen\u021bial pe care Maiorescu l-a avut \u00een modernizarea culturii noastre, dar \u0219i \u00een consolidarea statului na\u021bional rom\u00e2n, \u00een a doua jum\u0103tate a veacului al XIX-lea. \u00cen al doilea r\u00e2nd, pentru biografia spumoas\u0103 a lui Maiorescu, a c\u0103rui existen\u021b\u0103 nu se reduce la cariera excep\u021bional\u0103 pe care a f\u0103cut-o, ci ascunde numeroase momente de \u00eendoial\u0103, c\u0103ut\u0103ri, fr\u0103m\u00e2nt\u0103ri, excese, tic\u0103lo\u0219ii, tr\u0103d\u0103ri, biruin\u021be, dar \u0219i \u00eenfr\u00e2ngeri. Dincolo de imaginea de om de cultur\u0103 \u0219i om politic intransigent, intimidant prin d\u00e2rzenie \u0219i determinare, Maiorescu a fost om. Om viu, pip\u0103ibil cu m\u00e2na, cum ar spune Nichita St\u0103nescu. Ei bine, m-a interesat s\u0103 reconstitui, pe c\u00e2t posibil, destinul acestui om \u0219i mai ales ce se ascunde \u00eend\u0103r\u0103tul m\u0103\u0219tilor pe care le-a purtat. De aceea, am \u00eencercat s\u0103 m\u0103 strecor \u00een spatele imaginii de intelectual rafinat \u0219i exigent, de ins manierat \u0219i corect, \u0219i s\u0103 \u00een\u021beleg cum va fi tr\u0103it el, cum se va fi raportat la sine \u0219i la ceilal\u021bi, cum va fi fost el cu adev\u0103rat. Iluzie orgolioas\u0103, de care avem totu\u0219i nevoie c\u00e2nd scriem biografii roman\u021bate&#8230; Nu \u00een ultimul r\u00e2nd, l-am ales pe Maiorescu pentru provocarea pe care o implic\u0103. A\u021bi observat c\u0103 lumea fuge de marii clasici? Din cele aproape 30 de c\u0103r\u021bi ap\u0103rute \u00een colec\u021bia \u201eBiografii roman\u021bate\u201d, doar Bogdan-Alexandru St\u0103nescu s-a \u00eencumetat s\u0103 fac\u0103 un Caragiale. \u00cen rest, Maiorescu, Eminescu, Creang\u0103, Slavici sau Macedonski \u00eenc\u0103 a\u0219teapt\u0103&#8230;&nbsp; Dup\u0103 nebunia cu Iorgu-Bacovia, am zis c\u0103 pot \u00eendr\u0103zni s\u0103 m\u0103 apropii de Maiorescu, con\u0219tient de dificult\u0103\u021bile implicite, date de faptul c\u0103 s-au scris zeci de articole, studii \u0219i monografii solide, care au fixat coordonatele unei activit\u0103\u021bi cu adev\u0103rat remarcabile.<\/p>\n\n\n\n<h4 class=\"wp-block-heading\"><strong>2. Cum a decurs scrierea lui?<\/strong><\/h4>\n\n\n\n<p class=\"has-drop-cap\">Scrierea a mers relativ repede, dat fiind faptul c\u0103 aveam adunat\u0103 o bun\u0103 parte din materialul necesar. Predau de mai bine de 20 de ani aceast\u0103 perioad\u0103 din istoria literaturii rom\u00e2ne \u0219i asta m-a ajutat. Cel mai greu a fost s\u0103 fixez unghiul din care voi aborda via\u021ba \u0219i opera lui Maiorescu. Dup\u0103 ezit\u0103ri inerente, am optat pentru formula confesiunii, un artificiu narativ care sper s\u0103 fie suficient de conving\u0103tor pentru ce mi-am propus s\u0103 fac. \u00cen rest, lucrurile s-au mi\u0219cat firesc, echipa de la Polirom fiind admirabil\u0103.<\/p>\n\n\n\n<h4 class=\"wp-block-heading\"><strong>3. Cum v\u0103 dori\u021bi s\u0103 fie citit romanul <em>Maiorescu. Confesiunile unui stoic<\/em>?<\/strong><\/h4>\n\n\n\n<p class=\"has-drop-cap\">Mi-ar pl\u0103cea ca el s\u0103 fie citit ca o alternativ\u0103 la discursul critic \u0219i didactic, ca o poveste conving\u0103toare despre destinul unui intelectual esen\u021bial pentru cultura rom\u00e2n\u0103. Fire\u0219te c\u0103 m-ar bucura o lectur\u0103 critic\u0103 \u0219i curioas\u0103, cum la fel de mult m-ar bucura s\u0103 fi reu\u0219it s\u0103 \u00eel transform pe sobrul avocat \u0219i critic \u00eentr-un personaj credibil. Dar asta o vor stabili cititorii&#8230;<\/p>\n","protected":false},"excerpt":{"rendered":"<p>\u201eDincolo de imaginea de om de cultur\u0103 \u0219i om politic intransigent, intimidant prin d\u00e2rzenie \u0219i determinare, Maiorescu a fost om.\u201d<\/p>\n","protected":false},"author":2,"featured_media":13112,"comment_status":"open","ping_status":"open","sticky":false,"template":"","format":"standard","meta":{"_jetpack_memberships_contains_paid_content":false,"footnotes":""},"categories":[1616],"tags":[1624,625,1617,1764,132,2474,168],"coauthors":[1278],"class_list":["post-13111","post","type-post","status-publish","format-standard","has-post-thumbnail","hentry","category-cum","tag-adrian-jicu","tag-biografii-romantate","tag-cum","tag-editura-polirom","tag-interviu","tag-maiorescu-confesiunile-unui-stoic","tag-roman"],"jetpack_featured_media_url":"https:\/\/revistafamilia.ro\/wp-content\/uploads\/2025\/05\/CUM-Adrian-Jicu-Maiorescu.jpg","jetpack_sharing_enabled":true,"_links":{"self":[{"href":"https:\/\/revistafamilia.ro\/index.php?rest_route=\/wp\/v2\/posts\/13111","targetHints":{"allow":["GET"]}}],"collection":[{"href":"https:\/\/revistafamilia.ro\/index.php?rest_route=\/wp\/v2\/posts"}],"about":[{"href":"https:\/\/revistafamilia.ro\/index.php?rest_route=\/wp\/v2\/types\/post"}],"author":[{"embeddable":true,"href":"https:\/\/revistafamilia.ro\/index.php?rest_route=\/wp\/v2\/users\/2"}],"replies":[{"embeddable":true,"href":"https:\/\/revistafamilia.ro\/index.php?rest_route=%2Fwp%2Fv2%2Fcomments&post=13111"}],"version-history":[{"count":1,"href":"https:\/\/revistafamilia.ro\/index.php?rest_route=\/wp\/v2\/posts\/13111\/revisions"}],"predecessor-version":[{"id":13114,"href":"https:\/\/revistafamilia.ro\/index.php?rest_route=\/wp\/v2\/posts\/13111\/revisions\/13114"}],"wp:featuredmedia":[{"embeddable":true,"href":"https:\/\/revistafamilia.ro\/index.php?rest_route=\/wp\/v2\/media\/13112"}],"wp:attachment":[{"href":"https:\/\/revistafamilia.ro\/index.php?rest_route=%2Fwp%2Fv2%2Fmedia&parent=13111"}],"wp:term":[{"taxonomy":"category","embeddable":true,"href":"https:\/\/revistafamilia.ro\/index.php?rest_route=%2Fwp%2Fv2%2Fcategories&post=13111"},{"taxonomy":"post_tag","embeddable":true,"href":"https:\/\/revistafamilia.ro\/index.php?rest_route=%2Fwp%2Fv2%2Ftags&post=13111"},{"taxonomy":"author","embeddable":true,"href":"https:\/\/revistafamilia.ro\/index.php?rest_route=%2Fwp%2Fv2%2Fcoauthors&post=13111"}],"curies":[{"name":"wp","href":"https:\/\/api.w.org\/{rel}","templated":true}]}}