{"id":12806,"date":"2025-04-23T09:24:41","date_gmt":"2025-04-23T06:24:41","guid":{"rendered":"https:\/\/revistafamilia.ro\/?p=12806"},"modified":"2025-04-23T09:24:46","modified_gmt":"2025-04-23T06:24:46","slug":"trei-raspunsuri-despre-romanul-schimbare-de-la-autoarea-lui-ligia-ruscu","status":"publish","type":"post","link":"https:\/\/revistafamilia.ro\/?p=12806","title":{"rendered":"Trei r\u0103spunsuri despre romanul \u201eSchimbare\u201d de la autoarea lui, Ligia Ruscu"},"content":{"rendered":"\n<h4 class=\"wp-block-heading\">1. Cum s-a conturat ideea romanului <em>Schimbare<\/em>?<\/h4>\n\n\n\n<p class=\"has-drop-cap\">Am v\u0103zut odat\u0103 un documentar despre o r\u0103\u0219in\u0103 natural\u0103 numit\u0103 <em>oud<\/em>, produs\u0103 de anumi\u021bi copaci din p\u0103durile tropicale atunci c\u00eend sunt p\u0103trun\u0219i de vreo infec\u021bie, \u0219i folosit\u0103 pentru parfumuri, \u00een scopuri medicale etc. De acolo mi se trage. Mai t\u00eerziu am combinat asta cu povestea unui personaj istoric real (nu foarte celebru) din antichitate, dar nu v\u0103 spun aici cine este, pentru c\u0103 \u2013 spoilere!<\/p>\n\n\n\n<h4 class=\"wp-block-heading\">2. Cum a decurs scrierea lui?<\/h4>\n\n\n\n<p class=\"has-drop-cap\">Cu denivel\u0103ri. C\u00eend l-am \u00eenceput, publicasem recent un alt roman fantasy, <em>O c\u0103utare<\/em>, \u0219i voiam s\u0103 r\u0103m\u00een \u00een aceea\u0219i lume, dar \u00eentr-o altfel de societate, mai complex\u0103, mai urban\u0103 dec\u00eet lumea rural\u0103 mai simpl\u0103 de acolo. De asemenea, firul pove\u0219tii nu curge la fel de linear: mi s-a p\u0103rut necesar s\u0103 ofer mai multe puncte de vedere (POVs, cum se zice acuma), a\u0219a c\u0103 avem \u0219ase personaje care poart\u0103 ac\u021biunea. Apoi, din p\u0103cate, a venit pandemia \u0219i multe planuri editoriale au fost r\u0103sturnate, a\u0219a c\u0103 a putut s\u0103 apar\u0103 abia acum.<\/p>\n\n\n\n<h4 class=\"wp-block-heading\">3. Cum v\u0103 dori\u021bi s\u0103 fie citit romanul <em>Schimbare<\/em>?<\/h4>\n\n\n\n<p class=\"has-drop-cap\">Povestea are o leg\u0103tur\u0103 cu <em>O c\u0103utare<\/em>, \u00een sensul c\u0103 dou\u0103 dintre personajele de acolo se reg\u0103sesc \u0219i aici. Ea poate fi \u00eens\u0103 urm\u0103rit\u0103 f\u0103r\u0103 dificultate \u0219i f\u0103r\u0103 a fi citit primul roman. L-am inclus pe \u0218andru aici fiindc\u0103 am sim\u021bit c\u0103 povestea lui r\u0103m\u0103sese ne\u00eencheiat\u0103.<\/p>\n","protected":false},"excerpt":{"rendered":"<p>\u201ePovestea are o leg\u0103tur\u0103 cu \u00abO c\u0103utare\u00bb, \u00een sensul c\u0103 dou\u0103 dintre personajele de acolo se reg\u0103sesc \u0219i aici.\u201d<\/p>\n","protected":false},"author":2,"featured_media":12807,"comment_status":"open","ping_status":"open","sticky":false,"template":"","format":"standard","meta":{"_jetpack_memberships_contains_paid_content":false,"footnotes":""},"categories":[1616],"tags":[1617,244,132,806,246,168,2428],"coauthors":[1278],"class_list":["post-12806","post","type-post","status-publish","format-standard","has-post-thumbnail","hentry","category-cum","tag-cum","tag-editura-nemira","tag-interviu","tag-ligia-ruscu","tag-nautor","tag-roman","tag-schimbare"],"jetpack_featured_media_url":"https:\/\/revistafamilia.ro\/wp-content\/uploads\/2025\/04\/CUM-Ligia-Ruscu-Schimbare.jpg","jetpack_sharing_enabled":true,"_links":{"self":[{"href":"https:\/\/revistafamilia.ro\/index.php?rest_route=\/wp\/v2\/posts\/12806","targetHints":{"allow":["GET"]}}],"collection":[{"href":"https:\/\/revistafamilia.ro\/index.php?rest_route=\/wp\/v2\/posts"}],"about":[{"href":"https:\/\/revistafamilia.ro\/index.php?rest_route=\/wp\/v2\/types\/post"}],"author":[{"embeddable":true,"href":"https:\/\/revistafamilia.ro\/index.php?rest_route=\/wp\/v2\/users\/2"}],"replies":[{"embeddable":true,"href":"https:\/\/revistafamilia.ro\/index.php?rest_route=%2Fwp%2Fv2%2Fcomments&post=12806"}],"version-history":[{"count":1,"href":"https:\/\/revistafamilia.ro\/index.php?rest_route=\/wp\/v2\/posts\/12806\/revisions"}],"predecessor-version":[{"id":12809,"href":"https:\/\/revistafamilia.ro\/index.php?rest_route=\/wp\/v2\/posts\/12806\/revisions\/12809"}],"wp:featuredmedia":[{"embeddable":true,"href":"https:\/\/revistafamilia.ro\/index.php?rest_route=\/wp\/v2\/media\/12807"}],"wp:attachment":[{"href":"https:\/\/revistafamilia.ro\/index.php?rest_route=%2Fwp%2Fv2%2Fmedia&parent=12806"}],"wp:term":[{"taxonomy":"category","embeddable":true,"href":"https:\/\/revistafamilia.ro\/index.php?rest_route=%2Fwp%2Fv2%2Fcategories&post=12806"},{"taxonomy":"post_tag","embeddable":true,"href":"https:\/\/revistafamilia.ro\/index.php?rest_route=%2Fwp%2Fv2%2Ftags&post=12806"},{"taxonomy":"author","embeddable":true,"href":"https:\/\/revistafamilia.ro\/index.php?rest_route=%2Fwp%2Fv2%2Fcoauthors&post=12806"}],"curies":[{"name":"wp","href":"https:\/\/api.w.org\/{rel}","templated":true}]}}