{"id":12186,"date":"2025-02-04T18:05:21","date_gmt":"2025-02-04T15:05:21","guid":{"rendered":"https:\/\/revistafamilia.ro\/?p=12186"},"modified":"2025-02-04T18:09:04","modified_gmt":"2025-02-04T15:09:04","slug":"siragul-cu-inele","status":"publish","type":"post","link":"https:\/\/revistafamilia.ro\/?p=12186","title":{"rendered":"\u0218iragul cu inele"},"content":{"rendered":"\n<div class=\"wp-block-group has-cyan-bluish-gray-background-color has-background\"><div class=\"wp-block-group__inner-container is-layout-constrained wp-block-group-is-layout-constrained\"><div class=\"wp-block-image\">\n<figure class=\"alignleft size-full is-resized\"><img loading=\"lazy\" decoding=\"async\" width=\"655\" height=\"1000\" src=\"https:\/\/revistafamilia.ro\/wp-content\/uploads\/2025\/02\/Siragul-cu-inele-Aurora-Liiceanu-a.jpg\" alt=\"\" class=\"wp-image-12187\" style=\"width:300px;height:auto\" srcset=\"https:\/\/revistafamilia.ro\/wp-content\/uploads\/2025\/02\/Siragul-cu-inele-Aurora-Liiceanu-a.jpg 655w, https:\/\/revistafamilia.ro\/wp-content\/uploads\/2025\/02\/Siragul-cu-inele-Aurora-Liiceanu-a-197x300.jpg 197w, https:\/\/revistafamilia.ro\/wp-content\/uploads\/2025\/02\/Siragul-cu-inele-Aurora-Liiceanu-a-480x733.jpg 480w\" sizes=\"auto, (max-width: 655px) 100vw, 655px\" \/><\/figure>\n<\/div>\n\n\n<p>\u00cel admir\u0103m \u00een vitrinele magazinelor de bijuterii, \u00eel purt\u0103m ca simbol al iubirii sau al puterii, \u00eel p\u0103str\u0103m \u00een caset\u0103 ca amintire pre\u021bioas\u0103 de la mama, bunica sau str\u0103bunica&#8230; Inelul nu este un simplu obiect, iar legendele \u0219i pove\u0219tile populare ne arat\u0103 cum \u00eenc\u0103 din vechime i s-au atribuit puteri neobi\u0219nuite. Omul \u00ee\u0219i pune \u00een inel un g\u00e2nd, o dorin\u021b\u0103 \u2013 un fel de misiune pe care i-o d\u0103. Dar nu \u00eentotdeauna inelul face ce-\u0219i dore\u0219te omul. Uneori vindec\u0103, alteori nu, uneori \u00eel ap\u0103r\u0103 pe soldatul care-l poart\u0103 \u0219i pleac\u0103 la lupt\u0103, alteori acesta nu se mai \u00eentoarce cu bine acas\u0103. Cele dou\u0103sprezece pove\u0219ti reunite \u00een carte au \u00een centrul lor inele reale sau imaginare. Sunt inele care leag\u0103 familii, inele ce simbolizeaz\u0103 faima, inele vorb\u0103re\u021be sau nos-talgice, inele complice, inele blestemate. Tuturor omul le-a dat o misiune, f\u0103r\u0103 s\u0103 aib\u0103 \u00eens\u0103 garan\u021bia c\u0103 \u0219i-o vor \u00eendeplini.<\/p>\n\n\n\n<p>Din cuprins: Puterea inelelor \u2022 Inelul \u2013 simbol al vindec\u0103rii \u2022 Inelul \u2013 simbol al \u00eentoarcerii acas\u0103 \u2022 Inelul \u2013 simbol al blazonului \u2022 Inelul \u2013 simbol al schimb\u0103rii vie\u021bii \u2022 Inelul \u2013 simbol al amintirilor \u2022 Inelul lui Nottara<\/p>\n<\/div><\/div>\n\n\n\n<hr class=\"wp-block-separator has-alpha-channel-opacity\"\/>\n\n\n\n<h4 class=\"wp-block-heading has-text-align-center\"><em>Inelul \u2013 simbol istoric al familiei<\/em><br>(fragment)<\/h4>\n\n\n\n<p class=\"has-drop-cap\">Iat\u0103 ce spune G\u00e9rard Vincent, un istoric al mentalit\u0103\u021bilor francez. La 22 februarie 1983, prima instan\u021b\u0103 civil\u0103 a Cur\u021bii de Casa\u021bie hot\u0103ra c\u0103: \u201eO curte de apel nu poate fi \u00eenvinuit\u0103 de a fi condamnat o femeie divor\u021bat\u0103 s\u0103 restituie soacrei sale inelul pe care l\u2011a primit de la aceasta \u00een ziua logodnei, dat fiind c\u0103, \u00een baza unei scrisori, aceast\u0103 curte (&#8230;) a estimat f\u0103r\u0103 drept de apel c\u0103 persoana respectiv\u0103 avusese cuno\u0219tin\u021b\u0103 de faptul c\u0103 trebuia s\u0103 \u00eenapoieze bijuteria celei de la care o primise atunci c\u00e2nd intrase \u00eentr\u2011o familie din care acum nu mai f\u0103cea parte\u201c.<\/p>\n\n\n\n<p>Dup\u0103 cum se ar\u0103ta, ea se angajase \u00een scris s\u0103 restituie inelul \u00een caz de divor\u021b, ipotez\u0103 pe care, bine\u00een\u021beles, nu o luase \u00een calcul atunci c\u00e2nd se afla \u00een ajunul c\u0103s\u0103toriei. Vincent vorbe\u0219te despre hot\u0103r\u00e2rea Cur\u021bii de Casa\u021bie ca femeia divor\u021bat\u0103 s\u0103 restituie bijuteria \u00een chestiune sub motiv c\u0103 era vorba de o \u201ebijuterie de familie\u201c. Divor\u021bul avusese loc cu 30 de ani \u00een urm\u0103. A\u0219adar, timp de 30 de ani femeia purtase inelul. Ea a f\u0103cut recurs, dar i\u2011a fost respins.<\/p>\n\n\n\n<p>Prin aceast\u0103 respingere, Vincent afirm\u0103 c\u0103 a fost consacrat\u0103 de c\u0103tre Curte no\u021biunea de \u201ebijuterii de familie\u201c. (&#8230;)<\/p>\n\n\n\n<p>Bijuteriile de familie sunt considerate mai pre\u021bioase pentru c\u0103 uneori ele au \u00eenfruntat timpul, fiind purtate \u0219i transmise urma\u0219ilor. Un inel de la str\u0103\u2011str\u0103bunica este mai pre\u021bios dec\u00e2t un inel de la bunica sau de la mama. Exist\u0103 un avantaj atunci c\u00e2nd o femeie \u00eei las\u0103 o bijuterie, adesea un inel, fiicei sale: ea poate fi sigur\u0103 c\u0103 fiica \u00eel va purta.<\/p>\n\n\n\n<p>C\u00e2teodat\u0103 femeile nu le vor da inelul nurorilor, ci \u00eel vor p\u0103stra pentru o eventual\u0103 nepoat\u0103. Asta ilustreaz\u0103 expresia \u201es\u00e2ngele ap\u0103 nu se face\u201c. Dac\u0103 inelul ajunge la nor\u0103, uneori la dorin\u021ba fiului \u00eendr\u0103gostit, siguran\u021ba devine incertitudine, c\u0103ci se poate ca povestea s\u0103 se termine cu o desp\u0103r\u021bire, iar \u00een acest caz cea care l\u2011a avut, soacra, va dori s\u0103\u2011i fie restituit. \u0218i \u00eei va spune ferm fiului: \u201eS\u0103\u2011\u021bi dea inelul \u00eenapoi !\u201c. Uneori inelul e restituit, alteori nu. El devine paguba soacrei. (&#8230;)<\/p>\n\n\n\n<p>Spre sf\u00e2r\u0219itul vie\u021bii, regina Victoria a dat instruc\u021biuni precise privind propria \u00eenmorm\u00e2ntare. R\u0103m\u0103sese f\u0103r\u0103 cei doi b\u0103rba\u021bi care au fost importan\u021bi \u00een via\u021ba ei: so\u021bul, prin\u021bul consort Albert, v\u0103r cu ea, \u0219i un servitor foarte loial, fost \u00eenso\u021bitor al prin\u021bului Albert, devenit \u00een timp consilier \u0219i prieten apropiat al ei. Au existat zvonuri c\u0103 aceast\u0103 rela\u021bie era mai mult dec\u00e2t o prietenie, dar nu avem dovezi c\u0103 a fost a\u0219a.<\/p>\n\n\n\n<p>Regina a cerut ca \u00een sicriu s\u0103 se pun\u0103 un halat al lui Albert \u0219i o copie din ghips a m\u00e2inii lui. \u00cen sicriu au mai fost puse o \u0219uvi\u021b\u0103 de p\u0103r a acestui bun prieten \u0219i un portret al lui, ambele dosite sub flori, pentru a fi ferite de privirile familiei \u0219i prietenilor. Ascunderea de ochii celorlal\u021bi poate fi interpretat\u0103 \u0219i ca un semn de respect fa\u021b\u0103 de intimitatea celui care nu mai este fizic. De asemenea, regina Victoria a cerut s\u0103 i se pun\u0103 \u00een sicriu bijuterii \u0219i inelul de nunt\u0103 al mamei acestui prieten, pe care el i\u2011l d\u0103ruise \u0219i pe care ea \u00eel purta pe degetul mijlociu al m\u00e2inii drepte, fapt care probabil i\u2011a nedumerit pe cei ce au aranjat sicriul&#8230;<\/p>\n","protected":false},"excerpt":{"rendered":"<p>Fragment din volumul cu acela\u0219i titlu de Aurora Liiceanu.<\/p>\n","protected":false},"author":381,"featured_media":12187,"comment_status":"open","ping_status":"open","sticky":false,"template":"","format":"standard","meta":{"_jetpack_memberships_contains_paid_content":false,"footnotes":""},"categories":[1792],"tags":[1025,1764,1828,2344,2343],"coauthors":[2342],"class_list":["post-12186","post","type-post","status-publish","format-standard","has-post-thumbnail","hentry","category-eseu","tag-aurora-liiceanu","tag-editura-polirom","tag-eseu","tag-seria-de-autor-aurora-liiceanu","tag-siragul-cu-inele"],"jetpack_featured_media_url":"https:\/\/revistafamilia.ro\/wp-content\/uploads\/2025\/02\/Siragul-cu-inele-Aurora-Liiceanu-a.jpg","jetpack_sharing_enabled":true,"_links":{"self":[{"href":"https:\/\/revistafamilia.ro\/index.php?rest_route=\/wp\/v2\/posts\/12186","targetHints":{"allow":["GET"]}}],"collection":[{"href":"https:\/\/revistafamilia.ro\/index.php?rest_route=\/wp\/v2\/posts"}],"about":[{"href":"https:\/\/revistafamilia.ro\/index.php?rest_route=\/wp\/v2\/types\/post"}],"author":[{"embeddable":true,"href":"https:\/\/revistafamilia.ro\/index.php?rest_route=\/wp\/v2\/users\/381"}],"replies":[{"embeddable":true,"href":"https:\/\/revistafamilia.ro\/index.php?rest_route=%2Fwp%2Fv2%2Fcomments&post=12186"}],"version-history":[{"count":2,"href":"https:\/\/revistafamilia.ro\/index.php?rest_route=\/wp\/v2\/posts\/12186\/revisions"}],"predecessor-version":[{"id":12192,"href":"https:\/\/revistafamilia.ro\/index.php?rest_route=\/wp\/v2\/posts\/12186\/revisions\/12192"}],"wp:featuredmedia":[{"embeddable":true,"href":"https:\/\/revistafamilia.ro\/index.php?rest_route=\/wp\/v2\/media\/12187"}],"wp:attachment":[{"href":"https:\/\/revistafamilia.ro\/index.php?rest_route=%2Fwp%2Fv2%2Fmedia&parent=12186"}],"wp:term":[{"taxonomy":"category","embeddable":true,"href":"https:\/\/revistafamilia.ro\/index.php?rest_route=%2Fwp%2Fv2%2Fcategories&post=12186"},{"taxonomy":"post_tag","embeddable":true,"href":"https:\/\/revistafamilia.ro\/index.php?rest_route=%2Fwp%2Fv2%2Ftags&post=12186"},{"taxonomy":"author","embeddable":true,"href":"https:\/\/revistafamilia.ro\/index.php?rest_route=%2Fwp%2Fv2%2Fcoauthors&post=12186"}],"curies":[{"name":"wp","href":"https:\/\/api.w.org\/{rel}","templated":true}]}}