{"id":11803,"date":"2024-12-06T15:50:29","date_gmt":"2024-12-06T12:50:29","guid":{"rendered":"https:\/\/revistafamilia.ro\/?p=11803"},"modified":"2024-12-06T15:50:35","modified_gmt":"2024-12-06T12:50:35","slug":"poeme-51","status":"publish","type":"post","link":"https:\/\/revistafamilia.ro\/?p=11803","title":{"rendered":"Poeme"},"content":{"rendered":"\n<pre class=\"wp-block-verse\"><strong>MC<\/strong><br><br>sunt zile \u00een care \u00eencrederea \u00een succes e <br>c\u00eet o balt\u0103 m\u00eeloas\u0103 din care s\u0103 apuci <br>s\u0103 bei \u00eenaintea delirului c\u0103ldu\u021b cu portocale. <br><br>\u021bi-e clar c\u0103 nu se \u00eenscrie nimeni \u00een curs\u0103<br>a\u0219a cum la masa lung\u0103 a primei tale anivers\u0103ri<br>st\u0103 singurul venit, f\u0103r\u0103 s\u0103-\u0219i ating\u0103 paharul,<br>hot\u0103r\u00eet s\u0103 nu lase urme, s\u0103 nu recunoasc\u0103 <br>o prezen\u021b\u0103 ru\u0219inoas\u0103.<br><br>firesc e s\u0103 devii maestru de ceremonii,<br>gazda evenimentelor perfecte, s\u0103 prinzi microfonul <br>de la care s\u0103 \u00eempar\u021bi premiile inventate de tine,<br>s\u0103 le mul\u021bume\u0219ti, desigur, pentru prezen\u021ba lor,<br>s\u0103 le urezi distrac\u021bie pl\u0103cut\u0103,<br>s\u0103 \u00eei felici\u021bi privindu-i \u00een ochi secunda \u00een care<br>dispre\u021bul las\u0103 garda jos destul <br>pentru o urm\u0103 de-ndoial\u0103, ideal una de fric\u0103 <br>la g\u00eendul unei \u00eent\u00eelniri de succes cu arme de foc <br>la care nimeni nu \u0219i-ar mai aminti de tine \u00eengenuncheat.<br><br>pentru c\u0103 totu\u0219i vrei s\u0103 crezi \u00eentr-un succes salvezi <br>un animal de pe strad\u0103 \u00eenduio\u0219at de pove\u0219tile<br>cu tor\u021bionari \u00eenconjura\u021bi la b\u0103tr\u00eene\u021be de pisici. <br>trezit de ascu\u021bitul ghearelor \u00een zori &amp; de <br>intimitatea casei din care nu mai pot ie\u0219i<br>\u00eencepi s\u0103-i \u00een\u021belegi.<br><br>acum, c\u00eend ai aflat cum e,<br>\u00eenva\u021b\u0103-m\u0103 tu de ce <br>anim\u0103lu\u021bele dorm lipite de oameni.<br><br><br><strong>eroare cosmic\u0103<br><\/strong><br>nu m\u0103 surprinde c\u0103 apartamentul \u00eemi pare mai mic.<br>la final, c\u00eet de mare poate fi un muzeu de exuvii?<br><br>ce m\u0103 nelini\u0219te\u0219te e g\u00eendul la cum gravita\u021bia devine<br>cu 1% mai slab\u0103 \u00een apropierea galaxiilor &amp;<br>nu se mai potrive\u0219te cu teoria care <br>prezice g\u0103urile negre sau ghideaz\u0103 tehnologia GPS. <br>deschid sertarele din sufragerie preocupat de <br>o eroare cosmic\u0103 \u00een stare s\u0103 explice diferen\u021ba dintre <br>modelul &amp; observa\u021bia efectelor energiei<br>\u00eentunecate asupra expansiunii universului.<br><br>nu mai g\u0103sesc urmele trecerii mele \u00een niciun sertar,<br>din singurul r\u0103mas neschimbat recunosc doar<br>cutia ro\u0219ie, mic\u0103, de past\u0103 chinezeasc\u0103 mentolat\u0103,<br>medicamentul-teorie al oric\u0103rei treziri ce trebuie indus\u0103 for\u021bat<br>acceler\u00eend expansiunea tuturor c\u0103ilor prin care curge ceva.<br><br><br><strong>depresia pisicilor cu nume<br><\/strong><br>m\u0103 simt expert \u00een singur\u0103tatea pisicilor de apartament<br>dozez provocarea &amp; confortul pentru cucerirea <br>spa\u021biului cu amestecul optim de instinct\/pl\u0103cere.<br><br>orice deschidere a ferestrei e un hazard pentru care <br>sunt preg\u0103tit cu gratii. obiectele ascu\u021bite &amp; mici sunt <br>p\u0103strate sub cheie, prioritar\u0103 e supravie\u021buirea, a\u0219a pot<br>s\u0103 meditez la grani\u021ba dintre compasiune \u0219i mil\u0103 ne\u00eencurcat de <br>grija unei imposibile convertiri la spa\u021biul deschis<br>f\u0103r\u0103 les\u0103.<br><br>sunt tot mai m\u00eendru de cum am crescut<br>intervalele de absen\u021b\u0103 &amp; adaptarea ei \u00eemi d\u0103<br>\u00eencredere s\u0103 z\u00eembesc la semnele de <br>iubire necondi\u021bionat\u0103 la revedere c\u00eend z\u00eembetul<br>satisf\u0103cut de cum se descurc\u0103 \u00eemi aminte\u0219te de<br>vara la \u021bar\u0103, unde nicio pisic\u0103 nu are<br>nume sau depresii, sunt toate ale oricui.<br><br><br><strong>mi-am a\u0219teptat criza v\u00eerstei de mijloc preg\u0103tit <br><\/strong><br>ca pentru un weekend cu patruzeci de mii de pa\u0219i pe zi \u00een disney<br>\u00een care mi-am \u00eenghesuit toate rezolu\u021biile anilor noi.<br><br>ca s\u0103 m\u0103 trezesc st\u00eend la r\u00eenduri cu timpi de a\u0219teptare<br>pe care \u00eencep s\u0103-i adun p\u00een\u0103 \u00eemi dau v\u00eerste c\u00eend aveam<br>m\u0103car un prieten imaginar. <em>de ce nu-mi amintesc?<\/em><br><br>s\u0103 g\u0103sesc \u00een mintea mea m\u0103car un monstru, un cap de mort<br>care s\u0103 opreasc\u0103 \u021bipetele de bebelu\u0219i din podul casei<br>din care-mi c\u0103deau pe fa\u021b\u0103, printre sc\u00eenduri, boabe de gr\u00eeu &amp; lacrimi. <br><br>copilul cu un prieten imaginar nu va suferi de singur\u0103tate &amp;<br>m\u0103 g\u00eendesc, dac\u0103 ar putea fi adev\u0103rat, cum l-a\u0219 recunoa\u0219te <br>pe Micul Prin\u021b ajuns la patruzeci plus \u00een Mega Image.<br><br>\u00cenv\u00eert numerele ca verigheta larg\u0103 pierdut\u0103-n noaptea nun\u021bii<br>c\u0103ut\u00eend v\u00eersta la care s\u0103-mi devin prieten, c\u00eend obosesc &amp;<br>vreau s\u0103 fur b\u0103\u021bul scurt al fiic\u0103-mii, vopsit \u00een negru,<br>s\u0103 m\u0103 transform \u00eentr-un Gandalf cu puterea de a sta la r\u00eend.<br><\/pre>\n","protected":false},"excerpt":{"rendered":"<p>de Mihai Manole<\/p>\n","protected":false},"author":370,"featured_media":11804,"comment_status":"open","ping_status":"open","sticky":false,"template":"","format":"standard","meta":{"_jetpack_memberships_contains_paid_content":false,"footnotes":""},"categories":[1824,30],"tags":[2308,1813,2284,9],"coauthors":[2307],"class_list":["post-11803","post","type-post","status-publish","format-standard","has-post-thumbnail","hentry","category-mornin-poets","category-poezie","tag-mihai-manole","tag-mornin-poets","tag-nr-7-9-2024","tag-poezie"],"jetpack_featured_media_url":"https:\/\/revistafamilia.ro\/wp-content\/uploads\/2024\/12\/mihai-manole-1.jpeg","jetpack_sharing_enabled":true,"_links":{"self":[{"href":"https:\/\/revistafamilia.ro\/index.php?rest_route=\/wp\/v2\/posts\/11803","targetHints":{"allow":["GET"]}}],"collection":[{"href":"https:\/\/revistafamilia.ro\/index.php?rest_route=\/wp\/v2\/posts"}],"about":[{"href":"https:\/\/revistafamilia.ro\/index.php?rest_route=\/wp\/v2\/types\/post"}],"author":[{"embeddable":true,"href":"https:\/\/revistafamilia.ro\/index.php?rest_route=\/wp\/v2\/users\/370"}],"replies":[{"embeddable":true,"href":"https:\/\/revistafamilia.ro\/index.php?rest_route=%2Fwp%2Fv2%2Fcomments&post=11803"}],"version-history":[{"count":1,"href":"https:\/\/revistafamilia.ro\/index.php?rest_route=\/wp\/v2\/posts\/11803\/revisions"}],"predecessor-version":[{"id":11805,"href":"https:\/\/revistafamilia.ro\/index.php?rest_route=\/wp\/v2\/posts\/11803\/revisions\/11805"}],"wp:featuredmedia":[{"embeddable":true,"href":"https:\/\/revistafamilia.ro\/index.php?rest_route=\/wp\/v2\/media\/11804"}],"wp:attachment":[{"href":"https:\/\/revistafamilia.ro\/index.php?rest_route=%2Fwp%2Fv2%2Fmedia&parent=11803"}],"wp:term":[{"taxonomy":"category","embeddable":true,"href":"https:\/\/revistafamilia.ro\/index.php?rest_route=%2Fwp%2Fv2%2Fcategories&post=11803"},{"taxonomy":"post_tag","embeddable":true,"href":"https:\/\/revistafamilia.ro\/index.php?rest_route=%2Fwp%2Fv2%2Ftags&post=11803"},{"taxonomy":"author","embeddable":true,"href":"https:\/\/revistafamilia.ro\/index.php?rest_route=%2Fwp%2Fv2%2Fcoauthors&post=11803"}],"curies":[{"name":"wp","href":"https:\/\/api.w.org\/{rel}","templated":true}]}}