{"id":11799,"date":"2024-12-06T15:44:58","date_gmt":"2024-12-06T12:44:58","guid":{"rendered":"https:\/\/revistafamilia.ro\/?p=11799"},"modified":"2024-12-06T15:45:21","modified_gmt":"2024-12-06T12:45:21","slug":"poeme-50","status":"publish","type":"post","link":"https:\/\/revistafamilia.ro\/?p=11799","title":{"rendered":"Poeme"},"content":{"rendered":"\n<pre class=\"wp-block-verse\"><strong>metronom<br><\/strong><br>32 de grade<br>e vara lui 2019 \u0219i p\u0103\u0219esc apatic<br>prin al zecelea aeroport din acest an, c\u0103\u0219ti<br>pe urechi, anun\u021buri la megafon. e anul porcului<br>culori: galben, negru<br>mood: bad temper<br>cump\u0103r dulciuri de la duty free<br>la suprapre\u021b dar ce s\u0103 faci<br> <br>am nimerit \u00eentr-o mare \u00eenghesuial\u0103<br>\u00ee\u021bi caut fa\u021ba \u00een sala de a\u0219teptare<br>m\u0103 ia un pic disperarea a\u0219a c\u0103 bag rapid \u00een gur\u0103<br>un viermi\u0219or dulce-acri\u0219or \u0219i dau volumul la maxim<br>aceea\u0219i pies\u0103 pe repeat<br><br>dac\u0103 m\u0103 \u00eentorc \u00een timp <br>la your top Spotify list <br>pot s\u0103 ap\u0103s play \u0219i s\u0103 m\u0103 transport neuronal <br>\u00een amintirea \u00een care por\u021bi<br>tricouri cu imprimeu<br>       (to find yourself<br>     think for yourself)<br>\u0219i pl\u00e2ngi \u00eentr-o sal\u0103 de aeroport<br>\u0219i nu \u0219tiu cum s\u0103 te consolez<br><br>m\u0103 \u00een\u021beap\u0103 \u00een buze, un singur<br>strop g\u0103se\u0219te drumul spre negreal\u0103<br>\u00een vara \u00een care port rochie roz <br>de plastic \u0219i p\u0103rul scurt<br>vara-n care sunt b\u0103iat, rubarb\u0103, coaj\u0103 de semin\u021be<br>de aruncat pe jos. \u00eemi apar<br>pete ro\u0219ii pe piele \u0219i \u00een\u021beleg c\u0103 ceva se<br>apropie de sf\u00e2r\u0219it<br><br>Durr\u00ebs 40 de grade <br>m\u0103 plimb pe falez\u0103 \u00een direc\u021bia<br>gre\u0219it\u0103 \u0219i tot dau de mare<br><br>Prizren 25 de grade<br>beau cafea la poale de munte \u0219i<br>scriu \u00een carnetul verde tot ce-mi trece<br>prin cap<br>dorm pe paturi tari, port rochia galben\u0103<br>m\u0103rg\u0103ritar<br>                     plou\u0103 pu\u021bin \u0219i mor de cald<br><br>[te-ai n\u0103scut \u00een iulie \u00eentr-un val de c\u0103ldur\u0103 <br>m-ai luat \u00een bra\u021be \u0219i s-a scurs din mine esen\u021ba<br>                                     \u0219i totul s-a transformat <br>                                                \u00een desert dulce]<br>  <br>ac\u021biunea se petrece \u00een vara lui 2019<br>ac\u021biunea<br>ac\u021biunea<br>p\u0103\u0219esc \u00een sta\u021bia de autobuz la 7 diminea\u021ba<br>nu e nimeni la geam, nu vorbesc limba.<br>p\u00e2n\u0103 la hostel mai sunt 30 de minute<br>\u0219i geanta-mi apas\u0103 umerii<br>n-am b\u0103ut cafea, n-am pus capul<br>pe pern\u0103, sunt \u00eentr-un ora\u0219 h\u0103ituit de \u021b\u00e2n\u021bari.<br>am un autobuz de prins<br>nimeni <br>nu m\u0103 a\u0219teapt\u0103 la cel\u0103lalt cap\u0103t.<br>urm\u0103toarea urcare \u2013 noroc<br>c\u0103 se opre\u0219te cursa spre Novi Sad<br>\u00een fa\u021b\u0103, un cuplu de olandezi povestesc \u00eentre ei<br>\u00een spate, eu cu o carte<br>trec brazi dup\u0103 brazi<br>p\u0103duri de cea\u021b\u0103, grani\u021ba de piatr\u0103<br>se termin\u0103 \u0219i tura de noapte, ascult un<br>episod de podcast <br>m\u0103 ag\u0103\u021b de m\u00e2ner<br>o mi\u0219care brusc\u0103 \u0219i ne rostogolim \u00een gol<br><br>Podgorica 35 de grade<br>ne \u00een\u021belegem \u00een dou\u0103 limbi str\u0103ine<br>enervez cu at\u00e2tea \u00eentreb\u0103ri<br>am c\u0103l\u0103torit destul \u00eenc\u00e2t s\u0103 pot s\u0103<br>fiu singur\u0103 cu mine, p\u0103durea<br>la un bra\u021b e plin\u0103 de bomboane<br>                           din ultimul r\u0103zboi<br><br>sunt la mare, sunt la munte<br>sunt cu fa\u021ba spre tine \u021bin din\u021bii \u00eencle\u0219ta\u021bi<br>(let it go)<br>sunt un vas dulce<br>sunt paharul de rom &amp; coke din care<br>gu\u0219ti, \u021bi se \u00eencre\u021be\u0219te fa\u021ba<br>              gaura prin care se scurge<br>              rom &amp; coke<br>              pe gresia din baie<br>              p\u00e2n\u0103 la ultimul <br>              strop<br><br><br><strong>in yun<br><\/strong><br>am pl\u00e2ns din nou \u00eentr-un<br>cinematograf gol. regizorul a spus \u201edepinde<br>de ceea ce vrei s\u0103 vezi \u0219i cum vrei s\u0103 interpretezi\u201d<br>ra\u021bionalizez explica\u021bii \u0219i felul \u00een care ne \u00eent\u00e2lnim din <br>nou \u00een visele mele \u0219i recuperez ce e al meu, buc\u0103\u021bica pe <br>care-am l\u0103sat-o \u00een urm\u0103, vesta de siguran\u021ba \u00een caz de turbulen\u021be<br>\u00een visele mele ne \u00eent\u00e2lnim din nou \u0219i-\u021bi spun \u201ee inyun baby\u201d <br>suntem doar noi doi. crezi c\u0103 o s\u0103 scapi de mine?<br>\u00een visele mele spun \u201ete rog <br>ia-m\u0103 de m\u00e2n\u0103, hai s\u0103<br>travers\u0103m acest pod\u201d <br>\u00eentr-o zi ploioas\u0103<br>am privit \u00een sus<br>\u0219i am v\u0103zut<br>cum<br>      se<br>   to<br>     pe<br> \u0219te<br>     cea<br>  \u021ba<br><br><br><strong>jurnal de vis<br><\/strong><br>te-ai materializat \u00een laboratorul de vise scenariu<br>interpelat de intemperii aproape realitate<br>ne \u00eent\u00e2lnim doar pe fond<br>de dorin\u021be ascunse la cinema<br><br>(pentru c\u0103<br>iube\u0219ti\/eai filmele \u2013 mai ales Marvel <br>\u0219i popcorn cu gust de zah\u0103r\/ca\u0219caval) <br><br>s\u0103-\u021bi \u021bin degetul \u00een degetul meu <br>sub scaun s\u0103 nu ne prind\u0103 nimeni<br>de ce e\u0219ti a\u0219a de trist<br>\u00een toate visele<br>\u00een care apari?<br><br><br><strong>[o succesiune de percep\u021bii \u00eent\u00e2mpl\u0103toare]<br><\/strong><br>linia de s\u00e2nge <br>pe paharul Ikea <br>de unde acum o secund\u0103 sugeai vin<br>formeaz\u0103 o linie ro\u0219ie pe buze<br><br>condensul<br>pe geam<br>\u00eenainte s\u0103 la\u0219i aerul s\u0103 ias\u0103<br>formeaz\u0103 un strop de ap\u0103<br><br>blatul de g\u0103tit uleios<br>cu dou\u0103 cercuri de cafea<br>afar\u0103, toropeal\u0103<br>\u00een cas\u0103, r\u0103coare<br>miros de aceton\u0103<br>\u0219i beton<br><br>o cioar\u0103 pe pervaz<br>cu buze ro\u0219ii \u0219i<br>ochi de lichior<br>c\u00e2nt\u0103<br>o \u00een\u021belegi<br>sincron<br><br>un telefon ce vibreaz\u0103<br>dup\u0103<br>aten\u021bie<br>e\u0219ti pu\u021bin curioas\u0103?<br>te ab\u021bii<br><br>afar\u0103, v\u00e2nt \u0219i<br>ninsoare<br>oameni ce patineaz\u0103 pe lacul \u00eenghe\u021bat, 5 centimetri grosime<br>a\u0219tep\u021bi s\u0103 cedeze sub presiune \u0219i s\u0103 cite\u0219ti despre asta \u00een ziar<br>e mai bine aici<br>cu buza lipit\u0103 de calorifer<br><br>\u00eenghi\u021bi aerul uscat<br>\u021bur\u021buri pe obraji<br>sub tavanul gol e singurul loc<br>ce nu se destram\u0103 pe <br>interior<br><br>mizerie<br>decor<br><\/pre>\n","protected":false},"excerpt":{"rendered":"<p>de Ioana Drago\u0219<\/p>\n","protected":false},"author":371,"featured_media":11800,"comment_status":"open","ping_status":"open","sticky":false,"template":"","format":"standard","meta":{"_jetpack_memberships_contains_paid_content":false,"footnotes":""},"categories":[1824,30],"tags":[2305,1813,2284,9],"coauthors":[2304],"class_list":["post-11799","post","type-post","status-publish","format-standard","has-post-thumbnail","hentry","category-mornin-poets","category-poezie","tag-ioana-dragos","tag-mornin-poets","tag-nr-7-9-2024","tag-poezie"],"jetpack_featured_media_url":"https:\/\/revistafamilia.ro\/wp-content\/uploads\/2024\/12\/Ioana-Dragos-1.jpeg","jetpack_sharing_enabled":true,"_links":{"self":[{"href":"https:\/\/revistafamilia.ro\/index.php?rest_route=\/wp\/v2\/posts\/11799","targetHints":{"allow":["GET"]}}],"collection":[{"href":"https:\/\/revistafamilia.ro\/index.php?rest_route=\/wp\/v2\/posts"}],"about":[{"href":"https:\/\/revistafamilia.ro\/index.php?rest_route=\/wp\/v2\/types\/post"}],"author":[{"embeddable":true,"href":"https:\/\/revistafamilia.ro\/index.php?rest_route=\/wp\/v2\/users\/371"}],"replies":[{"embeddable":true,"href":"https:\/\/revistafamilia.ro\/index.php?rest_route=%2Fwp%2Fv2%2Fcomments&post=11799"}],"version-history":[{"count":1,"href":"https:\/\/revistafamilia.ro\/index.php?rest_route=\/wp\/v2\/posts\/11799\/revisions"}],"predecessor-version":[{"id":11801,"href":"https:\/\/revistafamilia.ro\/index.php?rest_route=\/wp\/v2\/posts\/11799\/revisions\/11801"}],"wp:featuredmedia":[{"embeddable":true,"href":"https:\/\/revistafamilia.ro\/index.php?rest_route=\/wp\/v2\/media\/11800"}],"wp:attachment":[{"href":"https:\/\/revistafamilia.ro\/index.php?rest_route=%2Fwp%2Fv2%2Fmedia&parent=11799"}],"wp:term":[{"taxonomy":"category","embeddable":true,"href":"https:\/\/revistafamilia.ro\/index.php?rest_route=%2Fwp%2Fv2%2Fcategories&post=11799"},{"taxonomy":"post_tag","embeddable":true,"href":"https:\/\/revistafamilia.ro\/index.php?rest_route=%2Fwp%2Fv2%2Ftags&post=11799"},{"taxonomy":"author","embeddable":true,"href":"https:\/\/revistafamilia.ro\/index.php?rest_route=%2Fwp%2Fv2%2Fcoauthors&post=11799"}],"curies":[{"name":"wp","href":"https:\/\/api.w.org\/{rel}","templated":true}]}}