{"id":11638,"date":"2024-11-15T20:43:31","date_gmt":"2024-11-15T17:43:31","guid":{"rendered":"https:\/\/revistafamilia.ro\/?p=11638"},"modified":"2024-11-15T20:43:39","modified_gmt":"2024-11-15T17:43:39","slug":"tabara-locuieste-in-poveste","status":"publish","type":"post","link":"https:\/\/revistafamilia.ro\/?p=11638","title":{"rendered":"Tab\u0103ra \u201eLocuie\u0219te \u00een poveste\u201d"},"content":{"rendered":"<div class=\"wp-block-image\">\n<figure class=\"alignright size-full is-resized\"><img loading=\"lazy\" decoding=\"async\" width=\"928\" height=\"960\" src=\"https:\/\/revistafamilia.ro\/wp-content\/uploads\/2024\/11\/editura-arthur_1595880255.jpg\" alt=\"\" class=\"wp-image-11639\" style=\"width:350px\" srcset=\"https:\/\/revistafamilia.ro\/wp-content\/uploads\/2024\/11\/editura-arthur_1595880255.jpg 928w, https:\/\/revistafamilia.ro\/wp-content\/uploads\/2024\/11\/editura-arthur_1595880255-290x300.jpg 290w, https:\/\/revistafamilia.ro\/wp-content\/uploads\/2024\/11\/editura-arthur_1595880255-768x794.jpg 768w, https:\/\/revistafamilia.ro\/wp-content\/uploads\/2024\/11\/editura-arthur_1595880255-480x497.jpg 480w\" sizes=\"auto, (max-width: 928px) 100vw, 928px\" \/><\/figure>\n<\/div>\n\n\n<p>Tab\u0103ra de crea\u021bie organizat\u0103 anual de editura Arthur e o ini\u021biativ\u0103 absolut remarcabil\u0103 care le ofer\u0103 copiilor pasiona\u021bi de scris o platform\u0103 de dezvoltare a talentului. Totul a \u00eenceput \u00een 2012, cu pu\u021bin \u00eenainte de lansarea volumului \u201eCe po\u021bi face cu dou\u0103 cuvinte\u201d, o colec\u021bie de pove\u0219ti pentru copii create de optsprezece autori rom\u00e2ni. Provocarea lansat\u0103 scriitorilor a fost simpl\u0103, dar ingenioas\u0103: s\u0103 creeze o poveste pornind de la o pereche de cuvinte f\u0103r\u0103 nicio leg\u0103tur\u0103 logic\u0103 sau semantic\u0103 \u00eentre ele. Rezultatul a fost o colec\u021bie de pove\u0219ti pline de imagina\u021bie \u0219i umor, care i-au captivat deopotriv\u0103 pe copii \u0219i pe adul\u021bi.<\/p>\n\n\n\n<p>Inspira\u021bi de entuziasmul copiilor, care au \u00eenceput s\u0103 trimit\u0103 propriile pove\u0219ti c\u0103tre editur\u0103, organizatorii au decis s\u0103 le ofere o platform\u0103 dedicat\u0103. A\u0219a a luat na\u0219tere ideea unei tabere de crea\u021bie, unde copiii pasiona\u021bi de scris \u0219i ilustra\u021bie s\u0103 poat\u0103 explora lumea cuvintelor \u0219i a imaginilor sub \u00eendrumarea unor autori rom\u00e2ni.<\/p>\n\n\n\n<p>La sf\u00e2r\u0219itul lunii august, satul Alma Vii a g\u0103zduit edi\u021bia a dou\u0103sprezecea a acestei tabere, la care am participat al\u0103turi de Florin Bican, Adina Popescu, Dan Ungureanu \u0219i Ioana Bot. Pe parcursul a cinci zile, cei nou\u0103sprezece participan\u021bi au fost implica\u021bi \u00een ateliere de scriere creativ\u0103 \u0219i ilustra\u021bie coordonate de autori ai editurii Arthur. Copiii au fost \u00eencuraja\u021bi s\u0103-\u0219i exprime ideile \u0219i s\u0103 colaboreze la proiecte comune, au participat la diverse activit\u0103\u021bi, de la exerci\u021bii de scriere spontan\u0103 la crearea de ilustra\u021bii \u0219i benzi desenate, av\u00e2nd parte \u0219i de lecturi inedite din partea scriitorilor invita\u021bi. Atelierele de ilustra\u021bie au fost coordonate de timi\u0219oreanul Dan Ungureanu.<\/p>\n\n\n\n<p>Pe l\u00e2ng\u0103 scris \u0219i desen, i-am rugat pe c\u00e2\u021biva dintre participan\u021bi s\u0103 ne \u00eemp\u0103rt\u0103\u0219easc\u0103 impresii despre cum li s-a p\u0103rut tab\u0103ra Arthur \u0219i ce cred ei c\u0103 au \u00eenv\u0103\u021bat acolo.<\/p>\n\n\n\n<p>\u201eTab\u0103ra Arthur a fost un loc cu adev\u0103rat special. M-am \u00eendr\u0103gostit de atmosfera de aici. De fiecare dat\u0103 c\u00e2nd revin \u2013 nu e prima dat\u0103, am mai participat la o edi\u021bie anterioar\u0103 \u2013 simt c\u0103 este o experien\u021b\u0103 extraordinar\u0103 pentru mine. Aceast\u0103 experien\u021b\u0103 m-a ajutat s\u0103 \u00eemi fac prieteni \u0219i s\u0103 ies din zona mea de confort. Locul are o magie aparte. Nu este doar o tab\u0103r\u0103, ci o amintire care \u00eemi va r\u0103m\u00e2ne pentru totdeauna.\u201d (Crina)<\/p>\n\n\n\n<p>\u201eP\u0103i din start \u021bin s\u0103 spun c\u0103 ne-am \u00eent\u00e2lnit \u0219i anul trecut, \u0219i anul acesta, c\u0103ci am participat \u0219i anul trecut, \u00een 2023. Am \u00eenv\u0103\u021bat foarte multe lucruri noi, mai ales legate de literatur\u0103, de cultura general\u0103. Am \u00eent\u00e2lnit \u0219i persoane absolut extraordinare, at\u00e2t \u00een persoana profesorului coordonator, c\u00e2t \u0219i a celorlal\u021bi participan\u021bi. Cu unii dintre ei am devenit prieteni la cataram\u0103. Pe de alt\u0103 parte, \u0219i satul e frumos, e foarte mult\u0103 lini\u0219te, peisajul e foarte pitoresc, \u0219i arhitectura asta care pare c\u0103 vine din alte vremuri. \u00cemi pare bine ajuns aici, n-a\u0219 fi refuzat aceast\u0103 ocazie.\u201d (Nicolas)<\/p>\n\n\n\n<p>\u201eA fost o experien\u021b\u0103 incredibil\u0103, o adev\u0103rat\u0103 aventur\u0103 \u00een universul crea\u021biei \u0219i al literaturii. Am \u00eenv\u0103\u021bat multe despre sonete \u0219i alte forme de poezie, iar discursurile scriitorilor au fost foarte inspiratoare.\u201d (\u0218tefan)<\/p>\n\n\n\n<p>\u201e\u00cen tab\u0103ra Arthur mi-a pl\u0103cut foarte mult. Am \u00eent\u00e2lnit multe persoane noi, deoarece anul acesta am participat la sec\u021bia de scriere. Am descoperit o nou\u0103 pasiune pentru poezie \u0219i am legat multe prietenii. A fost minunat s\u0103 ascult texte originale, pline de umor \u0219i creativitate. Dac\u0103 ar fi s\u0103 descriu totul \u00eentr-un cuv\u00e2nt, acesta ar fi maxim\u0103 creativitate.\u201d (Sofia)<\/p>\n\n\n\n<p>Una peste alta, cred c\u0103 tab\u0103ra Arthur e o experien\u021b\u0103 care le permite copiilor s\u0103-\u0219i dezvolte creativitatea, s\u0103-\u0219i fac\u0103 noi prieteni pasiona\u021bi de scris sau de ilustrat \u0219i mai ales s\u0103 \u00eenve\u021be unii de la ceilal\u021bi. Atmosfera locului, lini\u0219tea satului \u0219i activit\u0103\u021bile zilnice contribuie la crearea unui mediu perfect pentru explorarea talentelor lor. Al\u0103turi de evenimente precum apari\u021bia premiilor C\u0103rturino, care recompenseaz\u0103 cele mai reu\u0219ite c\u0103r\u021bi pentru copii din fiecare an \u0219i de introducerea unei sec\u021biuni dedicate autorilor de care scriu pentru cei mici \u00een cadrul Burselor \u0219i Reziden\u021belor <em>Familia<\/em>, tab\u0103ra \u201eLocuie\u0219te \u00een poveste\u201d reprezint\u0103 o dovad\u0103 clar\u0103 a faptului c\u0103 \u00een ultimii ani lucrurile s-au pus \u00een sf\u00e2r\u0219it \u00een mi\u0219care \u00een zona asta.<\/p>\n","protected":false},"excerpt":{"rendered":"<p>Cartea pentru copii de Alex Moldovan<\/p>\n","protected":false},"author":10,"featured_media":11639,"comment_status":"open","ping_status":"open","sticky":false,"template":"","format":"standard","meta":{"_jetpack_memberships_contains_paid_content":false,"footnotes":""},"categories":[60,52],"tags":[94,95,332,2284],"coauthors":[1128],"class_list":["post-11638","post","type-post","status-publish","format-standard","has-post-thumbnail","hentry","category-cartea-pentru-copii","category-rubrici","tag-alex-moldovan","tag-cartea-pentru-copii","tag-editura-arthur","tag-nr-7-9-2024"],"jetpack_featured_media_url":"https:\/\/revistafamilia.ro\/wp-content\/uploads\/2024\/11\/editura-arthur_1595880255.jpg","jetpack_sharing_enabled":true,"_links":{"self":[{"href":"https:\/\/revistafamilia.ro\/index.php?rest_route=\/wp\/v2\/posts\/11638","targetHints":{"allow":["GET"]}}],"collection":[{"href":"https:\/\/revistafamilia.ro\/index.php?rest_route=\/wp\/v2\/posts"}],"about":[{"href":"https:\/\/revistafamilia.ro\/index.php?rest_route=\/wp\/v2\/types\/post"}],"author":[{"embeddable":true,"href":"https:\/\/revistafamilia.ro\/index.php?rest_route=\/wp\/v2\/users\/10"}],"replies":[{"embeddable":true,"href":"https:\/\/revistafamilia.ro\/index.php?rest_route=%2Fwp%2Fv2%2Fcomments&post=11638"}],"version-history":[{"count":1,"href":"https:\/\/revistafamilia.ro\/index.php?rest_route=\/wp\/v2\/posts\/11638\/revisions"}],"predecessor-version":[{"id":11640,"href":"https:\/\/revistafamilia.ro\/index.php?rest_route=\/wp\/v2\/posts\/11638\/revisions\/11640"}],"wp:featuredmedia":[{"embeddable":true,"href":"https:\/\/revistafamilia.ro\/index.php?rest_route=\/wp\/v2\/media\/11639"}],"wp:attachment":[{"href":"https:\/\/revistafamilia.ro\/index.php?rest_route=%2Fwp%2Fv2%2Fmedia&parent=11638"}],"wp:term":[{"taxonomy":"category","embeddable":true,"href":"https:\/\/revistafamilia.ro\/index.php?rest_route=%2Fwp%2Fv2%2Fcategories&post=11638"},{"taxonomy":"post_tag","embeddable":true,"href":"https:\/\/revistafamilia.ro\/index.php?rest_route=%2Fwp%2Fv2%2Ftags&post=11638"},{"taxonomy":"author","embeddable":true,"href":"https:\/\/revistafamilia.ro\/index.php?rest_route=%2Fwp%2Fv2%2Fcoauthors&post=11638"}],"curies":[{"name":"wp","href":"https:\/\/api.w.org\/{rel}","templated":true}]}}