{"id":11110,"date":"2024-08-02T18:46:22","date_gmt":"2024-08-02T15:46:22","guid":{"rendered":"https:\/\/revistafamilia.ro\/?p=11110"},"modified":"2024-08-02T18:46:28","modified_gmt":"2024-08-02T15:46:28","slug":"la-gunoi-dar-pe-reciclare-amintirile-unui-douamiist","status":"publish","type":"post","link":"https:\/\/revistafamilia.ro\/?p=11110","title":{"rendered":"La gunoi, dar pe reciclare \u2013 amintirile unui dou\u0103miist"},"content":{"rendered":"<div class=\"wp-block-image\">\n<figure class=\"aligncenter size-full is-resized\"><img loading=\"lazy\" decoding=\"async\" width=\"646\" height=\"994\" src=\"https:\/\/revistafamilia.ro\/wp-content\/uploads\/2024\/08\/La-gunoi.jpg\" alt=\"\" class=\"wp-image-11111\" style=\"width:500px\" srcset=\"https:\/\/revistafamilia.ro\/wp-content\/uploads\/2024\/08\/La-gunoi.jpg 646w, https:\/\/revistafamilia.ro\/wp-content\/uploads\/2024\/08\/La-gunoi-195x300.jpg 195w, https:\/\/revistafamilia.ro\/wp-content\/uploads\/2024\/08\/La-gunoi-480x739.jpg 480w\" sizes=\"auto, (max-width: 646px) 100vw, 646px\" \/><figcaption class=\"wp-element-caption\">Dan Sociu, <em>La gunoi<\/em>, Polirom, 2024<\/figcaption><\/figure>\n<\/div>\n\n\n<p>Mizerabilismul biografist are o latur\u0103 profund seduc\u0103toare, iar mare parte din aceast\u0103 seduc\u021bie o exercit\u0103 Dan Sociu de mai bine de dou\u0103 decenii.<\/p>\n\n\n\n<p><em>La gunoi<\/em> (Polirom, 2024) anun\u021b\u0103 deja prin titlu ideea de pierdere, de via\u021b\u0103 \u201eirosit\u0103\u201d, dar recuperabil\u0103 scriptural\/literar. La gunoi g\u0103se\u0219ti de toate, de la lucruri folosite, la ambalaje, resturi, obiecte degradate, toate urme ale experien\u021belor tr\u0103ite, \u00eenglob\u00e2nd momente trecute, consumate, tot ce s-a dus \u0219i e de aruncat, \u00eens\u0103 nu \u0219i la Dan Sociu, care doar se face c\u0103 nu mai are nimic de pre\u021b, el selecteaz\u0103 \u0219i recicleaz\u0103 nostalgic. <em>La gunoi<\/em> este o nuvel\u0103-remember, ea reia c\u00e2teva dintre temele preferate ale autorului dou\u0103miist dintr-o perspectiv\u0103 nou\u0103, a maturit\u0103\u021bii.<\/p>\n\n\n\n<p>Efectul global pe care-l caut\u0103 \u0219i-l ob\u021bine Dan Sociu este cel de identificare a cititorului cu cele relatate, tr\u0103ite, sim\u021bite, declicul se produce de la primele pagini \u0219i te treze\u0219ti absorbit de vocea narativ\u0103 ca de o muzic\u0103 str\u0103in\u0103 \u0219i totu\u0219i foarte familiar\u0103. Sentimentul se instituie f\u0103r\u0103 ca s\u0103 fie neap\u0103rat nevoie de o poveste-construc\u021bie care s\u0103-l sus\u021bin\u0103, trecutul se recupereaz\u0103 prin imagini, oameni, locuri \u0219i micronara\u021biuni care compun o hart\u0103 sentimental\u0103 tipic\u0103 lui Sociu, iar el \u00ee\u0219i asum\u0103 rolul adultului introspectiv \u0219i melancolic, dar nu at\u00e2t de matur \u00eenc\u00e2t s\u0103 ajung\u0103 la deta\u0219are sau blazare total\u0103. Perspectiva se schimb\u0103, rebelul r\u0103m\u00e2ne rebel, doar c\u0103 e \u201eleu f\u0103r\u0103 din\u021bi\u201d (a\u0219a se simte \u00eenc\u0103 de la 30 de ani), dar mai con\u0219tient parc\u0103 de puterea sa. P\u0103streaz\u0103 \u00een el urmele a ceea ce a fost (copilul, adolescentul, t\u00e2n\u0103rul) mai exact esen\u021ba a ceea ce a fost, din care se revendic\u0103 cel care este azi, o <em>identitate<\/em> veche \u0219i nou\u0103 \u00een acela\u0219i timp, un amalgam de senza\u021bii, iubiri e\u0219uate sau \u00eemplinite, cauze \u0219i efecte, prietenii memorabile sau \u00eent\u00e2lniri ocazionale, leg\u0103turile cu rudele, locurile natale \u0219i alte ora\u0219e sau \u021b\u0103ri, toate devin semnificative dac\u0103 sunt privite, muzeificate. \u0218i toate par a fi adev\u0103ratele r\u0103d\u0103cini ale acestui peregrin.<\/p>\n\n\n\n<p>Prezentul se croie\u0219te prin raportare la moartea mamei, o realitate crunt\u0103 de care naratorul se izbe\u0219te ca un vehicul mereu pe contrasens care, la un moment dat, nu mai are cum s\u0103 evite coliziunea. Acest prezent dureros \u00eencadreaz\u0103 volumul prin cele dou\u0103 capitole dispuse simetric, fiecare surprinz\u00e2nd agonia mamei bolnave \u0219i apoi moartea ei \u0219i momentele de dup\u0103, golul interior \u0219i \u00eencercarea naratorului de a-l umple cu poezie \u0219i amintiri. Dup\u0103 \u00eenmorm\u00e2ntare, Dan se mut\u0103 din camera lui \u00een camera mamei, constat\u0103 c\u0103 suferin\u021ba fusese dincolo, \u00een camera lui, de unde o p\u00e2ndise at\u00e2tea nop\u021bi pe mama bolnav\u0103 de cancer, s-o aud\u0103 c\u00e2nd se foie\u0219te, s\u0103-i dea ap\u0103 sau s-o desfac\u0103 din cear\u0219afuri c\u00e2nd se \u00eencurca \u00een ele. \u00cen cele din urm\u0103, Dan revine \u00een camera lui, revine deci la sine \u0219i la ce-l define\u0219te, anume dragostea de via\u021b\u0103 care nu se stinge: \u201e\u0218i \u00een toamn\u0103 m-am \u00eentors \u00een camera mea, se f\u0103cea frig \u0219i era mai mic spa\u021biul, mi-era dor s\u0103 v\u0103d zilnic cire\u0219ii \u00eenal\u021bi de dup\u0103 geam, norii, cum \u00eei vedeam \u0219i cu patru ani \u00eenainte, c\u00e2nd m-am \u00eentors acas\u0103. Imediat ce m-am instalat, a venit un pi\u021bigoi verde \u0219i mi-a cioc\u0103nit vesel \u00een geam, ca \u0219i cum m\u0103 saluta\u201d. Multe r\u0103m\u00e2n imprimate \u00een memorie \u0219i transferate \u00een text, la fel ca sc\u00e2r\u021b\u00e2itul patului care \u00eenc\u0103 se aude chiar dac\u0103 mama nu mai este acolo.<\/p>\n\n\n\n<p>Patru decenii de via\u021b\u0103 (\u0219i moarte) se succed cu repeziciune \u00een cele cinci capitole, de parc\u0103 ar fi fost c\u00e2teva ore. Volumul ofer\u0103 o acumulare de experien\u021be \u0219i tr\u0103iri ale unui narator care tr\u0103ie\u0219te \u00een dou\u0103 lumi, ca-n visul lucid de la Berlin: \u201e\u00cen filme, tripa\u021bii sunt deliran\u021bi sau v\u0103d mandale pe pere\u021bi. La mine nu era niciodat\u0103 cazul, totul era firesc, doar c\u0103 tr\u0103iam \u00een dou\u0103 realit\u0103\u021bi simultan. \u00cen am\u00e2ndou\u0103 cu acela\u0219i sim\u021b al prezen\u021bei, f\u0103r\u0103 nimic ireal \u00een sine, totu\u0219i \u00een dou\u0103 realit\u0103\u021bi simultan\u201d. Sub ochii cititorului, viitorul lui Dan se transform\u0103 cu repeziciune \u00een trecut. Cartea urmeaz\u0103 logica cronologiei, de la copil\u0103ria mic\u0103 p\u00e2n\u0103 \u00een prezent \u0219i acoper\u0103, selectiv, momente semnificative: anii de liceu \u0219i repulsia fa\u021b\u0103 de \u0219coal\u0103, studen\u021bia la Ia\u0219i, scurta c\u0103snicie, alcoolismul \u0219i dependen\u021ba de droguri, pancreatita \u0219i spitalizarea, via\u021ba boem\u0103, nomad\u0103, revela\u021biile \u0219i crizele psihotice, \u00eentoarcerea acas\u0103. Episoadele narative sunt completate cu observa\u021bii privitoare la sex, b\u0103utur\u0103, droguri, statut, bani, religie, rela\u021bii, joburi \u00een redactare, editare \u0219i traducere. \u00cen paralel, sunt prezen\u021bi aici \u0219i oamenii importan\u021bi din via\u021ba lui: din cadrul familiei se distinge figura mamei, dintre tinerele iubite, figura colegei de liceu devenite so\u021bie \u0219i mam\u0103 a fiicei lui Dan, dintre prieteni, figura tovar\u0103\u0219ului gay cu care locuie\u0219te o vreme \u00een Bucure\u0219ti.<\/p>\n\n\n\n<p>Tonul nu este moralizator, nici dramatic-afectat, nici critic, ci mai degrab\u0103 cu caracter de constatare \u0219i u\u0219or indiferent, atitudine cu care Dan recunoa\u0219te c\u0103 s-a alimentat la Berlin, \u201eo atitudine de om liber la cap, c\u0103ruia nu-i pas\u0103 de percep\u021bia celorlal\u021bi asupra lui. Nu-mi p\u0103sase niciodat\u0103 cu totul (&#8230;)\u201d. Nu se poate ata\u0219a de nimic \u00een mod fundamental, rela\u021biile cu femeile nu dureaz\u0103 mai mult de trei ani, schimb\u0103 des locuin\u021bele, nu are ambi\u021bii financiare (\u201e\u00een familia noastr\u0103, ambi\u021biile materiale erau desconsiderate\u201d), \u201esingur, neiubit \u0219i liber\u201d, caut\u0103 s\u0103 se re\u00eentoarc\u0103 mereu la triste\u021be: \u201evoiam la triste\u021be, unde e adev\u0103rul\u201d. O triste\u021be de care fuge (\u201eorice, numai s\u0103-l uit pe acel un altul din mine cu triste\u021bea lui\u201d), ca mai apoi s-o caute cu voluptate. E un rebel, un boem, un vagabond, dar nu un anarhist \u0219i nici vreun filosof (\u201e&#8230;nu vedeam niciun sens \u00een filosofie. Dac\u0103 sunt r\u0103spunsuri, o s\u0103 le afl\u0103m, nu-i nevoie de at\u00e2ta nevroz\u0103 \u0219i fr\u0103m\u00e2ntare\u201d). Simte c\u0103 \u00eemb\u0103tr\u00e2ne\u0219te, c\u0103 se consum\u0103, c\u0103 devine \u00een timp ca un tren care se retrage \u00eencet-\u00eencet la depou, c\u0103 face pace cu sine: \u201eVenise Saturn \u0219i m\u0103 sc\u0103pase de entuziasmul tinere\u021bii, sim\u021beam c\u0103 se coace \u00een mine o seriozitate nou\u0103, o depresie \u00een\u021beleg\u0103toare, tolerant\u0103 cu mine fix a\u0219a cum sunt.\u201d Atitudinea este sus\u021binut\u0103 \u0219i prin stilul dezbr\u0103cat de orice preten\u021bii, podoabe, artificii.<\/p>\n\n\n\n<p>\u00cen centrul volumului se afl\u0103 problema identit\u0103\u021bii, a form\u0103rii \u0219i a rolului pe care-l joac\u0103 experien\u021ba, oamenii \u0219i spa\u021biile \u00een acest proces. Locurile \u00een care a stat sau pe care le-a vizitat (Boto\u0219ani, Ia\u0219i, Bucure\u0219ti, Stuttgart, Berlin, Stockholm etc.) au un spirit al lor, iar referirile la c\u0103l\u0103torie ca element definitoriu \u00een formare sunt infuzate de observa\u021bii socio-politice legate de transform\u0103rile istorice care influen\u021beaz\u0103 individul. La Berlin p\u0103rea la \u00eenceput c\u0103 po\u021bi s\u0103 tr\u0103ie\u0219ti din nimic, apoi Berlinul o ia pe calea gentrific\u0103rii \u0219i a hedonismului burghez: \u201eSe terminaser\u0103 cu adev\u0103rat anii \u201990 efervescen\u021bi \u0219i cultura <em>clubbingului<\/em> din anii 2000. De\u0219i Berlinul era \u00een continuare un azil pentru neadapta\u021bii \u0219i arti\u0219tii Europei, petrecerea p\u0103rea deja s\u0103 fi ajuns la cap\u0103t. Capitala se gentrificase \u0219i \u00ee\u0219i \u00eempingea boemii afar\u0103. P\u0103strase de la ei doar o caricatur\u0103 comercial\u0103, pe m\u0103sura \u00een\u021belegerii \u0219i gusturilor hipsterului american cu bani, cu p\u0103l\u0103riile \u0219i hainele lui cump\u0103rate de la magazinele vintage, care, prin orice alegere a sa, cre\u0219tea pre\u021burile locului \u0219i se scremea \u00een acela\u0219i timp s\u0103 par\u0103 c\u0103 tr\u0103ie\u0219te o <em>freies Leben<\/em>\u201d. Pe de alt\u0103 parte, Bucure\u0219tiul, \u00een 2009, p\u0103strase aspectul de metropol\u0103 creativ\u0103, \u201eo metropol\u0103 adev\u0103rat\u0103, ca \u00een versurile lui Frank O\u2019Hara&#8230;\u201d, \u201epentru cei din lumea mea criza fusese chiar un cadou, se ieftiniser\u0103 chiriile (&#8230;)\u201d.<\/p>\n\n\n\n<p>\u00cen general, \u00een c\u0103r\u021bile lui Dan Sociu e mult\u0103 emo\u021bie. Vagabondaj, s\u0103r\u0103cie, alcool, droguri, dorin\u021b\u0103 de afec\u021biune. E o voce ne\u00eembl\u00e2nzit\u0103 a tranzi\u021biei postcomuniste, marcat\u0103 de cele mai ad\u00e2nci traume, de mici \u0219i mari derive. \u00cen definitiv, e foarte frumoas\u0103 cartea asta, m-am surprins de multe ori z\u00e2mbindu-i cu triste\u021be \u201evagabondului pe via\u021b\u0103\u201d \u00eemp\u0103cat finalmente cu sine (de altfel i-am z\u00e2mbit \u0219i \u00een <em>Tre\u0219<\/em>, \u0219i \u00een <em>cum reu\u0219e\u0219ti, via\u021ba mea<\/em>), personajul-narator-autor care r\u0103t\u0103ce\u0219te peste tot ca un copil-adult nec\u0103jit, s\u0103rac, uneori hedonist, alteori onest, pe care nici s\u0103-l cer\u021bi nu po\u021bi, c\u0103 \u021bi se rupe sufletul. \u00cenclin\u00e2nd mai mult spre confesiunea legat\u0103 de via\u021ba personal\u0103, Sociu exclude aproape \u00een totalitate referirile la scris \u0219i la procesul pe care \u00eel implic\u0103 crea\u021bia. F\u0103r\u0103 s\u0103 fac vreun repro\u0219 major, afirm c\u0103 am v\u0103zut (vreau s\u0103 v\u0103d) \u00een acest volum un schelet al unui proiect viitor poate mai ambi\u021bios, care s\u0103 includ\u0103 \u0219i aspectele l\u0103sate pe dinafar\u0103 de autorul dou\u0103miist ale c\u0103rui influen\u021be \u00een literatura rom\u00e2n\u0103 contemporan\u0103 sunt\/r\u0103m\u00e2n indelebile.<\/p>\n","protected":false},"excerpt":{"rendered":"<p>de Oana Paler<\/p>\n","protected":false},"author":239,"featured_media":11111,"comment_status":"open","ping_status":"open","sticky":false,"template":"","format":"standard","meta":{"_jetpack_memberships_contains_paid_content":false,"footnotes":""},"categories":[28],"tags":[2181,715,2206,1575],"coauthors":[1577],"class_list":["post-11110","post","type-post","status-publish","format-standard","has-post-thumbnail","hentry","category-critica","tag-cronica-literara-2","tag-dan-sociu","tag-nr-4-5-2024","tag-oana-paler"],"jetpack_featured_media_url":"https:\/\/revistafamilia.ro\/wp-content\/uploads\/2024\/08\/La-gunoi.jpg","jetpack_sharing_enabled":true,"_links":{"self":[{"href":"https:\/\/revistafamilia.ro\/index.php?rest_route=\/wp\/v2\/posts\/11110","targetHints":{"allow":["GET"]}}],"collection":[{"href":"https:\/\/revistafamilia.ro\/index.php?rest_route=\/wp\/v2\/posts"}],"about":[{"href":"https:\/\/revistafamilia.ro\/index.php?rest_route=\/wp\/v2\/types\/post"}],"author":[{"embeddable":true,"href":"https:\/\/revistafamilia.ro\/index.php?rest_route=\/wp\/v2\/users\/239"}],"replies":[{"embeddable":true,"href":"https:\/\/revistafamilia.ro\/index.php?rest_route=%2Fwp%2Fv2%2Fcomments&post=11110"}],"version-history":[{"count":1,"href":"https:\/\/revistafamilia.ro\/index.php?rest_route=\/wp\/v2\/posts\/11110\/revisions"}],"predecessor-version":[{"id":11112,"href":"https:\/\/revistafamilia.ro\/index.php?rest_route=\/wp\/v2\/posts\/11110\/revisions\/11112"}],"wp:featuredmedia":[{"embeddable":true,"href":"https:\/\/revistafamilia.ro\/index.php?rest_route=\/wp\/v2\/media\/11111"}],"wp:attachment":[{"href":"https:\/\/revistafamilia.ro\/index.php?rest_route=%2Fwp%2Fv2%2Fmedia&parent=11110"}],"wp:term":[{"taxonomy":"category","embeddable":true,"href":"https:\/\/revistafamilia.ro\/index.php?rest_route=%2Fwp%2Fv2%2Fcategories&post=11110"},{"taxonomy":"post_tag","embeddable":true,"href":"https:\/\/revistafamilia.ro\/index.php?rest_route=%2Fwp%2Fv2%2Ftags&post=11110"},{"taxonomy":"author","embeddable":true,"href":"https:\/\/revistafamilia.ro\/index.php?rest_route=%2Fwp%2Fv2%2Fcoauthors&post=11110"}],"curies":[{"name":"wp","href":"https:\/\/api.w.org\/{rel}","templated":true}]}}