{"id":10566,"date":"2024-05-27T11:02:49","date_gmt":"2024-05-27T08:02:49","guid":{"rendered":"https:\/\/revistafamilia.ro\/?p=10566"},"modified":"2024-05-27T11:02:57","modified_gmt":"2024-05-27T08:02:57","slug":"mnlr-la-bookfest-2024","status":"publish","type":"post","link":"https:\/\/revistafamilia.ro\/?p=10566","title":{"rendered":"MNLR la Bookfest 2024"},"content":{"rendered":"\n<p><strong>Muzeul Na\u021bional al Literaturii Rom\u00e2ne<\/strong> particip\u0103 \u0219i \u00een acest an cu un stand propriu (C02) \u0219i cu un amplu program de lans\u0103ri, dezbateri \u0219i evenimente dedicate copiilor la cea de-a XVII-a edi\u021bie a Salonului interna\u021bional de carte <strong>Bookfest<\/strong>.<\/p>\n\n\n\n<p>\u00cen cadrul Bookfest, Editura Muzeul Literaturii Rom\u00e2ne prezint\u0103 \u00een premier\u0103 o serie de volume dedicate at\u00e2t filologilor, c\u00e2t \u0219i publicului larg \u0219i chiar copiilor.<\/p>\n\n\n\n<p>Astfel, munca de cercetare a speciali\u0219tilor muzeului se concretizeaz\u0103 \u00een trei volume-eveniment. \u201e<strong><em>Curs de estetica poeziei\u201d<\/em><\/strong> de<strong> Vladimir Streinu<\/strong>, edi\u021bie, studiu introductiv \u0219i note de Luana Stroe, restituie \u00een premier\u0103 cursul sus\u021binut ca profesor invitat la Universitatea Bucure\u0219ti \u00eentre 1969 \u0219i 1970 de marele critic \u0219i estetician, pe baza manuscriselor aflate \u00een arhiva MNLR \u0219i a \u00eenregistr\u0103rilor c\u00e2torva dintre prelegerile \u021binute \u00een Amfiteatrul Odobescu, confruntate cu articole din periodice \u0219i interviuri din presa vremii.<\/p>\n\n\n\n<p>Cu edi\u021bia din \u201e<strong>Catastihul amorului. La gura sobei\u201d <\/strong>de<strong> Pierre V\u00e9ron; Paulin Niboyet, <\/strong>Andreea Teliban pune cap\u0103t unei controverse vechi de peste jum\u0103tate de secol \u00een literatura rom\u00e2n\u0103. \u201eCatastihul\u201d nu este un roman scris de Radu Ionescu, nici de Pantazi Ghica, nici m\u0103car nu apar\u021bine literaturii rom\u00e2ne, ci este vorba despre dou\u0103 traduceri din romane fran\u021buze\u0219ti la mod\u0103 \u00een epoc\u0103! Un amplu studiu introductiv \u0219i un aparat de note \u0219i comentarii \u00eenso\u021besc textul, restituit dup\u0103 prima edi\u021bie rom\u00e2neasc\u0103, din 1865.<\/p>\n\n\n\n<p><strong>\u201eStudii, eseuri, articole. IV&nbsp;: Jurnal t\u00e2rziu de lectur\u0103\u201d <\/strong>de<strong> Dumitru Micu<\/strong>, text stabilit, prefa\u021b\u0103 \u0219i aparat bibliografic de Alexandru Dumitriu. Cu c\u00e2teva luni \u00eenainte de a trece la cele ve\u0219nice, criticul \u0219i istoricul literar Dumitru Micu (1928-2018) asambla un nou volum al seriei <em>Studii, eseuri, articole<\/em>, pe care o concepuse \u00een 2011. <em>Jurnal t\u00e2rziu de lectur\u0103 <\/em>reprezint\u0103 o completare inedit\u0103 a ciclului, recupe\u00adrat\u0103 \u00een toamna anului 2022 din arhiva fostului profesor al Facult\u0103\u021bii de Litere bucure\u0219tene, pe baza unei schi\u021be de sumar. Majoritatea textelor reunite de autor \u00een acest volum dateaz\u0103 din ultima decad\u0103 a vie\u021bii: preponderent, cronici, \u00een care Dumitru Micu scruteaz\u0103 c\u0103r\u021bi de poezie, proz\u0103, eseistic\u0103, memo\u00adrialistic\u0103, jurnale, studii monografice, sinteze, documentare de istorie literar\u0103.<\/p>\n\n\n\n<p>Un album, o carte de doliu \u0219i un volum de coresponden\u021b\u0103, editate \u00een condi\u021bii grafice deosebite, integral color, contureaz\u0103 personalit\u0103\u021bile artistului plastic Mircia Dumitrescu, a criticului de teatru George Banu \u0219i a eminentului jurist Andrei R\u0103dulescu, fost pre\u0219edinte al Academiei Rom\u00e2ne&nbsp;: \u201e<strong><em>Sculptur\u0103, gravur\u0103, desen, pictur\u0103, tapiserie\u201d <\/em><\/strong>de<strong> Mircia Dumitrescu<\/strong>, \u201e<strong><em>George Banu\u2026 la plecare\u201d.<\/em> Carte de doliu<\/strong> realizat\u0103de <strong>Matei Vi\u015fniec \u0219i Ioan Cristescu <\/strong>\u0219i \u201e<strong>Coresponden\u021b\u0103\u201d <\/strong>de<strong> Andrei R\u0103dulescu<\/strong>, edi\u021bie \u00eengrijit\u0103 de av. dr. Dana Gruia Dufaut, editor \u0219tiin\u021bific: dr. Filica Dr\u0103ghici.&nbsp;&nbsp;<\/p>\n\n\n\n<p>Un nou num\u0103r al revistei \u201eCaietele avangardei\u201d \u0219i volume de critic\u0103 \u0219i istorie literar\u0103 \u00eei a\u0219teapt\u0103 pe pasiona\u021bii de literatur\u0103: \u201e<strong>Panait Istrati de la A la Z \u201d <\/strong>de<strong> Dolores Toma, \u201eCartea despre teatru ascuns\u0103 \u00een opera lui Mircea Eliade <\/strong>sau \u00abIntroducere la o art\u0103 \u0219i tehnic\u0103 dramatic\u0103 potrivit\u0103 timpului nostru\u00bb\u201d de<strong> Anca-Daniela Mihu\u021b<\/strong> \u0219i<strong> \u201eSec\u021biuni critice\u201d de Alexandru Ruja.<\/strong><\/p>\n\n\n\n<p>\u00cen colaborare cu Teatrul Na\u021bional din Bucure\u0219ti, Editura Muzeul Literaturii Rom\u00e2ne lanseaz\u0103 la Bookfest o antologie ce adun\u0103 textele a nou\u0103 autori debutan\u021bi: \u201e<strong>Primul draft\u201d, antologie de dramaturgie <\/strong>semnat\u0103 de Adriana Bordeanu, Ana Cre\u0163u, Tomi Cristin, \u015etefan Iancu, Oana Jindiceanu, Vlad Moszojanu, Cosmin Teodor Pan\u0103, Carla-Maria Teaha, Adelina Toma.<\/p>\n\n\n\n<p>Nu \u00een cele din urm\u0103, celor mai mici cititori \u0219i vizitatori ai muzeului le-am preg\u0103tit primul manual de band\u0103 desenat\u0103 dedicat copiilor semnat de un autor rom\u00e2n: <strong><em>Romanul meu grafic. Caiet de lucru<\/em> <\/strong>de <strong>Mihai Gr\u0103jdeanu<\/strong>. S\u00e2mb\u0103t\u0103, 1 iunie, al\u0103turi de Mihai Gr\u0103jdeanu, de la ora 11, \u00eei a\u0219tept\u0103m la Bookfest pe cei mici, pe care-i invit\u0103m s\u0103 se \u00eenarmeze cu un marker negru \u0219i carioci colorate, ca s\u0103 realiz\u0103m <strong>cea mai lung\u0103 band\u0103 desenat\u0103 inspirat\u0103 din literatura rom\u00e2n\u0103<\/strong>!<\/p>\n\n\n\n<p><em>\u201e\u00cen general, c\u0103r\u021bile de critic\u0103 \u0219i teorie literar\u0103 \u00ee\u0219i fac loc mai rar, poate, \u00een primele rafturi ale libr\u0103riilor autohtone, pentru c\u0103 exist\u0103 o presiunea a v\u00e2nz\u0103rilor care, de multe ori, primeaz\u0103.<\/em><\/p>\n\n\n\n<p><em>A\u0219a c\u0103 ne bucur\u0103m s\u0103 fim prezen\u021bi \u0219i \u00een acest an la Bookfest, aceast\u0103 mare s\u0103rb\u0103toare a c\u0103r\u021bii, pentru a povesti noi pe \u00eendelete despre cele mai recente apari\u021bii editoriale ale Editurii Muzeului Na\u021bional al Literaturii Rom\u00e2ne. Ne bucur\u0103m s\u0103 putem celebra, \u00eenc\u0103 o dat\u0103, cele mai noi c\u0103r\u021bi publicate de noi, al\u0103turi de autorii lor \u0219i al\u0103turi de cititorii care ne urm\u0103resc cu interes.<\/em><\/p>\n\n\n\n<p><em>Una dintre surprizele preg\u0103tite pentru aceast\u0103 edi\u021bie a Bookfest este faptul c\u0103 ne adres\u0103m \u0219i celor mai mici cititori\u201d, <\/em>a declarat <strong>Ioan Cristescu<\/strong>, managerul Muzeului Na\u021bional al Literaturii Rom\u00e2ne.<\/p>\n\n\n\n<hr class=\"wp-block-separator has-alpha-channel-opacity\"\/>\n\n\n\n<p class=\"has-cyan-bluish-gray-background-color has-background\">Edi\u021bia din acest an a <strong>Salonului interna\u021bional de carte Bookfest<\/strong> are loc \u00een perioada 29 mai &#8211; 2 iunie, \u00een Pavilionul B2 al Romexpo. Programul de vizitare: miercuri (29.05), joi (30.05): 10:00-20:00 | vineri (31.05), s\u00e2mb\u0103t\u0103 (01.06): 10:00-21:00 | duminic\u0103 (02.06): 10:00-20:00. Accesul publicului este liber.<\/p>\n","protected":false},"excerpt":{"rendered":"<p>C\u0103r\u021bi-eveniment \u0219i o suit\u0103 de lans\u0103ri \u0219i dezbateri dedicate literaturii rom\u00e2ne<\/p>\n","protected":false},"author":2,"featured_media":10567,"comment_status":"open","ping_status":"closed","sticky":false,"template":"","format":"standard","meta":{"_jetpack_memberships_contains_paid_content":false,"footnotes":""},"categories":[65],"tags":[178,1662,566],"coauthors":[1278],"class_list":["post-10566","post","type-post","status-publish","format-standard","has-post-thumbnail","hentry","category-stiri-si-anunturi","tag-anunturi","tag-bookfest","tag-mnlr"],"jetpack_featured_media_url":"https:\/\/revistafamilia.ro\/wp-content\/uploads\/2024\/05\/comunicat_MNLR_Bookfest_2024.jpg","jetpack_sharing_enabled":true,"_links":{"self":[{"href":"https:\/\/revistafamilia.ro\/index.php?rest_route=\/wp\/v2\/posts\/10566","targetHints":{"allow":["GET"]}}],"collection":[{"href":"https:\/\/revistafamilia.ro\/index.php?rest_route=\/wp\/v2\/posts"}],"about":[{"href":"https:\/\/revistafamilia.ro\/index.php?rest_route=\/wp\/v2\/types\/post"}],"author":[{"embeddable":true,"href":"https:\/\/revistafamilia.ro\/index.php?rest_route=\/wp\/v2\/users\/2"}],"replies":[{"embeddable":true,"href":"https:\/\/revistafamilia.ro\/index.php?rest_route=%2Fwp%2Fv2%2Fcomments&post=10566"}],"version-history":[{"count":1,"href":"https:\/\/revistafamilia.ro\/index.php?rest_route=\/wp\/v2\/posts\/10566\/revisions"}],"predecessor-version":[{"id":10568,"href":"https:\/\/revistafamilia.ro\/index.php?rest_route=\/wp\/v2\/posts\/10566\/revisions\/10568"}],"wp:featuredmedia":[{"embeddable":true,"href":"https:\/\/revistafamilia.ro\/index.php?rest_route=\/wp\/v2\/media\/10567"}],"wp:attachment":[{"href":"https:\/\/revistafamilia.ro\/index.php?rest_route=%2Fwp%2Fv2%2Fmedia&parent=10566"}],"wp:term":[{"taxonomy":"category","embeddable":true,"href":"https:\/\/revistafamilia.ro\/index.php?rest_route=%2Fwp%2Fv2%2Fcategories&post=10566"},{"taxonomy":"post_tag","embeddable":true,"href":"https:\/\/revistafamilia.ro\/index.php?rest_route=%2Fwp%2Fv2%2Ftags&post=10566"},{"taxonomy":"author","embeddable":true,"href":"https:\/\/revistafamilia.ro\/index.php?rest_route=%2Fwp%2Fv2%2Fcoauthors&post=10566"}],"curies":[{"name":"wp","href":"https:\/\/api.w.org\/{rel}","templated":true}]}}