{"id":10559,"date":"2024-05-27T10:56:16","date_gmt":"2024-05-27T07:56:16","guid":{"rendered":"https:\/\/revistafamilia.ro\/?p=10559"},"modified":"2024-05-27T10:56:25","modified_gmt":"2024-05-27T07:56:25","slug":"oradea-se-pregateste-de-fito","status":"publish","type":"post","link":"https:\/\/revistafamilia.ro\/?p=10559","title":{"rendered":"Oradea se preg\u0103te\u0219te de FITO"},"content":{"rendered":"\n<p><strong>Teatrul Regina Maria anun\u021b\u0103 cu bucurie desf\u0103\u0219urarea celei de-a IX-a edi\u021bii a Festivalului Interna\u021bional de Teatru Oradea, care va avea loc \u00een perioada 1-9 iunie 2024. Evenimentul este organizat \u00een parteneriat cu <a>Consiliul Jude\u021bean Bihor, <\/a>Funda\u021bia Cultural\u0103 FITO \u0219i Prim\u0103ria Municipiului Oradea.<\/strong><\/p>\n\n\n\n<p>Spectatorii bihoreni, dar \u0219i turi\u0219tii care viziteaz\u0103 la \u00eenceputul lunii iunie Oradea sunt invita\u021bi s\u0103 se bucure de 9 zile intense de teatru, \u00een care vor avea ocazia s\u0103 vizioneze 27 de spectacole de la teatre renumite din \u00eentreaga \u021bar\u0103 \u0219i de peste grani\u021b\u0103, dou\u0103 concerte, dar \u0219i s\u0103 participe la o cafenea literar\u0103 \u0219i la discu\u021bii despre teatru.<\/p>\n\n\n\n<p>Anul acesta Festivalul Interna\u021bional de Teatru Oradea va cuprinde trei mari sec\u021biuni: sec\u021biunea <strong>Concurs \u2013<\/strong> <strong>Festivalul de Teatru Scurt<\/strong>, Sec\u021biunea <strong>Spectacole Invitate \u2013 Off Concurs<\/strong> \u0219i sec\u021biunea <strong>Outdoor<\/strong>.<\/p>\n\n\n\n<p><strong>Festivalul de Teatru Scurt<\/strong> este o manifestare cultural\u0103 unic\u0103 \u00een peisajul teatral rom\u00e2nesc, prima edi\u021bie a avut loc \u00een anul 1976. P\u00e2n\u0103 \u00een anul 2013, c\u00e2nd a fost creat conceptul FITO, care a fost g\u00e2ndit ca un eveniment mai amplu, a func\u021bionat ca un festival de sine st\u0103t\u0103tor. Din 2013 a devenit sec\u021biunea principal\u0103 a Festivalului Interna\u021bional de Teatru Oradea \u0219i are caracter competitiv. Anul acesta a ajuns la edi\u021bia cu num\u0103rul XXVII \u0219i cuprinde un num\u0103r de 19 spectacole care vor concura pentru cele cinci premii acordate de c\u0103te juriu. Selec\u021bia a fost realizat\u0103 de c\u0103tre Conducerea Teatrului Regina Maria, iar juriul este format din trei personalit\u0103\u021bi ale lumii teatrale, \u0219i anume: regizorul Bobi Pricop, actri\u021ba Cosmina Stratan \u0219i scenografa Irina Moscu. &nbsp;<\/p>\n\n\n\n<p>Sec\u021biunea <strong>Spectacole Invitate \u2013 Off Concurs<\/strong> este dedicat\u0103 \u00een special or\u0103denilor \u0219i aduce \u00een fa\u021ba spectatorilor 3 produc\u021bii excep\u021bionale, care poart\u0103 semn\u0103tura a trei dintre marile personalit\u0103\u021bi ale lumii teatrale autohtone: \u201eNelini\u0219te\u201d \u00een regia lui Bobi Pricop; \u201eTzuki \u0219i Tati\u201d, un spectacol de Florin Piersic Jr. \u0219i \u201eTrilogia memoriei\u201d \u00een regia lui Radu Afrim.<\/p>\n\n\n\n<p>De asemenea, dimensiunea interna\u021bional\u0103 de anul acesta a festivalului include spectacole din Ungaria \u0219i Polonia, care se vor juca at\u00e2t \u00een cadrul sec\u021biunii Festivalul de Teatru Scurt, c\u00e2t \u0219i \u00een cadrul sec\u021biunii Off Concurs. Teatrul Na\u021bional Csokonai din Debrecen concureaz\u0103 cu spectacolul \u201eNincstelenek\/ Deposeda\u021bi\u201d, iar Teatrul J\u00f3kai din B\u00e9k\u00e9scsaba cu spectacolul \u201eAz \u00d6lt\u00f6ztet\u0151t\/ Cabinierul\u201d; Teatri Polski Bydgoszcz ne invit\u0103 s\u0103 rememor\u0103m momentele de final ale regimului comunist prin spectacolul \u201eThe Last Days of Elena and Nicolae Ceau\u0219escu\u201d.<\/p>\n\n\n\n<figure data-wp-context=\"{&quot;imageId&quot;:&quot;69f594a029a03&quot;}\" data-wp-interactive=\"core\/image\" data-wp-key=\"69f594a029a03\" class=\"wp-block-image alignfull size-large wp-lightbox-container\"><img loading=\"lazy\" decoding=\"async\" width=\"717\" height=\"1024\" data-wp-class--hide=\"state.isContentHidden\" data-wp-class--show=\"state.isContentVisible\" data-wp-init=\"callbacks.setButtonStyles\" data-wp-on--click=\"actions.showLightbox\" data-wp-on--load=\"callbacks.setButtonStyles\" data-wp-on-window--resize=\"callbacks.setButtonStyles\" src=\"https:\/\/revistafamilia.ro\/wp-content\/uploads\/2024\/05\/Program-FITO-717x1024.jpeg\" alt=\"\" class=\"wp-image-10562\" srcset=\"https:\/\/revistafamilia.ro\/wp-content\/uploads\/2024\/05\/Program-FITO-717x1024.jpeg 717w, https:\/\/revistafamilia.ro\/wp-content\/uploads\/2024\/05\/Program-FITO-210x300.jpeg 210w, https:\/\/revistafamilia.ro\/wp-content\/uploads\/2024\/05\/Program-FITO-768x1097.jpeg 768w, https:\/\/revistafamilia.ro\/wp-content\/uploads\/2024\/05\/Program-FITO-1075x1536.jpeg 1075w, https:\/\/revistafamilia.ro\/wp-content\/uploads\/2024\/05\/Program-FITO-480x686.jpeg 480w, https:\/\/revistafamilia.ro\/wp-content\/uploads\/2024\/05\/Program-FITO.jpeg 1120w\" sizes=\"auto, (max-width: 717px) 100vw, 717px\" \/><button\n\t\t\tclass=\"lightbox-trigger\"\n\t\t\ttype=\"button\"\n\t\t\taria-haspopup=\"dialog\"\n\t\t\taria-label=\"Extinde\"\n\t\t\tdata-wp-init=\"callbacks.initTriggerButton\"\n\t\t\tdata-wp-on--click=\"actions.showLightbox\"\n\t\t\tdata-wp-style--right=\"state.imageButtonRight\"\n\t\t\tdata-wp-style--top=\"state.imageButtonTop\"\n\t\t>\n\t\t\t<svg xmlns=\"http:\/\/www.w3.org\/2000\/svg\" width=\"12\" height=\"12\" fill=\"none\" viewBox=\"0 0 12 12\">\n\t\t\t\t<path fill=\"#fff\" d=\"M2 0a2 2 0 0 0-2 2v2h1.5V2a.5.5 0 0 1 .5-.5h2V0H2Zm2 10.5H2a.5.5 0 0 1-.5-.5V8H0v2a2 2 0 0 0 2 2h2v-1.5ZM8 12v-1.5h2a.5.5 0 0 0 .5-.5V8H12v2a2 2 0 0 1-2 2H8Zm2-12a2 2 0 0 1 2 2v2h-1.5V2a.5.5 0 0 0-.5-.5H8V0h2Z\" \/>\n\t\t\t<\/svg>\n\t\t<\/button><\/figure>\n\n\n\n<p>Sec\u021biunea <strong>Outdoor<\/strong> vine cu o surpriz\u0103 de zile mari. Pe l\u00e2ng\u0103 spectacolele stradale de teatru, care vor avea loc \u00een Pasajul Vulturul Negru (\u201ePictorul de pancarte\u201d \u2013 5 iunie) \u0219i la Cetatea Oradea (\u201eCe abureal\u0103 nemaipomenit\u0103!\u201d \u2013 4 iunie; \u201eHellequin\u201d \u2013 8 iunie) av\u00e2nd intrarea gratuit\u0103, publicul este invitat \u00een 7 iunie, de la ora 21:00, \u00een Pia\u021ba Unirii, la un concert de jazz, \u00een care vor c\u00e2nta trupele VanDerCris \u0219i Balkan Union.<\/p>\n\n\n\n<p>De asemenea, spectatorii vor avea parte de dou\u0103 noi premiere ale Teatrului Regina Maria: \u201eEu pentru cine votez?\u201d, scenariu \u0219i regia de Gavriil Pinte, un spectacol itinerant, care se va juca \u00een datele de 1 \u0219i 6 iunie, de la ora 19:00, pornind din Pia\u021ba Unirii, respectiv \u201ePiciul\u201d, un musical \u00een 2 acte, emo\u021bionant \u0219i comic totodat\u0103, creat \u00een amintirea lui Charlie Chaplin, sub \u00eendrumarea regizoral\u0103 a lui Halasy Imre, care se va juca \u00een data de 2 iunie, de la ora 19:00, la Sala Mare a Teatrului.<\/p>\n\n\n\n<p>\u0218i anul acesta \u00ee\u0219i dau \u00eent\u00e2lnire la Oradea nume mari ale teatrului rom\u00e2nesc, dintre care \u00eei amintim pe actorii Marius Bodochi, Florin Piersic Jr., Dorina Laz\u0103r, Emilian Oprea sau Alexandru Papadopol, dar \u0219i regizori, critici \u0219i directori de teatru.<\/p>\n\n\n\n<p>Mul\u021bumim tuturor celor care sunt al\u0103turi de noi: parteneri &#8211; Prim\u0103ria Oradea, partener de mobilitate &#8211; D&amp;C, sponsori \u2013 Liberte, Good Israel, Bers Nova, Leonidas, Flor\u0103ria Je T`aime, Rotary Art Nouveau, Editura RetR, NRGO, OTL, SemiramiS Bistro, Restaurant Cofet\u0103rie La Teatru, European Drinks, Druga\u0219 Club, Ideart, parteneri Media \u2013 Radio Transilvania, Radio Rom\u00e2nia Actualit\u0103\u021bi, Bihoreanul, Cotidianul Cri\u0219ana, Jurnal Bihorean, Bihon, Revista Zile \u0219i Nop\u021bi, Bihor\u0219tiri, Evenimente Oradea, Agerpres, Oradea \u00een Direct, Ale\u0219d Online, InfoOradea, UZP Bihor, Utopium, Ovi Dan.<\/p>\n\n\n\n<p>Biletele sunt puse \u00een v\u00e2nzare la <a href=\"https:\/\/www.teatrulreginamaria.ro\/ro\/bilete\">Agen\u021bia Teatrului <\/a>sau online pe <a href=\"https:\/\/www.eventim.ro\/ro\/artist\/teatrul-regina-maria-2128\/profile.html\">Eventim.ro<\/a>. Pentru informa\u021bii suplimentare \u0219i rezerv\u0103ri de bilete, v\u0103 invit\u0103m s\u0103 suna\u021bi la num\u0103rul de telefon: 0359.452.324.<\/p>\n\n\n\n<p>V\u0103 a\u0219tept\u0103m cu drag la FITO!<\/p>\n","protected":false},"excerpt":{"rendered":"<p>Festivalul Interna\u021bional de Teatru Oradea | 1-9 iunie 2024<\/p>\n","protected":false},"author":2,"featured_media":10560,"comment_status":"open","ping_status":"closed","sticky":false,"template":"","format":"standard","meta":{"_jetpack_memberships_contains_paid_content":false,"footnotes":""},"categories":[65],"tags":[178,1695,2143],"coauthors":[1278],"class_list":["post-10559","post","type-post","status-publish","format-standard","has-post-thumbnail","hentry","category-stiri-si-anunturi","tag-anunturi","tag-festivalul-international-de-teatru-oradea","tag-fito"],"jetpack_featured_media_url":"https:\/\/revistafamilia.ro\/wp-content\/uploads\/2024\/05\/Afis-general.jpeg","jetpack_sharing_enabled":true,"_links":{"self":[{"href":"https:\/\/revistafamilia.ro\/index.php?rest_route=\/wp\/v2\/posts\/10559","targetHints":{"allow":["GET"]}}],"collection":[{"href":"https:\/\/revistafamilia.ro\/index.php?rest_route=\/wp\/v2\/posts"}],"about":[{"href":"https:\/\/revistafamilia.ro\/index.php?rest_route=\/wp\/v2\/types\/post"}],"author":[{"embeddable":true,"href":"https:\/\/revistafamilia.ro\/index.php?rest_route=\/wp\/v2\/users\/2"}],"replies":[{"embeddable":true,"href":"https:\/\/revistafamilia.ro\/index.php?rest_route=%2Fwp%2Fv2%2Fcomments&post=10559"}],"version-history":[{"count":2,"href":"https:\/\/revistafamilia.ro\/index.php?rest_route=\/wp\/v2\/posts\/10559\/revisions"}],"predecessor-version":[{"id":10565,"href":"https:\/\/revistafamilia.ro\/index.php?rest_route=\/wp\/v2\/posts\/10559\/revisions\/10565"}],"wp:featuredmedia":[{"embeddable":true,"href":"https:\/\/revistafamilia.ro\/index.php?rest_route=\/wp\/v2\/media\/10560"}],"wp:attachment":[{"href":"https:\/\/revistafamilia.ro\/index.php?rest_route=%2Fwp%2Fv2%2Fmedia&parent=10559"}],"wp:term":[{"taxonomy":"category","embeddable":true,"href":"https:\/\/revistafamilia.ro\/index.php?rest_route=%2Fwp%2Fv2%2Fcategories&post=10559"},{"taxonomy":"post_tag","embeddable":true,"href":"https:\/\/revistafamilia.ro\/index.php?rest_route=%2Fwp%2Fv2%2Ftags&post=10559"},{"taxonomy":"author","embeddable":true,"href":"https:\/\/revistafamilia.ro\/index.php?rest_route=%2Fwp%2Fv2%2Fcoauthors&post=10559"}],"curies":[{"name":"wp","href":"https:\/\/api.w.org\/{rel}","templated":true}]}}